{"id":1442,"date":"2017-10-31T08:50:48","date_gmt":"2017-10-31T11:50:48","guid":{"rendered":"http:\/\/www.p22on.com.br\/?p=1442"},"modified":"2022-02-22T10:52:40","modified_gmt":"2022-02-22T13:52:40","slug":"contra-os-modismos-vamos-aos-fundamentos","status":"publish","type":"post","link":"https:\/\/www.p22on.com.br\/2017\/10\/31\/contra-os-modismos-vamos-aos-fundamentos\/","title":{"rendered":"Contra os modismos, vamos aos fundamentos"},"content":{"rendered":"<p><em>Por Am\u00e1lia Safatle<\/em><\/p>\n<p>A express\u00e3o \u201cmoda sustent\u00e1vel\u201d est\u00e1 na moda e vem sendo propagada a torto e a direito. Dizem, por exemplo, que uma camiseta de algod\u00e3o \u00e9 mais sustent\u00e1vel que a de poli\u00e9ster. Ser\u00e1 mesmo?<\/p>\n<p>Um olhar mais cuidadoso levanta uma s\u00e9rie de pontos e mostra que n\u00e3o h\u00e1 resposta simples para quest\u00f5es complexas. Quais crit\u00e9rios estamos levando em conta? Que medidas devem usadas para aferir o grau de sustentabilidade de um determinado produto ou processo? Como isso pode ser comprovado?<\/p>\n<p>Nada como um pouco de fundamenta\u00e7\u00e3o te\u00f3rica para lidar com os modismos. Vamos come\u00e7ar com o Pensamento de Ciclo de Vida, um conceito que ajuda as pessoas a pensar de forma mais sist\u00eamica sobre os impactos que cada produto gera, desde a extra\u00e7\u00e3o da mat\u00e9ria-prima at\u00e9 o descarte, passando pela produ\u00e7\u00e3o e pela sua utiliza\u00e7\u00e3o pelo consumidor.<\/p>\n<p>Voltando \u00e0 quest\u00e3o da camiseta \u2013 qual das duas \u00e9 mais sustent\u00e1vel? \u2013, o Pensamento de Ciclo de Vida nos levaria a responder: \u201cDepende&#8230;\u201d<\/p>\n<p>O fato de o algod\u00e3o ser uma fibra natural e, portanto, renov\u00e1vel, enquanto o poli\u00e9ster prov\u00e9m do petr\u00f3leo, n\u00e3o \u00e9 suficiente para concluir que a primeira \u00e9 menos impactante que a segunda. Isso porque muitas outras vari\u00e1veis entram nessa equa\u00e7\u00e3o, como explica Ricardo Dinato, pesquisador do Ciclo de Vida Aplicado (CiViA), uma iniciativa do Centro de Estudos em Sustentabilidade da FGV-Eaesp (<em>assista a <a href=\"http:\/\/www.p22on.com.br\/2017\/10\/30\/videoaula-pensamento-de-ciclo-de-vida\/\" target=\"_blank\" rel=\"noopener\">videoaula aqui<\/a><\/em>).<\/p>\n<p>Segundo Dinato, a avalia\u00e7\u00e3o do impacto depende do aspecto que ser\u00e1 levado em conta. Estamos falando da gera\u00e7\u00e3o de res\u00edduos do produto descartado? Do consumo de \u00e1gua na obten\u00e7\u00e3o da mat\u00e9ria-prima? Do gasto de energia na produ\u00e7\u00e3o da camiseta? Do uso de agrot\u00f3xicos no cultivo do algod\u00e3o convencional? Da finitude dos recursos naturais utilizados? Da emiss\u00e3o de carbono? Sob o aspecto do consumo de \u00e1gua, a camiseta de poli\u00e9ster pode ser mais vantajosa. J\u00e1 considerando a extra\u00e7\u00e3o de recursos naturais, a de algod\u00e3o ganha.<\/p>\n<p>Al\u00e9m disso, \u00e9 preciso analisar esses fatores considerando cada uma das fases de vida do produto, desde o \u201cnascimento\u201d \u2013 a extra\u00e7\u00e3o da mat\u00e9ria-prima \u2013 at\u00e9 a \u201cmorte\u201d \u2013 o momento em que o produto perde sua fun\u00e7\u00e3o, quando \u00e9 descartado ou d\u00e1 in\u00edcio a outro ciclo de vida. (Isso acontece, por exemplo, quando a camiseta perde sua fun\u00e7\u00e3o e passa a ser usada como pano de ch\u00e3o, dando in\u00edcio ao ciclo de vida do pano de ch\u00e3o.)<\/p>\n<p>Entre as etapas da vida de um produto, o pesquisador chama aten\u00e7\u00e3o para a do uso, que concentra a maior parte do impacto \u2013 no caso da moda, envolve a hora de lavar, secar e passar a roupa. E isso tamb\u00e9m varia muito, conforme os h\u00e1bitos do consumidor e at\u00e9 mesmo a regi\u00e3o onde mora.<\/p>\n<p>Sob o ponto de vista do consumo de energia, a camiseta de algod\u00e3o gera maior impacto que a de poli\u00e9ster para quem tem o costume de passar roupas, pois amassa bem mais. Na Regi\u00e3o Sul, em que se usa muito a secadora devido ao clima frio e \u00famido, esse impacto aumenta. J\u00e1 para quem mora no Nordeste, tende a ser indiferente, pois tanto a de poli\u00e9ster quanto a de algod\u00e3o secam rapidamente.<\/p>\n<p>Uma roupa branca de algod\u00e3o tende a impactar mais que uma escura de poli\u00e9ster, pensando no no consumo de \u00e1gua nas lavagens \u2013 a roupa clara \u201csuja\u201d mais \u2013 e na consequente polui\u00e7\u00e3o dos corpos d\u2019\u00e1gua por sab\u00e3o, detergente e amaciante. J\u00e1 no caso de tecidos sint\u00e9ticos, \u00e9 preciso considerar as microfibras de pl\u00e1stico que se soltam a cada lavagem e v\u00e3o parar em rios e oceanos, gerando uma contamina\u00e7\u00e3o crescente, ainda que invis\u00edvel.<\/p>\n<p>Como se v\u00ea, h\u00e1 muitas vari\u00e1veis em jogo. Existe uma ferramenta para medir os diversos impactos \u2013 n\u00e3o somente os de ordem ambiental, mas tamb\u00e9m social e econ\u00f4mica. Trata-se da Avalia\u00e7\u00e3o de Ciclo de Vida (ACV), o instrumento do Pensamento de Ciclo de Vida destinado a fazer as contas na ponta no l\u00e1pis, e que vem sendo adotado por algumas empresas para orientar a otimiza\u00e7\u00e3o de processos e redu\u00e7\u00e3o de impactos.<\/p>\n<p>Mas o consumidor, sozinho, vai fazer essas contas a cada decis\u00e3o de compra, uso e descarte do produto? Certamente, n\u00e3o. Por isso, o melhor a fazer, segundo Dinato, \u00e9 ampliar ao m\u00e1ximo a etapa de uso do produto. Estender a vida \u00fatil contribui para \u201cdiluir\u201d ao longo do tempo os impactos gerados na produ\u00e7\u00e3o e no descarte.<\/p>\n<p>Al\u00e9m de preferir pe\u00e7as de grande durabilidade no lugar da <em>fast fashion<\/em>, outra dica \u00e9 buscar aquelas que sujam menos, secam r\u00e1pido, n\u00e3o precisam ser lavadas em \u00e1gua quente e dispensam o ferro de passar. Algumas dessas informa\u00e7\u00f5es podem ser facilmente encontradas na etiqueta da roupa. Adotando esses cuidados que o Pensamento de Ciclo de Vida inspira, \u00e9 poss\u00edvel poupar recursos h\u00eddricos e energia, reduzindo tamb\u00e9m a polui\u00e7\u00e3o das \u00e1guas e a emiss\u00e3o de carbono (<em>confira mais <a href=\"http:\/\/www.p22on.com.br\/2017\/10\/29\/dicas-para-um-consumo-mais-consciente\/\" target=\"_blank\" rel=\"noopener\">dicas para um consumo consciente<\/a><\/em>).<\/p>\n<figure id=\"attachment_1504\" aria-describedby=\"caption-attachment-1504\" style=\"width: 800px\" class=\"wp-caption alignnone\"><a href=\"http:\/\/www.p22on.com.br\/wp-content\/uploads\/2017\/10\/Igor-Ovsyannykov-Unsplash.jpg\"><img loading=\"lazy\" decoding=\"async\" class=\"wp-image-1504 size-large\" src=\"http:\/\/www.p22on.com.br\/wp-content\/uploads\/2017\/10\/Igor-Ovsyannykov-Unsplash-1024x683.jpg\" alt=\"Foto: Igor Ovsyannykov \/ Unsplash\" width=\"800\" height=\"534\" srcset=\"https:\/\/www.p22on.com.br\/wp-content\/uploads\/2017\/10\/Igor-Ovsyannykov-Unsplash-1024x683.jpg 1024w, https:\/\/www.p22on.com.br\/wp-content\/uploads\/2017\/10\/Igor-Ovsyannykov-Unsplash-300x200.jpg 300w, https:\/\/www.p22on.com.br\/wp-content\/uploads\/2017\/10\/Igor-Ovsyannykov-Unsplash-1440x960.jpg 1440w\" sizes=\"(max-width: 800px) 100vw, 800px\" \/><\/a><figcaption id=\"caption-attachment-1504\" class=\"wp-caption-text\">Foto: Igor Ovsyannykov \/ Unsplash<\/figcaption><\/figure>\n<p><strong>Linha <em>versus<\/em> c\u00edrculo<\/strong><\/p>\n<p>Outra vertente importante \u00e9 o conceito de Economia Circular, que trabalha com a ideia de ciclo fechado, valendo-se do re\u00faso, da reciclagem e da remanufatura. Em vez de \u201cnascimento\u201d e \u201cmorte\u201d, a Economia Circular adota o \u201cber\u00e7o ao ber\u00e7o\u201d (<em>cradle to cradle<\/em>), sem que haja descarte de res\u00edduos no processo. No caso de uma roupa que n\u00e3o sirva mais, o tecido \u00e9 desfibrado, dando origem a um novo fio que compor\u00e1 uma nova pe\u00e7a (<em>assista ao <\/em><a href=\"http:\/\/pagina22.com.br\/2017\/02\/08\/o-papel-do-brasil-na-economia-circular-segundo-michael-braungart\/\" target=\"_blank\" rel=\"noopener\"><em>v\u00eddeo<\/em><\/a><em> e leia <\/em><a href=\"http:\/\/pagina22.com.br\/2016\/12\/23\/pensar-antes-produzir-depois\/\" target=\"_blank\" rel=\"noopener\"><em>entrevista<\/em><\/a><em> com Michael Braungart, um dos criadores do conceito, sobre o papel do Brasil na Economia Circular<\/em>).<\/p>\n<p>Embora Pensamento de Ciclo de Vida e Economia Circular proponham abordagens diferentes para endere\u00e7ar a quest\u00e3o da sustentabilidade, Dinato acredita que possam ser complementares, na medida em que a ACV contribui com uma metodologia para c\u00e1lculos.<\/p>\n<p>O senso comum indica que reciclar \u00e9 ben\u00e9fico, mas \u00e9 preciso lembrar que todo processo \u2013 inclusive o de reciclagem \u2013 causa impactos, e \u00e9 preciso medi-los para se ter certeza de que vale a mesmo pena. \u201cDependendo do gasto de energia que a circularidade requer, pode ser que seja menos impactante descartar o produto em um aterro\u201d, exemplifica.<\/p>\n<p>Para Lu\u00edsa Santiago, que lidera no Brasil a rede de Economia Circular da Ellen MacArthur Foundation, o \u201clixo \u00e9 um erro de <em>design<\/em>\u201d. Por isso, o desenho do produto, incluindo a escolha dos materiais e suas propriedades de reciclagem e biodegrada\u00e7\u00e3o, \u00e9 fundamental para que a circularidade seja vi\u00e1vel e fa\u00e7a sentido, dando origem a novos produtos ou retornando ao ciclo natural da biosfera de forma segura.<\/p>\n<p>A ind\u00fastria da moda entrou na mira da Ellen MacArthur \u2013 at\u00e9 porque a americana Nike e a sueca H&amp;M passaram a integrar o time de parceiros globais da organiza\u00e7\u00e3o. Neste m\u00eas de novembro, a funda\u00e7\u00e3o deve lan\u00e7ar um amplo estudo sobre vestu\u00e1rio. O setor, segundo Santiago, \u00e9 considerado um dos mais \u201clineares\u201d que existem, gra\u00e7as \u00e0 <em>fast fashion<\/em>, baseada em extra\u00e7\u00e3o e descarte r\u00e1pidos. Somente 1% do material empregado no setor de vestu\u00e1rio retorna ao ciclo de produ\u00e7\u00e3o na forma de insumo.<\/p>\n<p>O primeiro setor objeto de um estudo de peso da Ellen MacArthur, tamb\u00e9m por sua caracter\u00edstica bastante linear, foi o de embalagens pl\u00e1sticas, que originou uma iniciativa sist\u00eamica promovida pela funda\u00e7\u00e3o.<\/p>\n<p>Por meio de iniciativas como esta, a ideia \u00e9 implementar a\u00e7\u00f5es entre os CEO das maiores empresas do setor, influenciando a ado\u00e7\u00e3o de pr\u00e1ticas inovadoras da Economia Circular, a exemplo dos processos de reciclagem que d\u00e3o origem a produtos de alto valor.<\/p>\n<p>Como modelos de <em>ecodesign<\/em>, ela cita a linha de camisetas com certificado <em>cradle to cradle<\/em> da C&amp;A, desenhadas para serem reutilizadas e recicladas; as Lojas Renner, que tem reintegrado sobras t\u00eaxteis em seus processos produtivos; e a <a href=\"http:\/\/www.euroroma.com.br\/home\" target=\"_blank\" rel=\"noopener\">Eurofios<\/a>, que tece fios e barbantes com a reutiliza\u00e7\u00e3o de res\u00edduos, sem precisar de novo tingimento, entre outros casos. \u201cJ\u00e1 existe um movimento acontecendo na dire\u00e7\u00e3o da Economia Circular\u201d, afirma.<\/p>\n<p>Segundo Dinato, da CiViA, quando um produto \u00e9 previamente desenhado para a circularidade, \u00e9 prov\u00e1vel que haja benef\u00edcios. Mas, para se ter certeza e para mensur\u00e1-los, s\u00f3 mesmo calculando.<\/p>\n","protected":false},"excerpt":{"rendered":"<p>Por Am\u00e1lia Safatle A express\u00e3o \u201cmoda sustent\u00e1vel\u201d est\u00e1 na moda e vem sendo propagada a torto e a direito. Dizem, por exemplo, que uma camiseta de algod\u00e3o \u00e9 mais sustent\u00e1vel que a de poli\u00e9ster. Ser\u00e1 mesmo? Um olhar mais cuidadoso levanta uma s\u00e9rie de pontos e mostra que n\u00e3o h\u00e1 resposta simples para quest\u00f5es complexas. [&hellip;]<\/p>\n","protected":false},"author":3,"featured_media":1520,"comment_status":"closed","ping_status":"closed","sticky":false,"template":"","format":"standard","meta":{"footnotes":""},"categories":[1417],"tags":[1386,43,815,1383,906,1381,1379,1382,1336,862,905,1384,1380,1370,1385,904,1378],"yoast_head":"<!-- This site is optimized with the Yoast SEO plugin v21.5 - https:\/\/yoast.com\/wordpress\/plugins\/seo\/ -->\n<title>Contra os modismos, vamos aos fundamentos<\/title>\n<meta name=\"description\" content=\"Por Am\u00e1lia Safatle A express\u00e3o \u201cmoda sustent\u00e1vel\u201d est\u00e1 na moda e vem sendo propagada a torto e a direito. Dizem, por exemplo, que uma camiseta de algod\u00e3o \u00e9 mais sustent\u00e1vel que a de poli\u00e9ster. Ser\u00e1 mesmo? Um olhar mais cuidadoso levanta uma s\u00e9rie de pontos e mostra que n\u00e3o h\u00e1 resposta simples para quest\u00f5es complexas.&hellip;\" \/>\n<meta name=\"robots\" content=\"index, follow, max-snippet:-1, max-image-preview:large, max-video-preview:-1\" \/>\n<link rel=\"canonical\" href=\"https:\/\/www.p22on.com.br\/2017\/10\/31\/contra-os-modismos-vamos-aos-fundamentos\/\" \/>\n<meta property=\"og:locale\" content=\"en_US\" \/>\n<meta property=\"og:type\" content=\"article\" \/>\n<meta property=\"og:title\" content=\"Contra os modismos, vamos aos fundamentos\" \/>\n<meta property=\"og:description\" content=\"Por Am\u00e1lia Safatle A express\u00e3o \u201cmoda sustent\u00e1vel\u201d est\u00e1 na moda e vem sendo propagada a torto e a direito. Dizem, por exemplo, que uma camiseta de algod\u00e3o \u00e9 mais sustent\u00e1vel que a de poli\u00e9ster. Ser\u00e1 mesmo? Um olhar mais cuidadoso levanta uma s\u00e9rie de pontos e mostra que n\u00e3o h\u00e1 resposta simples para quest\u00f5es complexas.&hellip;\" \/>\n<meta property=\"og:url\" content=\"https:\/\/www.p22on.com.br\/2017\/10\/31\/contra-os-modismos-vamos-aos-fundamentos\/\" \/>\n<meta property=\"og:site_name\" content=\"P22_ON\" \/>\n<meta property=\"article:publisher\" content=\"https:\/\/www.facebook.com\/p22on\" \/>\n<meta property=\"article:published_time\" content=\"2017-10-31T11:50:48+00:00\" \/>\n<meta property=\"article:modified_time\" content=\"2022-02-22T13:52:40+00:00\" \/>\n<meta property=\"og:image\" content=\"https:\/\/www.p22on.com.br\/wp-content\/uploads\/2017\/10\/JasonHargroveFlickr.jpg\" \/>\n\t<meta property=\"og:image:width\" content=\"1028\" \/>\n\t<meta property=\"og:image:height\" content=\"684\" \/>\n\t<meta property=\"og:image:type\" content=\"image\/jpeg\" \/>\n<meta name=\"author\" content=\"P\u00e1gina22\" \/>\n<meta name=\"twitter:card\" content=\"summary_large_image\" \/>\n<meta name=\"twitter:creator\" content=\"@p22on\" \/>\n<meta name=\"twitter:site\" content=\"@p22on\" \/>\n<meta name=\"twitter:label1\" content=\"Written by\" \/>\n\t<meta name=\"twitter:data1\" content=\"P\u00e1gina22\" \/>\n\t<meta name=\"twitter:label2\" content=\"Est. reading time\" \/>\n\t<meta name=\"twitter:data2\" content=\"7 minutes\" \/>\n<script type=\"application\/ld+json\" class=\"yoast-schema-graph\">{\"@context\":\"https:\/\/schema.org\",\"@graph\":[{\"@type\":\"WebPage\",\"@id\":\"https:\/\/www.p22on.com.br\/2017\/10\/31\/contra-os-modismos-vamos-aos-fundamentos\/\",\"url\":\"https:\/\/www.p22on.com.br\/2017\/10\/31\/contra-os-modismos-vamos-aos-fundamentos\/\",\"name\":\"Contra os modismos, vamos aos fundamentos - P22_ON\",\"isPartOf\":{\"@id\":\"https:\/\/www.p22on.com.br\/#website\"},\"datePublished\":\"2017-10-31T11:50:48+00:00\",\"dateModified\":\"2022-02-22T13:52:40+00:00\",\"author\":{\"@id\":\"https:\/\/www.p22on.com.br\/#\/schema\/person\/7fc895a9bd2ec411fd1454b133e7b0da\"},\"breadcrumb\":{\"@id\":\"https:\/\/www.p22on.com.br\/2017\/10\/31\/contra-os-modismos-vamos-aos-fundamentos\/#breadcrumb\"},\"inLanguage\":\"en-US\",\"potentialAction\":[{\"@type\":\"ReadAction\",\"target\":[\"https:\/\/www.p22on.com.br\/2017\/10\/31\/contra-os-modismos-vamos-aos-fundamentos\/\"]}]},{\"@type\":\"BreadcrumbList\",\"@id\":\"https:\/\/www.p22on.com.br\/2017\/10\/31\/contra-os-modismos-vamos-aos-fundamentos\/#breadcrumb\",\"itemListElement\":[{\"@type\":\"ListItem\",\"position\":1,\"name\":\"In\u00edcio\",\"item\":\"https:\/\/www.p22on.com.br\/\"},{\"@type\":\"ListItem\",\"position\":2,\"name\":\"Contra os modismos, vamos aos fundamentos\"}]},{\"@type\":\"WebSite\",\"@id\":\"https:\/\/www.p22on.com.br\/#website\",\"url\":\"https:\/\/www.p22on.com.br\/\",\"name\":\"P22_ON\",\"description\":\"\",\"potentialAction\":[{\"@type\":\"SearchAction\",\"target\":{\"@type\":\"EntryPoint\",\"urlTemplate\":\"https:\/\/www.p22on.com.br\/?s={search_term_string}\"},\"query-input\":\"required name=search_term_string\"}],\"inLanguage\":\"en-US\"},{\"@type\":\"Person\",\"@id\":\"https:\/\/www.p22on.com.br\/#\/schema\/person\/7fc895a9bd2ec411fd1454b133e7b0da\",\"name\":\"P\u00e1gina22\",\"image\":{\"@type\":\"ImageObject\",\"inLanguage\":\"en-US\",\"@id\":\"https:\/\/www.p22on.com.br\/#\/schema\/person\/image\/\",\"url\":\"https:\/\/secure.gravatar.com\/avatar\/75bff9c570b228ec0455ff0788a3e2f4?s=96&d=mm&r=g\",\"contentUrl\":\"https:\/\/secure.gravatar.com\/avatar\/75bff9c570b228ec0455ff0788a3e2f4?s=96&d=mm&r=g\",\"caption\":\"P\u00e1gina22\"},\"url\":\"https:\/\/www.p22on.com.br\/author\/pagina22\/\"}]}<\/script>\n<!-- \/ Yoast SEO plugin. -->","yoast_head_json":{"title":"Contra os modismos, vamos aos fundamentos","description":"Por Am\u00e1lia Safatle A express\u00e3o \u201cmoda sustent\u00e1vel\u201d est\u00e1 na moda e vem sendo propagada a torto e a direito. Dizem, por exemplo, que uma camiseta de algod\u00e3o \u00e9 mais sustent\u00e1vel que a de poli\u00e9ster. Ser\u00e1 mesmo? Um olhar mais cuidadoso levanta uma s\u00e9rie de pontos e mostra que n\u00e3o h\u00e1 resposta simples para quest\u00f5es complexas.&hellip;","robots":{"index":"index","follow":"follow","max-snippet":"max-snippet:-1","max-image-preview":"max-image-preview:large","max-video-preview":"max-video-preview:-1"},"canonical":"https:\/\/www.p22on.com.br\/2017\/10\/31\/contra-os-modismos-vamos-aos-fundamentos\/","og_locale":"en_US","og_type":"article","og_title":"Contra os modismos, vamos aos fundamentos","og_description":"Por Am\u00e1lia Safatle A express\u00e3o \u201cmoda sustent\u00e1vel\u201d est\u00e1 na moda e vem sendo propagada a torto e a direito. Dizem, por exemplo, que uma camiseta de algod\u00e3o \u00e9 mais sustent\u00e1vel que a de poli\u00e9ster. Ser\u00e1 mesmo? Um olhar mais cuidadoso levanta uma s\u00e9rie de pontos e mostra que n\u00e3o h\u00e1 resposta simples para quest\u00f5es complexas.&hellip;","og_url":"https:\/\/www.p22on.com.br\/2017\/10\/31\/contra-os-modismos-vamos-aos-fundamentos\/","og_site_name":"P22_ON","article_publisher":"https:\/\/www.facebook.com\/p22on","article_published_time":"2017-10-31T11:50:48+00:00","article_modified_time":"2022-02-22T13:52:40+00:00","og_image":[{"width":1028,"height":684,"url":"https:\/\/www.p22on.com.br\/wp-content\/uploads\/2017\/10\/JasonHargroveFlickr.jpg","type":"image\/jpeg"}],"author":"P\u00e1gina22","twitter_card":"summary_large_image","twitter_creator":"@p22on","twitter_site":"@p22on","twitter_misc":{"Written by":"P\u00e1gina22","Est. reading time":"7 minutes"},"schema":{"@context":"https:\/\/schema.org","@graph":[{"@type":"WebPage","@id":"https:\/\/www.p22on.com.br\/2017\/10\/31\/contra-os-modismos-vamos-aos-fundamentos\/","url":"https:\/\/www.p22on.com.br\/2017\/10\/31\/contra-os-modismos-vamos-aos-fundamentos\/","name":"Contra os modismos, vamos aos fundamentos - P22_ON","isPartOf":{"@id":"https:\/\/www.p22on.com.br\/#website"},"datePublished":"2017-10-31T11:50:48+00:00","dateModified":"2022-02-22T13:52:40+00:00","author":{"@id":"https:\/\/www.p22on.com.br\/#\/schema\/person\/7fc895a9bd2ec411fd1454b133e7b0da"},"breadcrumb":{"@id":"https:\/\/www.p22on.com.br\/2017\/10\/31\/contra-os-modismos-vamos-aos-fundamentos\/#breadcrumb"},"inLanguage":"en-US","potentialAction":[{"@type":"ReadAction","target":["https:\/\/www.p22on.com.br\/2017\/10\/31\/contra-os-modismos-vamos-aos-fundamentos\/"]}]},{"@type":"BreadcrumbList","@id":"https:\/\/www.p22on.com.br\/2017\/10\/31\/contra-os-modismos-vamos-aos-fundamentos\/#breadcrumb","itemListElement":[{"@type":"ListItem","position":1,"name":"In\u00edcio","item":"https:\/\/www.p22on.com.br\/"},{"@type":"ListItem","position":2,"name":"Contra os modismos, vamos aos fundamentos"}]},{"@type":"WebSite","@id":"https:\/\/www.p22on.com.br\/#website","url":"https:\/\/www.p22on.com.br\/","name":"P22_ON","description":"","potentialAction":[{"@type":"SearchAction","target":{"@type":"EntryPoint","urlTemplate":"https:\/\/www.p22on.com.br\/?s={search_term_string}"},"query-input":"required name=search_term_string"}],"inLanguage":"en-US"},{"@type":"Person","@id":"https:\/\/www.p22on.com.br\/#\/schema\/person\/7fc895a9bd2ec411fd1454b133e7b0da","name":"P\u00e1gina22","image":{"@type":"ImageObject","inLanguage":"en-US","@id":"https:\/\/www.p22on.com.br\/#\/schema\/person\/image\/","url":"https:\/\/secure.gravatar.com\/avatar\/75bff9c570b228ec0455ff0788a3e2f4?s=96&d=mm&r=g","contentUrl":"https:\/\/secure.gravatar.com\/avatar\/75bff9c570b228ec0455ff0788a3e2f4?s=96&d=mm&r=g","caption":"P\u00e1gina22"},"url":"https:\/\/www.p22on.com.br\/author\/pagina22\/"}]}},"_links":{"self":[{"href":"https:\/\/www.p22on.com.br\/wp-json\/wp\/v2\/posts\/1442"}],"collection":[{"href":"https:\/\/www.p22on.com.br\/wp-json\/wp\/v2\/posts"}],"about":[{"href":"https:\/\/www.p22on.com.br\/wp-json\/wp\/v2\/types\/post"}],"author":[{"embeddable":true,"href":"https:\/\/www.p22on.com.br\/wp-json\/wp\/v2\/users\/3"}],"replies":[{"embeddable":true,"href":"https:\/\/www.p22on.com.br\/wp-json\/wp\/v2\/comments?post=1442"}],"version-history":[{"count":9,"href":"https:\/\/www.p22on.com.br\/wp-json\/wp\/v2\/posts\/1442\/revisions"}],"predecessor-version":[{"id":3907,"href":"https:\/\/www.p22on.com.br\/wp-json\/wp\/v2\/posts\/1442\/revisions\/3907"}],"wp:featuredmedia":[{"embeddable":true,"href":"https:\/\/www.p22on.com.br\/wp-json\/wp\/v2\/media\/1520"}],"wp:attachment":[{"href":"https:\/\/www.p22on.com.br\/wp-json\/wp\/v2\/media?parent=1442"}],"wp:term":[{"taxonomy":"category","embeddable":true,"href":"https:\/\/www.p22on.com.br\/wp-json\/wp\/v2\/categories?post=1442"},{"taxonomy":"post_tag","embeddable":true,"href":"https:\/\/www.p22on.com.br\/wp-json\/wp\/v2\/tags?post=1442"}],"curies":[{"name":"wp","href":"https:\/\/api.w.org\/{rel}","templated":true}]}}