{"id":1473,"date":"2017-10-31T15:43:16","date_gmt":"2017-10-31T18:43:16","guid":{"rendered":"http:\/\/www.p22on.com.br\/?p=1473"},"modified":"2022-02-22T10:50:53","modified_gmt":"2022-02-22T13:50:53","slug":"os-bastidores-da-moda","status":"publish","type":"post","link":"https:\/\/www.p22on.com.br\/2017\/10\/31\/os-bastidores-da-moda\/","title":{"rendered":"Os bastidores da moda"},"content":{"rendered":"<p><iframe loading=\"lazy\" title=\"P22ON :: Os bastidores da moda\" width=\"800\" height=\"450\" src=\"https:\/\/www.youtube.com\/embed\/ppaihjGZvAI?feature=oembed\" frameborder=\"0\" allow=\"accelerometer; autoplay; clipboard-write; encrypted-media; gyroscope; picture-in-picture\" allowfullscreen><\/iframe><\/p>\n<p><em>Roteiro e produ\u00e7\u00e3o: Magali Cabral<\/em><\/p>\n<p><em>Locu\u00e7\u00e3o: C\u00edntya Feitosa<\/em><\/p>\n<p>A moda \u00e9 atraente, colorida, bacana&#8230; Uma roupa nova tem o poder de melhorar o humor, a disposi\u00e7\u00e3o, a autoestima&#8230; pelo menos temporariamente.<\/p>\n<p>O problema \u00e9 que muitos dos modelitos expostos pelas vitrines podem ter um pre\u00e7o que vai muito al\u00e9m do simples valor monet\u00e1rio.<\/p>\n<p>Explicaremos.<\/p>\n<p>A ind\u00fastria da moda \u00e9 respons\u00e1vel por impactos profundos e difusos em toda a sua cadeia de produ\u00e7\u00e3o,\u00a0desde a extra\u00e7\u00e3o das diversas mat\u00e9rias-primas utilizadas na fabrica\u00e7\u00e3o das pe\u00e7as\u00a0at\u00e9 o descarte.<\/p>\n<p>Entre uma ponta e outra est\u00e3o as condi\u00e7\u00f5es de trabalho com que s\u00e3o produzidas roupas, cal\u00e7ados e acess\u00f3rios e a forma voraz como tudo isso \u00e9 consumido.<\/p>\n<p>A moda sempre causou impactos ambientais e sociais&#8230; desde a Revolu\u00e7\u00e3o Industrial \u2013 \u00e9 isso mesmo! a Revolu\u00e7\u00e3o Industrial come\u00e7ou fortemente pela ind\u00fastria t\u00eaxtil!<\/p>\n<p>Mas, de 20 anos para c\u00e1, o cen\u00e1rio complicou-se bastante. Antes, as marcas produziam apenas quatro cole\u00e7\u00f5es por ano, uma para cada esta\u00e7\u00e3o.<\/p>\n<p>Nas \u00faltimas d\u00e9cadas, por\u00e9m, surgiu a chamada <em>fast fashion,<\/em> que abastece as grandes lojas varejistas internacionais.<\/p>\n<p>S\u00e3o produzidas 52 cole\u00e7\u00f5es anuais, uma por semana. \u00c0s vezes at\u00e9 mais.<\/p>\n<p>Estima-se uma produ\u00e7\u00e3o mundial de 80 bilh\u00f5es de pe\u00e7as de vestu\u00e1rio por ano \u2013 sem contar o que rola no mercado informal, e no m\u00e9dio e pequeno varejo.<\/p>\n<p>Hoje, consomem-se 400% mais roupas do que no come\u00e7o deste s\u00e9culo.<\/p>\n<p>Qual a l\u00f3gica em todo esse processo?<\/p>\n<p>Produzir enormes quantidades de roupas e cal\u00e7ados sem parar s\u00f3 faz sentido se na outra ponta as pessoas puderem comprar sem parar.<\/p>\n<p>Para isso, o pre\u00e7o tem de ser baixo; o custo de produ\u00e7\u00e3o, o menor poss\u00edvel; e o ritmo de trabalho, incessante.<\/p>\n<p>E est\u00e1 criada uma f\u00f3rmula com tudo para dar errado do ponto de vista de impactos socioambientais.<\/p>\n<p>A come\u00e7ar pela situa\u00e7\u00e3o degradante de condi\u00e7\u00f5es de trabalho, muitas vezes trabalho escravo, como se tem not\u00edcia. E de desrespeito ao meio ambiente \u2013 a cadeia produtiva do couro, por exemplo, est\u00e1 entre as mais poluidoras de todas.<\/p>\n<p>Mas h\u00e1 tamb\u00e9m as tinturas de tecidos, o descarte de pe\u00e7as de poli\u00e9ster e outros materiais que n\u00e3o degradam com facilidade.<\/p>\n<p>N\u00e3o d\u00e1 para esquecer a minera\u00e7\u00e3o para obten\u00e7\u00e3o de metais usados em bot\u00f5es, rebites e z\u00edperes usados fartamente nas cal\u00e7as jeans.<\/p>\n<p>Por falar em cal\u00e7a jeans, para fabricar apenas uma delas s\u00e3o necess\u00e1rios 11 mil litros de \u00e1gua. E essa mesma cal\u00e7a viaja at\u00e9 75 mil quil\u00f4metros para chegar at\u00e9 o seu guarda-roupa.<\/p>\n<p>Felizmente, os grandes varejistas internacionais j\u00e1 come\u00e7aram a fazer os primeiros movimentos em busca de uma moda mais sustent\u00e1vel.<\/p>\n<p>Alguns est\u00e3o fabricando cole\u00e7\u00f5es com algod\u00e3o org\u00e2nico, outros est\u00e3o promovendo log\u00edstica reversa em suas lojas, ou melhorando o sistema de rastreamento da situa\u00e7\u00e3o trabalhista nas empresas terceirizadas e at\u00e9 quarteirizadas.<\/p>\n<p>E, assim como aconteceu no setor de alimentos, em que o <em>slow food<\/em> surgiu para se contrapor ao <em>fast food<\/em>, na moda tamb\u00e9m j\u00e1 existem novas propostas alternativas de consumo: guarda-roupas compartilhados, roupatecas, oficinas de reparos, eventos de troca de pe\u00e7as, entre outras.<\/p>\n<p>V\u00e1rios desses movimentos, al\u00e9m de confec\u00e7\u00f5es que adotam pr\u00e1ticas \u00e9ticas, estar\u00e3o representados no BE Fashion Week, em S\u00e3o Paulo, a primeira semana de moda sustent\u00e1vel do Pa\u00eds, de 22 a 24 de novembro.<\/p>\n<p>Saiba mais sobre o que acontece nos bastidores da ind\u00fastria da moda nesta edi\u00e7\u00e3o de P22_ON.<\/p>\n","protected":false},"excerpt":{"rendered":"<p>Roteiro e produ\u00e7\u00e3o: Magali Cabral Locu\u00e7\u00e3o: C\u00edntya Feitosa A moda \u00e9 atraente, colorida, bacana&#8230; Uma roupa nova tem o poder de melhorar o humor, a disposi\u00e7\u00e3o, a autoestima&#8230; pelo menos temporariamente. O problema \u00e9 que muitos dos modelitos expostos pelas vitrines podem ter um pre\u00e7o que vai muito al\u00e9m do simples valor monet\u00e1rio. Explicaremos. A [&hellip;]<\/p>\n","protected":false},"author":3,"featured_media":3901,"comment_status":"closed","ping_status":"closed","sticky":false,"template":"","format":"standard","meta":{"footnotes":""},"categories":[1456],"tags":[1469,1472,350,901,1336,70,1370,428,1471,1366,1470,209],"yoast_head":"<!-- This site is optimized with the Yoast SEO plugin v21.5 - https:\/\/yoast.com\/wordpress\/plugins\/seo\/ -->\n<title>Os bastidores da moda<\/title>\n<meta name=\"description\" content=\"[embed]https:\/\/youtu.be\/ppaihjGZvAI[\/embed] Roteiro e produ\u00e7\u00e3o: Magali Cabral Locu\u00e7\u00e3o: C\u00edntya Feitosa A moda \u00e9 atraente, colorida, bacana... Uma roupa nova tem o poder de melhorar o humor, a disposi\u00e7\u00e3o, a autoestima... pelo menos temporariamente. O problema \u00e9 que muitos dos modelitos expostos pelas vitrines podem ter um pre\u00e7o que vai muito al\u00e9m do simples valor monet\u00e1rio. Explicaremos.&hellip;\" \/>\n<meta name=\"robots\" content=\"index, follow, max-snippet:-1, max-image-preview:large, max-video-preview:-1\" \/>\n<link rel=\"canonical\" href=\"https:\/\/www.p22on.com.br\/2017\/10\/31\/os-bastidores-da-moda\/\" \/>\n<meta property=\"og:locale\" content=\"en_US\" \/>\n<meta property=\"og:type\" content=\"article\" \/>\n<meta property=\"og:title\" content=\"Os bastidores da moda\" \/>\n<meta property=\"og:description\" content=\"[embed]https:\/\/youtu.be\/ppaihjGZvAI[\/embed] Roteiro e produ\u00e7\u00e3o: Magali Cabral Locu\u00e7\u00e3o: C\u00edntya Feitosa A moda \u00e9 atraente, colorida, bacana... Uma roupa nova tem o poder de melhorar o humor, a disposi\u00e7\u00e3o, a autoestima... pelo menos temporariamente. O problema \u00e9 que muitos dos modelitos expostos pelas vitrines podem ter um pre\u00e7o que vai muito al\u00e9m do simples valor monet\u00e1rio. Explicaremos.&hellip;\" \/>\n<meta property=\"og:url\" content=\"https:\/\/www.p22on.com.br\/2017\/10\/31\/os-bastidores-da-moda\/\" \/>\n<meta property=\"og:site_name\" content=\"P22_ON\" \/>\n<meta property=\"article:publisher\" content=\"https:\/\/www.facebook.com\/p22on\" \/>\n<meta property=\"article:published_time\" content=\"2017-10-31T18:43:16+00:00\" \/>\n<meta property=\"article:modified_time\" content=\"2022-02-22T13:50:53+00:00\" \/>\n<meta property=\"og:image\" content=\"https:\/\/www.p22on.com.br\/wp-content\/uploads\/2017\/10\/Captura-de-Tela-2017-11-08-copy.jpg\" \/>\n\t<meta property=\"og:image:width\" content=\"1207\" \/>\n\t<meta property=\"og:image:height\" content=\"682\" \/>\n\t<meta property=\"og:image:type\" content=\"image\/jpeg\" \/>\n<meta name=\"author\" content=\"P\u00e1gina22\" \/>\n<meta name=\"twitter:card\" content=\"summary_large_image\" \/>\n<meta name=\"twitter:creator\" content=\"@p22on\" \/>\n<meta name=\"twitter:site\" content=\"@p22on\" \/>\n<meta name=\"twitter:label1\" content=\"Written by\" \/>\n\t<meta name=\"twitter:data1\" content=\"P\u00e1gina22\" \/>\n\t<meta name=\"twitter:label2\" content=\"Est. reading time\" \/>\n\t<meta name=\"twitter:data2\" content=\"3 minutes\" \/>\n<script type=\"application\/ld+json\" class=\"yoast-schema-graph\">{\"@context\":\"https:\/\/schema.org\",\"@graph\":[{\"@type\":\"WebPage\",\"@id\":\"https:\/\/www.p22on.com.br\/2017\/10\/31\/os-bastidores-da-moda\/\",\"url\":\"https:\/\/www.p22on.com.br\/2017\/10\/31\/os-bastidores-da-moda\/\",\"name\":\"Os bastidores da moda - P22_ON\",\"isPartOf\":{\"@id\":\"https:\/\/www.p22on.com.br\/#website\"},\"datePublished\":\"2017-10-31T18:43:16+00:00\",\"dateModified\":\"2022-02-22T13:50:53+00:00\",\"author\":{\"@id\":\"https:\/\/www.p22on.com.br\/#\/schema\/person\/7fc895a9bd2ec411fd1454b133e7b0da\"},\"breadcrumb\":{\"@id\":\"https:\/\/www.p22on.com.br\/2017\/10\/31\/os-bastidores-da-moda\/#breadcrumb\"},\"inLanguage\":\"en-US\",\"potentialAction\":[{\"@type\":\"ReadAction\",\"target\":[\"https:\/\/www.p22on.com.br\/2017\/10\/31\/os-bastidores-da-moda\/\"]}]},{\"@type\":\"BreadcrumbList\",\"@id\":\"https:\/\/www.p22on.com.br\/2017\/10\/31\/os-bastidores-da-moda\/#breadcrumb\",\"itemListElement\":[{\"@type\":\"ListItem\",\"position\":1,\"name\":\"In\u00edcio\",\"item\":\"https:\/\/www.p22on.com.br\/\"},{\"@type\":\"ListItem\",\"position\":2,\"name\":\"Os bastidores da moda\"}]},{\"@type\":\"WebSite\",\"@id\":\"https:\/\/www.p22on.com.br\/#website\",\"url\":\"https:\/\/www.p22on.com.br\/\",\"name\":\"P22_ON\",\"description\":\"\",\"potentialAction\":[{\"@type\":\"SearchAction\",\"target\":{\"@type\":\"EntryPoint\",\"urlTemplate\":\"https:\/\/www.p22on.com.br\/?s={search_term_string}\"},\"query-input\":\"required name=search_term_string\"}],\"inLanguage\":\"en-US\"},{\"@type\":\"Person\",\"@id\":\"https:\/\/www.p22on.com.br\/#\/schema\/person\/7fc895a9bd2ec411fd1454b133e7b0da\",\"name\":\"P\u00e1gina22\",\"image\":{\"@type\":\"ImageObject\",\"inLanguage\":\"en-US\",\"@id\":\"https:\/\/www.p22on.com.br\/#\/schema\/person\/image\/\",\"url\":\"https:\/\/secure.gravatar.com\/avatar\/75bff9c570b228ec0455ff0788a3e2f4?s=96&d=mm&r=g\",\"contentUrl\":\"https:\/\/secure.gravatar.com\/avatar\/75bff9c570b228ec0455ff0788a3e2f4?s=96&d=mm&r=g\",\"caption\":\"P\u00e1gina22\"},\"url\":\"https:\/\/www.p22on.com.br\/author\/pagina22\/\"}]}<\/script>\n<!-- \/ Yoast SEO plugin. -->","yoast_head_json":{"title":"Os bastidores da moda","description":"[embed]https:\/\/youtu.be\/ppaihjGZvAI[\/embed] Roteiro e produ\u00e7\u00e3o: Magali Cabral Locu\u00e7\u00e3o: C\u00edntya Feitosa A moda \u00e9 atraente, colorida, bacana... Uma roupa nova tem o poder de melhorar o humor, a disposi\u00e7\u00e3o, a autoestima... pelo menos temporariamente. O problema \u00e9 que muitos dos modelitos expostos pelas vitrines podem ter um pre\u00e7o que vai muito al\u00e9m do simples valor monet\u00e1rio. Explicaremos.&hellip;","robots":{"index":"index","follow":"follow","max-snippet":"max-snippet:-1","max-image-preview":"max-image-preview:large","max-video-preview":"max-video-preview:-1"},"canonical":"https:\/\/www.p22on.com.br\/2017\/10\/31\/os-bastidores-da-moda\/","og_locale":"en_US","og_type":"article","og_title":"Os bastidores da moda","og_description":"[embed]https:\/\/youtu.be\/ppaihjGZvAI[\/embed] Roteiro e produ\u00e7\u00e3o: Magali Cabral Locu\u00e7\u00e3o: C\u00edntya Feitosa A moda \u00e9 atraente, colorida, bacana... Uma roupa nova tem o poder de melhorar o humor, a disposi\u00e7\u00e3o, a autoestima... pelo menos temporariamente. O problema \u00e9 que muitos dos modelitos expostos pelas vitrines podem ter um pre\u00e7o que vai muito al\u00e9m do simples valor monet\u00e1rio. Explicaremos.&hellip;","og_url":"https:\/\/www.p22on.com.br\/2017\/10\/31\/os-bastidores-da-moda\/","og_site_name":"P22_ON","article_publisher":"https:\/\/www.facebook.com\/p22on","article_published_time":"2017-10-31T18:43:16+00:00","article_modified_time":"2022-02-22T13:50:53+00:00","og_image":[{"width":1207,"height":682,"url":"https:\/\/www.p22on.com.br\/wp-content\/uploads\/2017\/10\/Captura-de-Tela-2017-11-08-copy.jpg","type":"image\/jpeg"}],"author":"P\u00e1gina22","twitter_card":"summary_large_image","twitter_creator":"@p22on","twitter_site":"@p22on","twitter_misc":{"Written by":"P\u00e1gina22","Est. reading time":"3 minutes"},"schema":{"@context":"https:\/\/schema.org","@graph":[{"@type":"WebPage","@id":"https:\/\/www.p22on.com.br\/2017\/10\/31\/os-bastidores-da-moda\/","url":"https:\/\/www.p22on.com.br\/2017\/10\/31\/os-bastidores-da-moda\/","name":"Os bastidores da moda - P22_ON","isPartOf":{"@id":"https:\/\/www.p22on.com.br\/#website"},"datePublished":"2017-10-31T18:43:16+00:00","dateModified":"2022-02-22T13:50:53+00:00","author":{"@id":"https:\/\/www.p22on.com.br\/#\/schema\/person\/7fc895a9bd2ec411fd1454b133e7b0da"},"breadcrumb":{"@id":"https:\/\/www.p22on.com.br\/2017\/10\/31\/os-bastidores-da-moda\/#breadcrumb"},"inLanguage":"en-US","potentialAction":[{"@type":"ReadAction","target":["https:\/\/www.p22on.com.br\/2017\/10\/31\/os-bastidores-da-moda\/"]}]},{"@type":"BreadcrumbList","@id":"https:\/\/www.p22on.com.br\/2017\/10\/31\/os-bastidores-da-moda\/#breadcrumb","itemListElement":[{"@type":"ListItem","position":1,"name":"In\u00edcio","item":"https:\/\/www.p22on.com.br\/"},{"@type":"ListItem","position":2,"name":"Os bastidores da moda"}]},{"@type":"WebSite","@id":"https:\/\/www.p22on.com.br\/#website","url":"https:\/\/www.p22on.com.br\/","name":"P22_ON","description":"","potentialAction":[{"@type":"SearchAction","target":{"@type":"EntryPoint","urlTemplate":"https:\/\/www.p22on.com.br\/?s={search_term_string}"},"query-input":"required name=search_term_string"}],"inLanguage":"en-US"},{"@type":"Person","@id":"https:\/\/www.p22on.com.br\/#\/schema\/person\/7fc895a9bd2ec411fd1454b133e7b0da","name":"P\u00e1gina22","image":{"@type":"ImageObject","inLanguage":"en-US","@id":"https:\/\/www.p22on.com.br\/#\/schema\/person\/image\/","url":"https:\/\/secure.gravatar.com\/avatar\/75bff9c570b228ec0455ff0788a3e2f4?s=96&d=mm&r=g","contentUrl":"https:\/\/secure.gravatar.com\/avatar\/75bff9c570b228ec0455ff0788a3e2f4?s=96&d=mm&r=g","caption":"P\u00e1gina22"},"url":"https:\/\/www.p22on.com.br\/author\/pagina22\/"}]}},"_links":{"self":[{"href":"https:\/\/www.p22on.com.br\/wp-json\/wp\/v2\/posts\/1473"}],"collection":[{"href":"https:\/\/www.p22on.com.br\/wp-json\/wp\/v2\/posts"}],"about":[{"href":"https:\/\/www.p22on.com.br\/wp-json\/wp\/v2\/types\/post"}],"author":[{"embeddable":true,"href":"https:\/\/www.p22on.com.br\/wp-json\/wp\/v2\/users\/3"}],"replies":[{"embeddable":true,"href":"https:\/\/www.p22on.com.br\/wp-json\/wp\/v2\/comments?post=1473"}],"version-history":[{"count":9,"href":"https:\/\/www.p22on.com.br\/wp-json\/wp\/v2\/posts\/1473\/revisions"}],"predecessor-version":[{"id":3902,"href":"https:\/\/www.p22on.com.br\/wp-json\/wp\/v2\/posts\/1473\/revisions\/3902"}],"wp:featuredmedia":[{"embeddable":true,"href":"https:\/\/www.p22on.com.br\/wp-json\/wp\/v2\/media\/3901"}],"wp:attachment":[{"href":"https:\/\/www.p22on.com.br\/wp-json\/wp\/v2\/media?parent=1473"}],"wp:term":[{"taxonomy":"category","embeddable":true,"href":"https:\/\/www.p22on.com.br\/wp-json\/wp\/v2\/categories?post=1473"},{"taxonomy":"post_tag","embeddable":true,"href":"https:\/\/www.p22on.com.br\/wp-json\/wp\/v2\/tags?post=1473"}],"curies":[{"name":"wp","href":"https:\/\/api.w.org\/{rel}","templated":true}]}}