{"id":1475,"date":"2017-10-19T19:54:56","date_gmt":"2017-10-19T22:54:56","guid":{"rendered":"http:\/\/www.p22on.com.br\/?p=1475"},"modified":"2022-02-22T10:46:58","modified_gmt":"2022-02-22T13:46:58","slug":"dicionario-dicas-de-videos-leituras","status":"publish","type":"post","link":"https:\/\/www.p22on.com.br\/2017\/10\/19\/dicionario-dicas-de-videos-leituras\/","title":{"rendered":"Dicion\u00e1rio, dicas de v\u00eddeos & leituras"},"content":{"rendered":"<p><em>Compila\u00e7\u00e3o por Am\u00e1lia Safatle<\/em><\/p>\n<p><strong>Dicion\u00e1rio: c<\/strong><strong>onhe\u00e7a o significado de express\u00f5es usadas nesta edi\u00e7\u00e3o de P22_ON<\/strong><\/p>\n<p><strong>Avalia\u00e7\u00e3o de Ciclo de Vida (ACV)<em> \u2013 <\/em><\/strong>T\u00e9cnica desenvolvida para medir poss\u00edveis impactos ambientais resultantes da fabrica\u00e7\u00e3o e utiliza\u00e7\u00e3o de determinado produto ou servi\u00e7o, segundo o Instituto Brasileiro de Informa\u00e7\u00e3o em Ci\u00eancia e Tecnologia. A abordagem sist\u00eamica da ACV \u00e9 conhecida como \u201cdo ber\u00e7o ao t\u00famulo\u201d, na qual s\u00e3o levantados os dados em todas as fases do ciclo de vida do produto. O ciclo de vida compreende desde a extra\u00e7\u00e3o das mat\u00e9rias-primas, passando pela produ\u00e7\u00e3o, distribui\u00e7\u00e3o at\u00e9 o consumo e a disposi\u00e7\u00e3o final, contemplando tamb\u00e9m reciclagem e re\u00faso, quando for o caso. A ACV \u00e9 uma ferramenta do <strong>Pensamento de Ciclo de Vida.<\/strong><\/p>\n<p><strong><em>Business as Usual <\/em><\/strong><strong>(BaU) <em>\u2013<\/em> <\/strong>Cen\u00e1rio em que os neg\u00f3cios s\u00e3o tocados de modo costumeiro, convencional, sem inova\u00e7\u00e3o nem mudan\u00e7a.<\/p>\n<p><strong><em>Compliance<\/em><\/strong> \u2013 Estar em linha com normas, controles internos e externos e demais pol\u00edticas e diretrizes do pr\u00f3prio neg\u00f3cio, e tamb\u00e9m com as determina\u00e7\u00f5es dos \u00f3rg\u00e3os de regulamenta\u00e7\u00e3o, incluindo as esferas trabalhista, fiscal, cont\u00e1bil, financeira, ambiental, jur\u00eddica, previdenci\u00e1ria, \u00e9tica etc.<\/p>\n<p><strong>Cradle to Cradle<\/strong> \u2013 Uma das escolas de pensamento da <strong>Economia Circular<\/strong>, desenvolvida pelo qu\u00edmico alem\u00e3o Michael Braungart, em conjunto com o arquiteto americano Bill McDonough. Esse conceito, que resultou na certifica\u00e7\u00e3o Cradle to Cradle, elimina o conceito de res\u00edduo (\u201cres\u00edduo \u00e9 igual a alimento&#8221;), maximiza o uso de energias renov\u00e1veis, gerencia o uso da \u00e1gua e segue preceitos da responsabilidade social.<\/p>\n<p><strong><a href=\"http:\/\/www.p22on.com.br\/wp-content\/uploads\/2017\/10\/OnModa-consumo_consciente.jpg\"><img loading=\"lazy\" decoding=\"async\" class=\"alignleft size-full wp-image-1540\" src=\"http:\/\/www.p22on.com.br\/wp-content\/uploads\/2017\/10\/OnModa-consumo_consciente.jpg\" alt=\"OnModa-consumo_consciente\" width=\"275\" height=\"341\" srcset=\"https:\/\/www.p22on.com.br\/wp-content\/uploads\/2017\/10\/OnModa-consumo_consciente.jpg 275w, https:\/\/www.p22on.com.br\/wp-content\/uploads\/2017\/10\/OnModa-consumo_consciente-242x300.jpg 242w\" sizes=\"(max-width: 275px) 100vw, 275px\" \/><\/a>Consumo consciente <\/strong>\u2013 \u00c9 uma contribui\u00e7\u00e3o volunt\u00e1ria, cotidiana e solid\u00e1ria do cidad\u00e3o para garantir a sustentabilidade da vida no planeta, segundo defini\u00e7\u00e3o usada no Minist\u00e9rio do Meio Ambiente. Trata-se de ampliar os impactos positivos e diminuir os negativos causados pelo consumo dos cidad\u00e3os no meio ambiente, na economia e nas rela\u00e7\u00f5es sociais. Para o Instituto Akatu, ONG que tem o consumo consciente como principal bandeira em suas a\u00e7\u00f5es mobilizadoras, \u201cconsumir de forma consciente \u00e9 levar em considera\u00e7\u00e3o os impactos ambientais e sociais da produ\u00e7\u00e3o, do uso e do descarte de produtos e servi\u00e7os\u201d. <a href=\"https:\/\/www.akatu.org.br\/noticia\/conheca-os-12-principios-do-consumo-consciente\/\" target=\"_blank\" rel=\"noopener\">Conhe\u00e7a aqui<\/a> os 12 princ\u00edpios do consumo consciente, segundo o Akatu.<\/p>\n<p><strong><em>Downcycling <\/em><\/strong>\u2013 Processo pelo qual res\u00edduos e materiais descartados s\u00e3o transformados em produtos com valor inferior ao original. Oposto de<strong><em> upcycling.<\/em><\/strong><\/p>\n<p><strong>Economia Circular<\/strong> \u2013 Economia regenerativa e restaurativa por princ\u00edpio, segundo a Ellen MacArthur Foundation. Trata-se de uma alternativa ao modelo econ\u00f4mico \u201cextrair, transformar, descartar\u201d, que est\u00e1 atingindo seus limites f\u00edsicos. Consiste em um ciclo de desenvolvimento positivo cont\u00ednuo que preserva e aprimora o capital natural, otimiza a produ\u00e7\u00e3o de recursos e minimiza riscos sist\u00eamicos, administrando estoques finitos e fluxos renov\u00e1veis. Seu objetivo \u00e9 manter produtos, componentes e materiais em seu mais alto n\u00edvel de utilidade e valor o tempo todo.<\/p>\n<p><strong>Externalidades<\/strong> \u2013 Reflexos negativos ou positivos de uma atividade que s\u00e3o sentidos por aqueles que pouco ou nada contribu\u00edram para ger\u00e1-los.<\/p>\n<p><strong><em>Fair trade<\/em><\/strong><strong> (<\/strong><strong>com\u00e9rcio justo)<\/strong> \u2013 Segundo a International Federation of Alternative Trade (Federa\u00e7\u00e3o Internacional de Com\u00e9rcio Alternativo), \u00e9 uma parceria comercial, baseada em di\u00e1logo, transpar\u00eancia e respeito, que busca maior equidade no com\u00e9rcio internacional e contribui para o desenvolvimento sustent\u00e1vel. A transa\u00e7\u00e3o deve procurar as melhores condi\u00e7\u00f5es de troca e garantia dos direitos para produtores e trabalhadores que se encontram \u00e0 margem do poder econ\u00f4mico.<\/p>\n<p><a href=\"http:\/\/www.p22on.com.br\/wp-content\/uploads\/2017\/10\/OnModa-gif.gif\"><img loading=\"lazy\" decoding=\"async\" class=\"aligncenter size-full wp-image-1549\" src=\"http:\/\/www.p22on.com.br\/wp-content\/uploads\/2017\/10\/OnModa-gif.gif\" alt=\"OnModa-gif\" width=\"540\" height=\"304\" \/><\/a><\/p>\n<p><strong><em>Fast fashion<\/em><\/strong> \u2013 Moda descart\u00e1vel, caracterizada por produ\u00e7\u00e3o, consumo e descarte r\u00e1pidos. A l\u00f3gica baseia-se em pre\u00e7os acess\u00edveis para produtos de baixa qualidade, de forma que durem pouco e levem a sucessivas compras. As cole\u00e7\u00f5es s\u00e3o compactas, lan\u00e7adas e retiradas das lojas velozmente, evitando estoques.<\/p>\n<p>O modelo, que \u00e9 bastante lucrativo do ponto de vista econ\u00f4mico, gera <strong>externalidades<\/strong> negativas sociais e ambientais, pois se baseia em dilapida\u00e7\u00e3o de recursos naturais, emiss\u00e3o de carbono, consumo de \u00e1gua, polui\u00e7\u00e3o e gera\u00e7\u00e3o de lixo muito al\u00e9m do necess\u00e1rio, al\u00e9m de explora\u00e7\u00e3o de m\u00e3o de obra barata ou an\u00e1loga \u00e0 escravid\u00e3o em diversos casos.<\/p>\n<p><strong><em><a href=\"http:\/\/www.p22on.com.br\/wp-content\/uploads\/2017\/10\/OnModa-Lowsumerism.png\"><img loading=\"lazy\" decoding=\"async\" class=\"alignright size-medium wp-image-1538\" src=\"http:\/\/www.p22on.com.br\/wp-content\/uploads\/2017\/10\/OnModa-Lowsumerism-300x169.png\" alt=\"OnModa-Lowsumerism\" width=\"300\" height=\"169\" srcset=\"https:\/\/www.p22on.com.br\/wp-content\/uploads\/2017\/10\/OnModa-Lowsumerism-300x169.png 300w, https:\/\/www.p22on.com.br\/wp-content\/uploads\/2017\/10\/OnModa-Lowsumerism-1024x576.png 1024w, https:\/\/www.p22on.com.br\/wp-content\/uploads\/2017\/10\/OnModa-Lowsumerism.png 1280w\" sizes=\"(max-width: 300px) 100vw, 300px\" \/><\/a>Lowsumerism<\/em><\/strong> \u2013 Movimento que surgiu em rea\u00e7\u00e3o ao consumo excessivo e n\u00e3o \u00e9tico. Convida as pessoas a consumir menos e a pensar sobre as empresas e pr\u00e1ticas que est\u00e3o apoiando quando v\u00e3o \u00e0s compras, com o objetivo de reduzir a pegada. Em vez de seguir cegamente o ciclo desejar&gt; comprar&gt; jogar fora, voc\u00ea se questiona a cada passo do caminho. Para saber mais, <a href=\"https:\/\/www.youtube.com\/watch?v=jk5gLBIhJtA\" target=\"_blank\" rel=\"noopener\">assista a este v\u00eddeo<\/a> produzido pela ag\u00eancia Box 1824.<\/p>\n<p><strong>Movimento <em>Maker<\/em><\/strong> \u2013 Vertente do <em>do-it-yourself <\/em>(fa\u00e7a-voc\u00ea-mesmo) para tecnologias digitais. Baseia-se na ideia de que pessoas comuns podem, elas pr\u00f3prias, construir, consertar, modificar e fabricar os mais diversos tipos de objetos e tocar seus projetos. Esse movimento \u00e9 turbinado pelo avan\u00e7o tecnol\u00f3gico proporcionado por adventos como impressoras 3D e FabLabs, promove a descentraliza\u00e7\u00e3o da produ\u00e7\u00e3o, <em>hackeia<\/em> e difunde conhecimento em rede, banindo intermedi\u00e1rios. Segundo Chris Anderson, autor de <em>Makers \u2013 The new industrial revolution<\/em>, o termo refere-se a pessoas que produzem artefatos tecnol\u00f3gicos para o seu pr\u00f3prio uso, sem a constru\u00e7\u00e3o de neg\u00f3cios.<\/p>\n<p><strong>Pensamento de Ciclo de Vida<\/strong> \u2013 Um modo de pensar que considera implica\u00e7\u00f5es do \u201cber\u00e7o ao t\u00famulo\u201d, ou seja, de todo o ciclo de vida do produto. O ciclo de vida corresponde ao conjunto de etapas necess\u00e1rias para que um produto cumpra sua fun\u00e7\u00e3o \u2013 que v\u00e3o desde a obten\u00e7\u00e3o dos recursos naturais at\u00e9 seu destino final, ap\u00f3s o cumprimento da fun\u00e7\u00e3o.<\/p>\n<p><strong><em>Slow fashion<\/em><\/strong> \u2013 Express\u00e3o criada em 2008 pela inglesa Kate Fletcher, professora do Centre for Sustainable Fashion, inspirada no movimento Slow Food. Assim como em rela\u00e7\u00e3o \u00e0 alimenta\u00e7\u00e3o, o movimento <em>slow fashion<\/em> incentiva que os consumidores estejam cientes de cada etapa da cadeia produtiva \u2013 desde o design at\u00e9 a produ\u00e7\u00e3o, o uso e o potencial de reaproveitamento de cada pe\u00e7a. \u00c9 uma rea\u00e7\u00e3o \u00e0 <strong><em>fast fashion. <\/em><\/strong>Saiba <a href=\"http:\/\/blog.trocaria.com.br\/slow-fashion\/\" target=\"_blank\" rel=\"noopener\">mais aqui<\/a>.<\/p>\n<figure id=\"attachment_1542\" aria-describedby=\"caption-attachment-1542\" style=\"width: 740px\" class=\"wp-caption alignright\"><a href=\"http:\/\/www.p22on.com.br\/wp-content\/uploads\/2017\/10\/OnModa-slow-fashion-books.jpg\"><img loading=\"lazy\" decoding=\"async\" class=\"size-full wp-image-1542\" src=\"http:\/\/www.p22on.com.br\/wp-content\/uploads\/2017\/10\/OnModa-slow-fashion-books.jpg\" alt=\"Imagem: Mochni\" width=\"740\" height=\"555\" srcset=\"https:\/\/www.p22on.com.br\/wp-content\/uploads\/2017\/10\/OnModa-slow-fashion-books.jpg 740w, https:\/\/www.p22on.com.br\/wp-content\/uploads\/2017\/10\/OnModa-slow-fashion-books-300x225.jpg 300w\" sizes=\"(max-width: 740px) 100vw, 740px\" \/><\/a><figcaption id=\"caption-attachment-1542\" class=\"wp-caption-text\">Imagem: Mochni<\/figcaption><\/figure>\n<p><strong><em>Upcycling<\/em><\/strong> \u2013 Processo pelo qual res\u00edduos e materiais descartados s\u00e3o transformados em novos produtos, com valor superior ao original. Na moda, por exemplo, roupas usadas ou sobras de tecidos podem dar origem a produtos \u201cestilosos\u201d, com maior valor agregado. Oposto de <strong><em>downcycling<\/em>.<\/strong><\/p>\n<p><strong><em>Wearables <\/em><\/strong>\u2013 Tecnologias \u201cvest\u00edveis\u201d. S\u00e3o dispositivos tecnol\u00f3gicos que podem ser utilizados como pe\u00e7as de vestu\u00e1rio ou acess\u00f3rios, conectados a outros aparelhos ou \u00e0 internet.<\/p>\n<p><strong>Navegue em blogs e sites<\/strong><\/p>\n<ul>\n<li>Confira o <a href=\"https:\/\/estilo.uol.com.br\/moda\/listas\/biojoias-e-cruelty-free-veja-os-novos-termos-da-moda-etica-e-ecologica.htm\" target=\"_blank\" rel=\"noopener\">gloss\u00e1rio de \u201cmoda consciente\u201d<\/a>, que traz verbetes como \u201c<em>cruelty free<\/em>\u201d, \u201clavagem ecol\u00f3gica\u201d e \u201c pe\u00e7as multifuncionais\u201d.<\/li>\n<li>A <a href=\"http:\/\/www.resgatefashion.com.br\" target=\"_blank\" rel=\"noopener\">Resgate Fashion<\/a> \u00e9 uma das iniciativas que exemplificam o conceito de <em>upcycling<\/em>. Ela transforma roupas de segunda m\u00e3o em pe\u00e7as novas, valorizando seus atributos comerciais.<\/li>\n<li>A <a href=\"https:\/\/www.instagram.com\/roupacomhistoria.auladecostura\/\" target=\"_blank\" rel=\"noopener\">Roupa com Hist\u00f3ria<\/a>, que tamb\u00e9m trabalha com <em>upcycling<\/em>, resgata a costura como forma de empoderamento e rea\u00e7\u00e3o \u00e0 <em>fast fashion<\/em>.<\/li>\n<\/ul>\n<figure id=\"attachment_1543\" aria-describedby=\"caption-attachment-1543\" style=\"width: 1080px\" class=\"wp-caption alignnone\"><a href=\"http:\/\/www.p22on.com.br\/wp-content\/uploads\/2017\/10\/OnModa-maquina-e1510079711615.jpg\"><img loading=\"lazy\" decoding=\"async\" class=\"size-full wp-image-1543\" src=\"http:\/\/www.p22on.com.br\/wp-content\/uploads\/2017\/10\/OnModa-maquina-e1510079711615.jpg\" alt=\"imagem: Roupa com Hist\u00f3ria\" width=\"1080\" height=\"645\" srcset=\"https:\/\/www.p22on.com.br\/wp-content\/uploads\/2017\/10\/OnModa-maquina-e1510079711615.jpg 1080w, https:\/\/www.p22on.com.br\/wp-content\/uploads\/2017\/10\/OnModa-maquina-e1510079711615-300x179.jpg 300w, https:\/\/www.p22on.com.br\/wp-content\/uploads\/2017\/10\/OnModa-maquina-e1510079711615-1024x612.jpg 1024w\" sizes=\"(max-width: 1080px) 100vw, 1080px\" \/><\/a><figcaption id=\"caption-attachment-1543\" class=\"wp-caption-text\">imagem: Roupa com Hist\u00f3ria<\/figcaption><\/figure>\n<ul>\n<li>A proposta da <a href=\"http:\/\/www.ratoroi.com.br\/\" target=\"_blank\" rel=\"noopener\">Rator\u00f3i<\/a> \u00e9 trabalhar \u201ccom baixo impacto ambiental e alto impacto sensorial\u201d, de forma colaborativa e gerando renda para artes\u00e3os e <em>designers<\/em>.<\/li>\n<\/ul>\n<ul>\n<li>Conhe\u00e7a mais iniciativas inovadoras de modelos de neg\u00f3cios nesta reportagem (linkar com caixinha de solu\u00e7\u00f5es)<\/li>\n<\/ul>\n<ul>\n<li>A seguir, duas dicas de inova\u00e7\u00f5es tecnol\u00f3gicas, baseadas em processos e produtos naturais:<\/li>\n<\/ul>\n<p><a href=\"https:\/\/www.facebook.com\/dw.brasil\/videos\/10154968955928520\/\" target=\"_blank\" rel=\"noopener\">Este v\u00eddeo<\/a> mostra como as cascas de laranja podem dar origem a fios e tecidos. E veja <a href=\"http:\/\/www.stylourbano.com.br\/pesquisadores-de-hong-kong-criam-novo-processo-para-reciclagem-de-tecidos-semelhante-a-fazer-cerveja\/\" target=\"_blank\" rel=\"noopener\">neste site<\/a> como pesquisadores de Hong Kong criaram novo processo para reciclagem de tecidos semelhante a fazer cerveja, ou seja, usando o processo biol\u00f3gico da fermenta\u00e7\u00e3o para separar das fibras de algod\u00e3o o poli\u00e9ster nos tecidos mistos. O objetivo \u00e9 facilitar o desenvolvimento de uma ind\u00fastria da moda circular onde os res\u00edduos t\u00eaxteis possam ser reciclados continuamente.<\/p>\n<p><a href=\"http:\/\/www.p22on.com.br\/wp-content\/uploads\/2017\/10\/OnModa-laranja.png\"><img decoding=\"async\" class=\"aligncenter size-large wp-image-1541\" src=\"http:\/\/www.p22on.com.br\/wp-content\/uploads\/2017\/10\/OnModa-laranja-1024x576.png\" alt=\"OnModa-laranja\" width=\"600\" srcset=\"https:\/\/www.p22on.com.br\/wp-content\/uploads\/2017\/10\/OnModa-laranja-1024x576.png 1024w, https:\/\/www.p22on.com.br\/wp-content\/uploads\/2017\/10\/OnModa-laranja-300x169.png 300w, https:\/\/www.p22on.com.br\/wp-content\/uploads\/2017\/10\/OnModa-laranja.png 1280w\" sizes=\"(max-width: 1024px) 100vw, 1024px\" \/><\/a><\/p>\n<ul>\n<li><a href=\"http:\/\/www.huffpostbrasil.com\/2017\/08\/30\/o-dia-em-que-mc-carol-desfilou-na-spfw-e-mostrou-que-a-passarela-e-para-todos_a_23190884\/?ncid=fcbklnkbrhpmg00000004\" target=\"_blank\" rel=\"noopener\">Este desfile<\/a> desafia os estere\u00f3tipos de beleza ditados pela ind\u00fastria moda, mostrando que a passarela \u00e9 para todos. Mais sobre inclus\u00e3o e diversidade no <a href=\"https:\/\/www.youtube.com\/user\/LaboratorioFantasma\/about?disable_polymer=1\" target=\"_blank\" rel=\"noopener\">Laborat\u00f3rioFantasma<\/a>, que tem desfilado nas \u00faltimas edi\u00e7\u00f5es da S\u00e3o Paulo Fashion Week.<\/li>\n<\/ul>\n<p><strong>Fique atentx<\/strong><\/p>\n<ul>\n<li>Por meio do aplicativo Moda Livre, a ONG Rep\u00f3rter Brasil identifica que 4 entre 10 marcas da ind\u00fastria da moda n\u00e3o se comprometem com o combate ao trabalho escravo. <a href=\"http:\/\/reporterbrasil.org.br\/2016\/12\/4-em-cada-10-marcas-nao-se-comprometem-com-o-combate-ao-trabalho-escravo-descubra-quais\/\" target=\"_blank\" rel=\"noopener\">Saiba aqui<\/a> quais s\u00e3o.<\/li>\n<\/ul>\n<ul>\n<li>O <a href=\"http:\/\/www.sustainablecottonranking.org\/\" target=\"_blank\" rel=\"noopener\">Sustainable Cotton Ranking<\/a> de 2017, que busca aumentar os atributos de sustentabilidade no mercado de algod\u00e3o, permite acompanhar a pontua\u00e7\u00e3o de 75 empresas de todos os continentes. S\u00e3o levadas em conta as pol\u00edticas da empresa em rela\u00e7\u00e3o ao tema, \u00e0 ado\u00e7\u00e3o de pr\u00e1ticas e \u00e0 rastreabilidade.<\/li>\n<\/ul>\n<ul>\n<li><a href=\"https:\/\/www.economist.com\/news\/business\/21728661-industrys-decline-missed-opportunity-india-panipat-global-centre-recycling?frsc=dg%7Ce\" target=\"_blank\" rel=\"noopener\">Reportagem<\/a> da revista <em>The Economist<\/em> denuncia os problemas da reciclagem de roupas na \u00cdndia. As condi\u00e7\u00f5es de trabalho na cidade de Panipat s\u00e3o p\u00e9ssimas, com baix\u00edssima remunera\u00e7\u00e3o e uso de trabalho infantil.<\/li>\n<li>Mais sobre o assunto <a href=\"https:\/\/www.youtube.com\/watch?v=hlKh6b4aqLE&amp;t=53s\" target=\"_blank\" rel=\"noopener\">neste v\u00eddeo<\/a>.<\/li>\n<\/ul>\n<p><img loading=\"lazy\" decoding=\"async\" class=\"aligncenter size-large wp-image-1546\" src=\"http:\/\/www.p22on.com.br\/wp-content\/uploads\/2017\/10\/OnModa-\u00edndia-1024x576.png\" alt=\"OnModa-\u00edndia\" width=\"800\" height=\"450\" srcset=\"https:\/\/www.p22on.com.br\/wp-content\/uploads\/2017\/10\/OnModa-\u00edndia-1024x576.png 1024w, https:\/\/www.p22on.com.br\/wp-content\/uploads\/2017\/10\/OnModa-\u00edndia-300x169.png 300w, https:\/\/www.p22on.com.br\/wp-content\/uploads\/2017\/10\/OnModa-\u00edndia-1440x810.png 1440w, https:\/\/www.p22on.com.br\/wp-content\/uploads\/2017\/10\/OnModa-\u00edndia.png 1920w\" sizes=\"(max-width: 800px) 100vw, 800px\" \/><\/p>\n<ul>\n<li><a href=\"http:\/\/revistagalileu.globo.com\/Revista\/noticia\/2016\/06\/escravos-da-moda-os-bastidores-nada-bonitos-da-industria-fashion.html\" target=\"_blank\" rel=\"noopener\">Edi\u00e7\u00e3o<\/a> da revista<em> Galileu<\/em> mostra os bastidores da ind\u00fastria da moda.<\/li>\n<\/ul>\n<ul>\n<li><a href=\"https:\/\/www.facebook.com\/ATTNVideo\/videos\/1683256828645938\/\" target=\"_blank\" rel=\"noopener\">Este v\u00eddeo<\/a> mostra como as microfibras sint\u00e9ticas de nossas roupas est\u00e3o contaminando os oceanos. Se ainda precisava desenhar para alertar sobre os problemas que a polui\u00e7\u00e3o por nanopl\u00e1sticos causa, eis aqui um <a href=\"https:\/\/futurism.com\/images\/nanoplastic-pollution\/\" target=\"_blank\" rel=\"noopener\">infogr\u00e1fico<\/a>.<\/li>\n<\/ul>\n<p><strong>\u00a0<\/strong><strong>Informe-se<\/strong><\/p>\n<ul>\n<li>A Organiza\u00e7\u00e3o Internacional do Trabalho (OIT), a Associa\u00e7\u00e3o Brasileira da Ind\u00fastria T\u00eaxtil e de Confec\u00e7\u00e3o (Abit) e a Associa\u00e7\u00e3o Brasileira do Varejo T\u00eaxtil (ABVTEX) lan\u00e7aram o <a href=\"http:\/\/www.abit.org.br\/noticias\/oit-abvtex-e-abit-lancam-laboratorio-de-moda-sustentavel\" target=\"_blank\" rel=\"noopener\">Laborat\u00f3rio da Moda Sustent\u00e1vel<\/a>, com apoio do Instituto C&amp;A e realiza\u00e7\u00e3o do Instituto Reos. Mais sobre o laborat\u00f3rio <a href=\"https:\/\/reospartners.com\/sustainable-fashion-lab-tackles-labor-environmental-challenges\/\" target=\"_blank\" rel=\"noopener\">aqui<\/a>.<\/li>\n<\/ul>\n<p><strong>\u00a0<\/strong><strong>Aprofunde-se<\/strong><\/p>\n<ul>\n<li><a href=\"https:\/\/theconversation.com\/a-circular-fashion-economy-is-about-more-than-clothes-68787\" target=\"_blank\" rel=\"noopener\">Este texto<\/a> sobre Economia Circular na moda convoca as marcas de roupas a investir em seus processos de <em>design<\/em>, melhorar o conhecimento t\u00e9cnico dentro de suas cadeias de suprimentos e explorar modelos de neg\u00f3cios verdadeiramente alternativos.<\/li>\n<\/ul>\n<ul>\n<li>Livros do estilista, pesquisador e historiador de moda Jo\u00e3o Braga:<\/li>\n<\/ul>\n<ul>\n<li><em>Hist\u00f3ria da Moda \u2013 Uma narrativa <\/em>(D\u2019Livros Editora)<a href=\"http:\/\/www.p22on.com.br\/wp-content\/uploads\/2017\/10\/OnModa-livro.jpg\"><img loading=\"lazy\" decoding=\"async\" class=\"alignright size-medium wp-image-1548\" src=\"http:\/\/www.p22on.com.br\/wp-content\/uploads\/2017\/10\/OnModa-livro-300x273.jpg\" alt=\"OnModa-livro\" width=\"300\" height=\"273\" srcset=\"https:\/\/www.p22on.com.br\/wp-content\/uploads\/2017\/10\/OnModa-livro-300x273.jpg 300w, https:\/\/www.p22on.com.br\/wp-content\/uploads\/2017\/10\/OnModa-livro-1024x931.jpg 1024w, https:\/\/www.p22on.com.br\/wp-content\/uploads\/2017\/10\/OnModa-livro-1440x1310.jpg 1440w\" sizes=\"(max-width: 300px) 100vw, 300px\" \/><\/a><\/li>\n<li><em>Reflex\u00f5es sobre Moda<\/em> \u2013 volumes I, II, III e IV (Editora Anhembi Morumbi)<\/li>\n<li><em>Um S\u00e9culo de Moda<\/em> (D\u2019Livros Editora)<\/li>\n<li><em>Tenho Dito: Hist\u00f3rias e Reflex\u00f5es de Moda<\/em> (Editora Esta\u00e7\u00e3o das Letras e Cores)<\/li>\n<\/ul>\n<ul>\n<li><a href=\"http:\/\/repositorio.unicamp.br\/bitstream\/REPOSIP\/280865\/1\/Michetti_Miqueli_D.pdf\" target=\"_blank\" rel=\"noopener\">Tese de doutorado<\/a> da professora Miqueli Michetti, sobre a moda brasileira no contexto de globaliza\u00e7\u00e3o.<\/li>\n<\/ul>\n<p><strong>Engaje-se<\/strong><\/p>\n<ul>\n<li>Manifesto do movimento Fashion Revolution: <a href=\"http:\/\/fashionrevolution.org\/wp-content\/uploads\/2017\/04\/How-to-be-a-Fash-Revolutionary_portuguese.pdf\" target=\"_blank\" rel=\"noopener\"><em>Como Ser um Revolucion\u00e1rio na Moda<\/em><\/a><em>. <\/em><a href=\"https:\/\/www.facebook.com\/fashionrevolution.brasil\/videos\/622702481247755\/\" target=\"_blank\" rel=\"noopener\">Aqui, um v\u00eddeo<\/a> da Fashion Revolution Brasil e <a href=\"https:\/\/youtu.be\/V355rtKvUDA\" target=\"_blank\" rel=\"noopener\">mais um<\/a> sobre a quest\u00e3o do combate ao trabalho infantil.<\/li>\n<li><a href=\"http:\/\/www.p22on.com.br\/2017\/10\/29\/dicas-para-um-consumo-mais-consciente\/\" target=\"_blank\" rel=\"noopener\">Confira aqui<\/a> a\u00a0<em>Cartilha para um Consumo mais Consciente<\/em>, produzida pela Fashion Revolution e pela P22_ON.<\/li>\n<li>Viral que adapta a Pir\u00e2mide de Maslow, sobre a hierarquia de necessidades, ao consumo. De baixo para cima: use o que voc\u00ea tem, empreste, troque, seja parcimonioso, fa\u00e7a, compre.<\/li>\n<\/ul>\n<figure id=\"attachment_3892\" aria-describedby=\"caption-attachment-3892\" style=\"width: 720px\" class=\"wp-caption aligncenter\"><a href=\"https:\/\/www.p22on.com.br\/2017\/10\/19\/dicionario-dicas-de-videos-leituras\/piramidemaslowbuyerarchyofneeds\/\"><img loading=\"lazy\" decoding=\"async\" class=\"wp-image-3892 size-full\" src=\"https:\/\/www.p22on.com.br\/wp-content\/uploads\/2017\/10\/piramidemaslowBuyerarchyofNeeds.jpg\" alt=\"The Buyerarchy of Needs_Cr\u00e9dito: Sarah Lazarovic\" width=\"720\" height=\"843\" srcset=\"https:\/\/www.p22on.com.br\/wp-content\/uploads\/2017\/10\/piramidemaslowBuyerarchyofNeeds.jpg 720w, https:\/\/www.p22on.com.br\/wp-content\/uploads\/2017\/10\/piramidemaslowBuyerarchyofNeeds-256x300.jpg 256w\" sizes=\"(max-width: 720px) 100vw, 720px\" \/><\/a><figcaption id=\"caption-attachment-3892\" class=\"wp-caption-text\">The Buyerarchy of Needs_Cr\u00e9dito: Sarah Lazarovic<\/figcaption><\/figure>\n","protected":false},"excerpt":{"rendered":"<p>Compila\u00e7\u00e3o por Am\u00e1lia Safatle Dicion\u00e1rio: conhe\u00e7a o significado de express\u00f5es usadas nesta edi\u00e7\u00e3o de P22_ON Avalia\u00e7\u00e3o de Ciclo de Vida (ACV) \u2013 T\u00e9cnica desenvolvida para medir poss\u00edveis impactos ambientais resultantes da fabrica\u00e7\u00e3o e utiliza\u00e7\u00e3o de determinado produto ou servi\u00e7o, segundo o Instituto Brasileiro de Informa\u00e7\u00e3o em Ci\u00eancia e Tecnologia. A abordagem sist\u00eamica da ACV \u00e9 [&hellip;]<\/p>\n","protected":false},"author":3,"featured_media":1485,"comment_status":"closed","ping_status":"closed","sticky":false,"template":"","format":"standard","meta":{"footnotes":""},"categories":[1414],"tags":[43,17,219,218,1473,1370,22],"yoast_head":"<!-- This site is optimized with the Yoast SEO plugin v21.5 - https:\/\/yoast.com\/wordpress\/plugins\/seo\/ -->\n<title>Dicion\u00e1rio, dicas de v\u00eddeos &amp; leituras<\/title>\n<meta name=\"description\" content=\"Compila\u00e7\u00e3o por Am\u00e1lia Safatle Dicion\u00e1rio: conhe\u00e7a o significado de express\u00f5es usadas nesta edi\u00e7\u00e3o de P22_ON Avalia\u00e7\u00e3o de Ciclo de Vida (ACV) \u2013 T\u00e9cnica desenvolvida para medir poss\u00edveis impactos ambientais resultantes da fabrica\u00e7\u00e3o e utiliza\u00e7\u00e3o de determinado produto ou servi\u00e7o, segundo o Instituto Brasileiro de Informa\u00e7\u00e3o em Ci\u00eancia e Tecnologia. A abordagem sist\u00eamica da ACV \u00e9&hellip;\" \/>\n<meta name=\"robots\" content=\"index, follow, max-snippet:-1, max-image-preview:large, max-video-preview:-1\" \/>\n<link rel=\"canonical\" href=\"https:\/\/www.p22on.com.br\/2017\/10\/19\/dicionario-dicas-de-videos-leituras\/\" \/>\n<meta property=\"og:locale\" content=\"en_US\" \/>\n<meta property=\"og:type\" content=\"article\" \/>\n<meta property=\"og:title\" content=\"Dicion\u00e1rio, dicas de v\u00eddeos &amp; leituras\" \/>\n<meta property=\"og:description\" content=\"Compila\u00e7\u00e3o por Am\u00e1lia Safatle Dicion\u00e1rio: conhe\u00e7a o significado de express\u00f5es usadas nesta edi\u00e7\u00e3o de P22_ON Avalia\u00e7\u00e3o de Ciclo de Vida (ACV) \u2013 T\u00e9cnica desenvolvida para medir poss\u00edveis impactos ambientais resultantes da fabrica\u00e7\u00e3o e utiliza\u00e7\u00e3o de determinado produto ou servi\u00e7o, segundo o Instituto Brasileiro de Informa\u00e7\u00e3o em Ci\u00eancia e Tecnologia. A abordagem sist\u00eamica da ACV \u00e9&hellip;\" \/>\n<meta property=\"og:url\" content=\"https:\/\/www.p22on.com.br\/2017\/10\/19\/dicionario-dicas-de-videos-leituras\/\" \/>\n<meta property=\"og:site_name\" content=\"P22_ON\" \/>\n<meta property=\"article:publisher\" content=\"https:\/\/www.facebook.com\/p22on\" \/>\n<meta property=\"article:published_time\" content=\"2017-10-19T22:54:56+00:00\" \/>\n<meta property=\"article:modified_time\" content=\"2022-02-22T13:46:58+00:00\" \/>\n<meta property=\"og:image\" content=\"https:\/\/www.p22on.com.br\/wp-content\/uploads\/2017\/10\/unnamed.jpg\" \/>\n\t<meta property=\"og:image:width\" content=\"2844\" \/>\n\t<meta property=\"og:image:height\" content=\"1896\" \/>\n\t<meta property=\"og:image:type\" content=\"image\/jpeg\" \/>\n<meta name=\"author\" content=\"P\u00e1gina22\" \/>\n<meta name=\"twitter:card\" content=\"summary_large_image\" \/>\n<meta name=\"twitter:creator\" content=\"@p22on\" \/>\n<meta name=\"twitter:site\" content=\"@p22on\" \/>\n<meta name=\"twitter:label1\" content=\"Written by\" \/>\n\t<meta name=\"twitter:data1\" content=\"P\u00e1gina22\" \/>\n\t<meta name=\"twitter:label2\" content=\"Est. reading time\" \/>\n\t<meta name=\"twitter:data2\" content=\"9 minutes\" \/>\n<script type=\"application\/ld+json\" class=\"yoast-schema-graph\">{\"@context\":\"https:\/\/schema.org\",\"@graph\":[{\"@type\":\"WebPage\",\"@id\":\"https:\/\/www.p22on.com.br\/2017\/10\/19\/dicionario-dicas-de-videos-leituras\/\",\"url\":\"https:\/\/www.p22on.com.br\/2017\/10\/19\/dicionario-dicas-de-videos-leituras\/\",\"name\":\"Dicion\u00e1rio, dicas de v\u00eddeos & leituras - P22_ON\",\"isPartOf\":{\"@id\":\"https:\/\/www.p22on.com.br\/#website\"},\"datePublished\":\"2017-10-19T22:54:56+00:00\",\"dateModified\":\"2022-02-22T13:46:58+00:00\",\"author\":{\"@id\":\"https:\/\/www.p22on.com.br\/#\/schema\/person\/7fc895a9bd2ec411fd1454b133e7b0da\"},\"breadcrumb\":{\"@id\":\"https:\/\/www.p22on.com.br\/2017\/10\/19\/dicionario-dicas-de-videos-leituras\/#breadcrumb\"},\"inLanguage\":\"en-US\",\"potentialAction\":[{\"@type\":\"ReadAction\",\"target\":[\"https:\/\/www.p22on.com.br\/2017\/10\/19\/dicionario-dicas-de-videos-leituras\/\"]}]},{\"@type\":\"BreadcrumbList\",\"@id\":\"https:\/\/www.p22on.com.br\/2017\/10\/19\/dicionario-dicas-de-videos-leituras\/#breadcrumb\",\"itemListElement\":[{\"@type\":\"ListItem\",\"position\":1,\"name\":\"In\u00edcio\",\"item\":\"https:\/\/www.p22on.com.br\/\"},{\"@type\":\"ListItem\",\"position\":2,\"name\":\"Dicion\u00e1rio, dicas de v\u00eddeos & leituras\"}]},{\"@type\":\"WebSite\",\"@id\":\"https:\/\/www.p22on.com.br\/#website\",\"url\":\"https:\/\/www.p22on.com.br\/\",\"name\":\"P22_ON\",\"description\":\"\",\"potentialAction\":[{\"@type\":\"SearchAction\",\"target\":{\"@type\":\"EntryPoint\",\"urlTemplate\":\"https:\/\/www.p22on.com.br\/?s={search_term_string}\"},\"query-input\":\"required name=search_term_string\"}],\"inLanguage\":\"en-US\"},{\"@type\":\"Person\",\"@id\":\"https:\/\/www.p22on.com.br\/#\/schema\/person\/7fc895a9bd2ec411fd1454b133e7b0da\",\"name\":\"P\u00e1gina22\",\"image\":{\"@type\":\"ImageObject\",\"inLanguage\":\"en-US\",\"@id\":\"https:\/\/www.p22on.com.br\/#\/schema\/person\/image\/\",\"url\":\"https:\/\/secure.gravatar.com\/avatar\/75bff9c570b228ec0455ff0788a3e2f4?s=96&d=mm&r=g\",\"contentUrl\":\"https:\/\/secure.gravatar.com\/avatar\/75bff9c570b228ec0455ff0788a3e2f4?s=96&d=mm&r=g\",\"caption\":\"P\u00e1gina22\"},\"url\":\"https:\/\/www.p22on.com.br\/author\/pagina22\/\"}]}<\/script>\n<!-- \/ Yoast SEO plugin. -->","yoast_head_json":{"title":"Dicion\u00e1rio, dicas de v\u00eddeos & leituras","description":"Compila\u00e7\u00e3o por Am\u00e1lia Safatle Dicion\u00e1rio: conhe\u00e7a o significado de express\u00f5es usadas nesta edi\u00e7\u00e3o de P22_ON Avalia\u00e7\u00e3o de Ciclo de Vida (ACV) \u2013 T\u00e9cnica desenvolvida para medir poss\u00edveis impactos ambientais resultantes da fabrica\u00e7\u00e3o e utiliza\u00e7\u00e3o de determinado produto ou servi\u00e7o, segundo o Instituto Brasileiro de Informa\u00e7\u00e3o em Ci\u00eancia e Tecnologia. A abordagem sist\u00eamica da ACV \u00e9&hellip;","robots":{"index":"index","follow":"follow","max-snippet":"max-snippet:-1","max-image-preview":"max-image-preview:large","max-video-preview":"max-video-preview:-1"},"canonical":"https:\/\/www.p22on.com.br\/2017\/10\/19\/dicionario-dicas-de-videos-leituras\/","og_locale":"en_US","og_type":"article","og_title":"Dicion\u00e1rio, dicas de v\u00eddeos & leituras","og_description":"Compila\u00e7\u00e3o por Am\u00e1lia Safatle Dicion\u00e1rio: conhe\u00e7a o significado de express\u00f5es usadas nesta edi\u00e7\u00e3o de P22_ON Avalia\u00e7\u00e3o de Ciclo de Vida (ACV) \u2013 T\u00e9cnica desenvolvida para medir poss\u00edveis impactos ambientais resultantes da fabrica\u00e7\u00e3o e utiliza\u00e7\u00e3o de determinado produto ou servi\u00e7o, segundo o Instituto Brasileiro de Informa\u00e7\u00e3o em Ci\u00eancia e Tecnologia. A abordagem sist\u00eamica da ACV \u00e9&hellip;","og_url":"https:\/\/www.p22on.com.br\/2017\/10\/19\/dicionario-dicas-de-videos-leituras\/","og_site_name":"P22_ON","article_publisher":"https:\/\/www.facebook.com\/p22on","article_published_time":"2017-10-19T22:54:56+00:00","article_modified_time":"2022-02-22T13:46:58+00:00","og_image":[{"width":2844,"height":1896,"url":"https:\/\/www.p22on.com.br\/wp-content\/uploads\/2017\/10\/unnamed.jpg","type":"image\/jpeg"}],"author":"P\u00e1gina22","twitter_card":"summary_large_image","twitter_creator":"@p22on","twitter_site":"@p22on","twitter_misc":{"Written by":"P\u00e1gina22","Est. reading time":"9 minutes"},"schema":{"@context":"https:\/\/schema.org","@graph":[{"@type":"WebPage","@id":"https:\/\/www.p22on.com.br\/2017\/10\/19\/dicionario-dicas-de-videos-leituras\/","url":"https:\/\/www.p22on.com.br\/2017\/10\/19\/dicionario-dicas-de-videos-leituras\/","name":"Dicion\u00e1rio, dicas de v\u00eddeos & leituras - P22_ON","isPartOf":{"@id":"https:\/\/www.p22on.com.br\/#website"},"datePublished":"2017-10-19T22:54:56+00:00","dateModified":"2022-02-22T13:46:58+00:00","author":{"@id":"https:\/\/www.p22on.com.br\/#\/schema\/person\/7fc895a9bd2ec411fd1454b133e7b0da"},"breadcrumb":{"@id":"https:\/\/www.p22on.com.br\/2017\/10\/19\/dicionario-dicas-de-videos-leituras\/#breadcrumb"},"inLanguage":"en-US","potentialAction":[{"@type":"ReadAction","target":["https:\/\/www.p22on.com.br\/2017\/10\/19\/dicionario-dicas-de-videos-leituras\/"]}]},{"@type":"BreadcrumbList","@id":"https:\/\/www.p22on.com.br\/2017\/10\/19\/dicionario-dicas-de-videos-leituras\/#breadcrumb","itemListElement":[{"@type":"ListItem","position":1,"name":"In\u00edcio","item":"https:\/\/www.p22on.com.br\/"},{"@type":"ListItem","position":2,"name":"Dicion\u00e1rio, dicas de v\u00eddeos & leituras"}]},{"@type":"WebSite","@id":"https:\/\/www.p22on.com.br\/#website","url":"https:\/\/www.p22on.com.br\/","name":"P22_ON","description":"","potentialAction":[{"@type":"SearchAction","target":{"@type":"EntryPoint","urlTemplate":"https:\/\/www.p22on.com.br\/?s={search_term_string}"},"query-input":"required name=search_term_string"}],"inLanguage":"en-US"},{"@type":"Person","@id":"https:\/\/www.p22on.com.br\/#\/schema\/person\/7fc895a9bd2ec411fd1454b133e7b0da","name":"P\u00e1gina22","image":{"@type":"ImageObject","inLanguage":"en-US","@id":"https:\/\/www.p22on.com.br\/#\/schema\/person\/image\/","url":"https:\/\/secure.gravatar.com\/avatar\/75bff9c570b228ec0455ff0788a3e2f4?s=96&d=mm&r=g","contentUrl":"https:\/\/secure.gravatar.com\/avatar\/75bff9c570b228ec0455ff0788a3e2f4?s=96&d=mm&r=g","caption":"P\u00e1gina22"},"url":"https:\/\/www.p22on.com.br\/author\/pagina22\/"}]}},"_links":{"self":[{"href":"https:\/\/www.p22on.com.br\/wp-json\/wp\/v2\/posts\/1475"}],"collection":[{"href":"https:\/\/www.p22on.com.br\/wp-json\/wp\/v2\/posts"}],"about":[{"href":"https:\/\/www.p22on.com.br\/wp-json\/wp\/v2\/types\/post"}],"author":[{"embeddable":true,"href":"https:\/\/www.p22on.com.br\/wp-json\/wp\/v2\/users\/3"}],"replies":[{"embeddable":true,"href":"https:\/\/www.p22on.com.br\/wp-json\/wp\/v2\/comments?post=1475"}],"version-history":[{"count":18,"href":"https:\/\/www.p22on.com.br\/wp-json\/wp\/v2\/posts\/1475\/revisions"}],"predecessor-version":[{"id":3897,"href":"https:\/\/www.p22on.com.br\/wp-json\/wp\/v2\/posts\/1475\/revisions\/3897"}],"wp:featuredmedia":[{"embeddable":true,"href":"https:\/\/www.p22on.com.br\/wp-json\/wp\/v2\/media\/1485"}],"wp:attachment":[{"href":"https:\/\/www.p22on.com.br\/wp-json\/wp\/v2\/media?parent=1475"}],"wp:term":[{"taxonomy":"category","embeddable":true,"href":"https:\/\/www.p22on.com.br\/wp-json\/wp\/v2\/categories?post=1475"},{"taxonomy":"post_tag","embeddable":true,"href":"https:\/\/www.p22on.com.br\/wp-json\/wp\/v2\/tags?post=1475"}],"curies":[{"name":"wp","href":"https:\/\/api.w.org\/{rel}","templated":true}]}}