{"id":1946,"date":"2018-03-10T15:35:07","date_gmt":"2018-03-10T18:35:07","guid":{"rendered":"http:\/\/www.p22on.com.br\/?p=1946"},"modified":"2022-02-22T09:49:24","modified_gmt":"2022-02-22T12:49:24","slug":"dicionario-dicas-de-videos-filmes-e-leituras","status":"publish","type":"post","link":"https:\/\/www.p22on.com.br\/2018\/03\/10\/dicionario-dicas-de-videos-filmes-e-leituras\/","title":{"rendered":"Dicion\u00e1rio & dicas de v\u00eddeos, filmes e leituras"},"content":{"rendered":"<p><em>Compilado por Am\u00e1lia Safatle<\/em><\/p>\n<p style=\"text-align: center;\"><strong>Dicion\u00e1rio<\/strong><\/p>\n<p><strong>A jusante <\/strong>\u2013 Em um curso d\u2019\u00e1gua, serve para localizar um ponto referente \u00e0 dire\u00e7\u00e3o da foz. A montante refere-se \u00e0 dire\u00e7\u00e3o da nascente.<strong>\u00a0<\/strong><\/p>\n<p><strong>Adapta\u00e7\u00e3o <\/strong>\u2013 Iniciativas e medidas para reduzir a vulnerabilidade dos sistemas naturais e humanos em face dos efeitos atuais e daqueles esperados em raz\u00e3o da mudan\u00e7a do clima. A transfer\u00eancia de popula\u00e7\u00f5es de zonas costeiras baixas para zonas mais altas e\u0301 um exemplo de adapta\u00e7\u00e3o \u00e0 eleva\u00e7\u00e3o do n\u00edvel dos oceanos. Diferentemente da mitiga\u00e7\u00e3o, a adapta\u00e7\u00e3o envolve a\u00e7\u00f5es e pol\u00edticas que s\u00e3o planejadas para contemplar tamb\u00e9m outros objetivos e envolvem m\u00faltiplos setores. Assim, implicam uma complexidade conceitual e tem\u00e1tica, representando um cl\u00e1ssico problema global de diferentes escalas de tomada de decis\u00e3o, caracterizado por uma grande diversidade de atores, m\u00faltiplos estressores e variadas escalas de tempo.<\/p>\n<p><strong>Adapta\u00e7\u00e3o baseada em Ecossistema (AbE)<\/strong> \u2013 Segundo o Programa das Na\u00e7\u00f5es para o Meio Ambiente (Pnuma), significa o uso dos servi\u00e7os ecossist\u00eamicos e da biodiversidade como parte de uma estrat\u00e9gia de <strong>adapta\u00e7\u00e3o<\/strong> mais ampla para auxiliar as pessoas e as comunidades a lidarem com os efeitos negativos da mudan\u00e7a clim\u00e1tica \u2013 em n\u00edvel local, nacional, regional e global. Um exemplo de AbE s\u00e3o os manguezais funcionando como barreiras que det\u00eam o avan\u00e7o do mar sobre ilhas e continentes.<strong>\u00a0<\/strong><\/p>\n<p><strong>Agenda 2030<\/strong> \u2013 Lan\u00e7ada em 2015 pela ONU, prop\u00f5e um plano de a\u00e7\u00e3o para as na\u00e7\u00f5es com vistas a atingir o desenvolvimento sustent\u00e1vel em um mundo pac\u00edfico, igualit\u00e1rio e justo. A partir dessa proposta, foram elaborados <a href=\"https:\/\/nacoesunidas.org\/conheca-os-novos-17-objetivos-de-desenvolvimento-sustentavel-da-onu\/\" target=\"_blank\" rel=\"noopener\">17 objetivos<\/a> com metas pr\u00f3prias. Os chamados Objetivos de Desenvolvimento Sustent\u00e1vel (ODS) s\u00e3o integrados, indivis\u00edveis e equilibram as dimens\u00f5es econ\u00f4mica, social e ambiental.<\/p>\n<p><strong>Banco de \u00e1gua<\/strong> \u2013 Mecanismo cujo objetivo \u00e9 o de facilitar transfer\u00eancias volunt\u00e1rias de \u00e1gua.<\/p>\n<p><strong>Bem econ\u00f4mico comum<\/strong> \u2013 Bem ou recurso com alto grau de rivalidade (quando o uso de um indiv\u00edduo reduz a quantidade dispon\u00edvel para os outros) e baixo grau de excludabilidade (quando pessoas que n\u00e3o pagam pelo bem n\u00e3o podem ser prevenidas de us\u00e1-lo). Difere do conceito de <strong>propriedade comum<\/strong>.<\/p>\n<p><em><strong>Cap &amp; trade<\/strong><\/em> \u2013 mecanismo de mercado pelo qual s\u00e3o definidos limites para poluir (como emitir carbono). Os que n\u00e3o atingiram o teto (<em>cap<\/em>) podem comercializar <em>(trade<\/em>) os direitos de sobra para aqueles que precisam emitir al\u00e9m do pr\u00f3prio limite.<\/p>\n<p><strong>Cobran\u00e7a pelo uso da \u00e1gua \u2013<\/strong> Um dos instrumentos de gest\u00e3o da Pol\u00edtica Nacional de Recursos H\u00eddricos, institu\u00edda pela <a href=\"http:\/\/www.planalto.gov.br\/ccivil_03\/Leis\/L9433.htm\" target=\"_blank\" rel=\"noopener\">Lei n\u00ba 9.433\/97<\/a>. A cobran\u00e7a n\u00e3o \u00e9 um imposto, mas uma remunera\u00e7\u00e3o pelo uso de um bem p\u00fablico. Trata-se de um pre\u00e7o abrangente para a \u00e1gua que reflete a competi\u00e7\u00e3o pelo uso em uma regi\u00e3o e os custos de tratamento. Seu objetivo \u00e9 dar ao usu\u00e1rio uma indica\u00e7\u00e3o do real valor da \u00e1gua; incentivar o uso racional e obter recursos financeiros para recupera\u00e7\u00e3o das bacias hidrogr\u00e1ficas do Pa\u00eds. A legisla\u00e7\u00e3o, tamb\u00e9m, estabelece que recursos arrecadados devem ser utilizados na recupera\u00e7\u00e3o das bacias hidrogr\u00e1ficas em que s\u00e3o gerados, mas ainda existem dificuldades de quantificar o montante que retorna para o usu\u00e1rio em termos de disponibilidade h\u00eddrica.<\/p>\n<p><strong>Custo-efetividade \u2013 <\/strong>Qualidade de fazer com que um determinado objetivo seja atingido ao menor custo poss\u00edvel.<strong>\u00a0<\/strong><\/p>\n<p><strong>Efici\u00eancia alocativa \u2013<\/strong> Uso da \u00e1gua por aquelas atividades que geram mais valor.<\/p>\n<p><strong>Efici\u00eancia t\u00e9cnica<\/strong> (ou produtiva) \u2013 Emprego de tecnologias mais eficientes para o uso da \u00e1gua.<\/p>\n<p><strong>Enc\u00edclica papal<\/strong> \u2013 A enc\u00edclica em vigor atualmente foi lan\u00e7ada em 2015 pelo papa Francisco. A <em>Louvado Seja<\/em> convoca os crist\u00e3os a refletir sobre os males que a humanidade tem causado \u00e0 vida na Terra em virtude da busca do poder e do progresso econ\u00f4mico.<\/p>\n<p><strong>Escassez econ\u00f4mica<\/strong> \u2013 Situa\u00e7\u00e3o em que a demanda por determinado bem ou servi\u00e7o \u00e9 superior \u00e0 oferta desse mesmo bem ou servi\u00e7o.<\/p>\n<p><strong>Escassez h\u00eddrica absoluta<\/strong> \u2013 disponibilidade h\u00eddrica inferior a 500 m\u00b3 de \u00e1gua por pessoa por ano.<\/p>\n<p><strong>Estresse h\u00eddrico \u2013<\/strong> impossibilidade de atendimento das demandas humanas e ambientais por \u00e1gua, inclusive devido \u00e0 baixa qualidade da \u00e1gua dispon\u00edvel. Conceito mais abrangente do que o de escassez h\u00eddrica.<\/p>\n<p><strong>Eventos clim\u00e1ticos extremos<\/strong> \u2013 fen\u00f4menos caracterizados por secas e cheias intensas e ondas de calor e frio severas. Sua frequ\u00eancia, dura\u00e7\u00e3o e intensidade recebem influ\u00eancia da mudan\u00e7a clim\u00e1tica global.<\/p>\n<p><strong>Externalidades \u2013 <\/strong>Reflexos negativos ou positivos de uma atividade que s\u00e3o sentidos por aqueles que pouco ou nada contribu\u00edram para ger\u00e1-los. No caso de externalidades negativas<strong>, <\/strong>os preju\u00edzos impostos \u00e0 sociedade n\u00e3o s\u00e3o arcados por aqueles que os provocam.<\/p>\n<p><strong>Governan\u00e7a h\u00eddrica<\/strong> \u2013 segundo o Programa das Na\u00e7\u00f5es Unidas para Desenvolvimento (Pnud), s\u00e3o sistemas pol\u00edticos, sociais, econ\u00f4micos e administrativos relacionados \u00e0 gest\u00e3o, servi\u00e7os e uso de recursos h\u00eddricos. Inclui formula\u00e7\u00e3o, estabelecimento e implementa\u00e7\u00e3o de pol\u00edticas, legisla\u00e7\u00e3o, institui\u00e7\u00f5es e estabelecimento de papeis e responsabilidades do governo, sociedade civil e setor privado.<\/p>\n<p>No conceito elaborado pela Organiza\u00e7\u00e3o para a Coopera\u00e7\u00e3o e o Desenvolvimento Econ\u00f4mico (OCDE), trata-se de um conjunto de regras pol\u00edticas, institucionais e administrativas, al\u00e9m de pr\u00e1ticas e processos (formais e informais) por meio dos quais as decis\u00f5es s\u00e3o tomadas e implementadas; as partes interessadas articulam os seus interesses e t\u00eam as suas preocupa\u00e7\u00f5es consideradas; e os tomadores de decis\u00e3o s\u00e3o responsabilizados pelos procedimentos e resultados da gest\u00e3o da \u00e1gua.<\/p>\n<p><strong>Hidrointensivo<\/strong> \u2013 processo produtivo e\/ou em seu uso que utiliza, proporcionalmente ao valor adicionado, grande quantidade de \u00e1gua.<\/p>\n<p><strong>Instrumentos econ\u00f4micos <\/strong>\u2013 conjunto de ferramentas e pol\u00edticas ancoradas nos mercados e sistema de pre\u00e7os, que fornecem uma alternativa a instrumentos de comando e controle. Buscam corrigir externalidades, garantir compensa\u00e7\u00e3o ambiental, estimular novas tecnologias, reduzir custos de cumprimento da regula\u00e7\u00e3o e promover um equil\u00edbrio entre efetividade ambiental, efici\u00eancia econ\u00f4mica e efic\u00e1cia na gest\u00e3o de recursos h\u00eddricos.<\/p>\n<p><strong>Jurisdi\u00e7\u00e3o<\/strong> \u2013 espa\u00e7o geogr\u00e1fico sujeito a um mesmo conjunto de leis (pa\u00eds, estado, munic\u00edpio, bacia hidrogr\u00e1fica etc.).<\/p>\n<p><strong><em>Low-hanging fruits<\/em><\/strong> \u2013 express\u00e3o inglesa que denota objetivos f\u00e1ceis de atingir, que n\u00e3o requerem muito esfor\u00e7o.<\/p>\n<p><strong>Mercado de \u00e1gua <\/strong>\u2013 mecanismo pelo qual usu\u00e1rios de \u00e1gua, voluntariamente, transacionam ou realocam seus direitos de uso ou extra\u00e7\u00e3o de \u00e1gua \u2013 de forma parcial ou total, tempor\u00e1ria ou permanente \u2013, de acordo com suas necessidades e obedecendo a eventuais condi\u00e7\u00f5es impostas por \u00f3rg\u00e3o regulador.<\/p>\n<p><strong><em>No-regret<\/em><\/strong> \u2013 medida de adapta\u00e7\u00e3o \u00e0 mudan\u00e7a do clima caracterizada por gerar benef\u00edcios em diferentes cen\u00e1rios clim\u00e1ticos. A l\u00f3gica \u00e9 que, se adotada de forma robusta, levando em considera\u00e7\u00e3o tamb\u00e9m o cen\u00e1rio futuro, n\u00e3o h\u00e1 perda de recursos e, portanto, n\u00e3o h\u00e1 arrependimento em sua implementa\u00e7\u00e3o. Uma abordagem adicional \u00e9 que, considerados os riscos futuros, se uma medida tem o custo de implanta\u00e7\u00e3o menor que o custo das perdas evitadas por sua ado\u00e7\u00e3o, tamb\u00e9m n\u00e3o h\u00e1 arrependimento.<\/p>\n<p>J\u00e1 a medida <em>low-regret<\/em> (de baixo arrependimento) se apresenta como boa estrat\u00e9gia, mas n\u00e3o sob todos os cen\u00e1rios e varia\u00e7\u00f5es postos pelas incertezas. Depende de an\u00e1lise mais aprofundada para serem adotadas.<\/p>\n<p><strong>Outorga<\/strong> \u2013 Licen\u00e7a concedida pelo Poder P\u00fablico para capta\u00e7\u00e3o de \u00e1gua destinada a processo industrial ou irriga\u00e7\u00e3o, lan\u00e7amento de efluentes industriais ou urbanos, ou ainda \u00e0 constru\u00e7\u00e3o de obras hidr\u00e1ulicas como barragens, canaliza\u00e7\u00f5es de rios, execu\u00e7\u00e3o de po\u00e7os profundos etc. \u00c9 concedida observando-se determinado per\u00edodo, finalidade e condi\u00e7\u00e3o de uso.<\/p>\n<p><strong>Pagamento por Servi\u00e7os Ambientais (PSA) <\/strong>\u2013 Sistema de remunera\u00e7\u00e3o por meio do qual o agente que promove o benef\u00edcio ambiental \u00e9 recompensado e o benefici\u00e1rio deve pagar o valor econ\u00f4mico referente.<strong>\u00a0<\/strong><\/p>\n<p><strong>Pensamento de Ciclo de Vida<\/strong> \u2013 Modo de pensar que considera implica\u00e7\u00f5es do \u201cber\u00e7o ao t\u00famulo\u201d, ou seja, de todo o ciclo de vida do produto. O ciclo de vida corresponde ao conjunto de etapas necess\u00e1rias para que um produto cumpra sua fun\u00e7\u00e3o \u2013 que v\u00e3o desde a obten\u00e7\u00e3o dos recursos naturais at\u00e9 seu destino final, ap\u00f3s o cumprimento da fun\u00e7\u00e3o.<\/p>\n<p><strong>Pol\u00edtica Nacional de Recursos H\u00eddricos<\/strong> \u2013 institu\u00edda pela Lei 9.433\/97, tem como princ\u00edpios:<\/p>\n<ol>\n<li>A \u00e1gua \u00e9 um bem de dom\u00ednio p\u00fablico.<\/li>\n<li>A \u00e1gua \u00e9 um recurso natural limitado, dotado de valor econ\u00f4mico.<\/li>\n<li>Em situa\u00e7\u00f5es de escassez, o uso priorit\u00e1rio dos recursos h\u00eddricos \u00e9 o consumo humano e a dessedenta\u00e7\u00e3o de animais.<\/li>\n<li>A gest\u00e3o dos recursos h\u00eddricos deve sempre proporcionar o uso m\u00faltiplo das \u00e1guas.<\/li>\n<li>A bacia hidrogr\u00e1fica \u00e9 a unidade territorial para implementa\u00e7\u00e3o da PNRH e atua\u00e7\u00e3o do Singreh.<\/li>\n<li>A gest\u00e3o dos recursos h\u00eddricos deve ser descentralizada e contar com a participa\u00e7\u00e3o do poder p\u00fablico, dos usu\u00e1rios e das comunidades.<\/li>\n<\/ol>\n<p>E objetivos:<\/p>\n<ol>\n<li>Assegurar \u00e0 atual e \u00e0s futuras gera\u00e7\u00f5es a necess\u00e1ria disponibilidade de \u00e1gua, em padr\u00f5es de qualidade adequados aos respectivos usos.<\/li>\n<li>A utiliza\u00e7\u00e3o racional e integrada dos recursos h\u00eddricos, incluindo o transporte aquavi\u00e1rio, com vistas ao desenvolvimento sustent\u00e1vel.<\/li>\n<\/ol>\n<p>III.\u00a0\u00a0\u00a0\u00a0\u00a0\u00a0 A preven\u00e7\u00e3o e a defesa contra eventos hidrol\u00f3gicos cr\u00edticos de origem natural ou decorrentes do uso inadequado dos recursos naturais.<\/p>\n<p><strong>Propriedade comum<\/strong> \u2013 tipo de regime de propriedade em que as regras e condi\u00e7\u00f5es associadas ao uso ou extra\u00e7\u00e3o de um bem ou recurso s\u00e3o oriundas de um processo de decis\u00e3o coletiva, ou seja, um grupo de indiv\u00edduos compartilha os direitos de propriedade de um bem\/recurso.<\/p>\n<p><strong>Recursos renov\u00e1veis<\/strong> \u2013 recursos naturais que, ap\u00f3s explorados, podem ser repostos na natureza por meio de processos naturais de crescimento e reabastecimento. Por\u00e9m, existe um limite para o uso, a partir do qual a regenera\u00e7\u00e3o torna-se imposs\u00edvel.<\/p>\n<p>Recursos h\u00eddricos s\u00e3o renov\u00e1veis, mas sua regenera\u00e7\u00e3o depende de um sistema complexo ligado essencialmente \u00e0s quantidades de precipita\u00e7\u00e3o e de evapotranspira\u00e7\u00e3o e a fatores locais. Segundo o Conselho Empresarial Brasileiro para o Desenvolvimento Sustent\u00e1vel (Cebds), isso significa que, mesmo que a \u00e1gua evapore, a precipita\u00e7\u00e3o n\u00e3o necessariamente ser\u00e1 no mesmo local, ou no lugar adequado, tampouco em quantidade necess\u00e1ria para atender \u00e0s demandas. Portanto, este recurso somente pode ser considerado renov\u00e1vel se for bem gerido.<\/p>\n<p><strong>Sistemas agroflorestais<\/strong> \u2013 S\u00e3o cons\u00f3rcios de culturas agr\u00edcolas com esp\u00e9cies arb\u00f3reas que podem ser utilizados para restaurar florestas e recuperar \u00e1reas degradadas. Segundo a Embrapa, a tecnologia ameniza limita\u00e7\u00f5es do terreno, minimiza riscos de degrada\u00e7\u00e3o inerentes \u00e0 atividade agr\u00edcola e otimiza a produtividade a ser obtida. H\u00e1 diminui\u00e7\u00e3o na perda de fertilidade do solo e no ataque a pragas. A utiliza\u00e7\u00e3o de \u00e1rvores \u00e9 fundamental para a recupera\u00e7\u00e3o das fun\u00e7\u00f5es ecol\u00f3gicas, uma vez que possibilita o restabelecimento de boa parte das rela\u00e7\u00f5es entre as plantas e os animais.<\/p>\n<p><strong>Trag\u00e9dia dos comuns<\/strong> \u2013 situa\u00e7\u00e3o em que um bem ou recurso rival (quando o consumo de um indiv\u00edduo reduz o consumo dos demais) e n\u00e3o excludente (quando um indiv\u00edduo que n\u00e3o paga pelo bem ou servi\u00e7o n\u00e3o pode ser prevenido de acess\u00e1-lo) \u00e9 governado por um regime de propriedade de livre acesso e, assim, \u00e9 propenso \u00e0 superexplora\u00e7\u00e3o, levando a <strong>externalidades.<\/strong><\/p>\n<p style=\"text-align: center;\"><strong>V\u00eddeos, filmes &amp; leituras<\/strong><\/p>\n<p><strong>Mar de lixo<\/strong><\/p>\n<p>N\u00e3o h\u00e1 escapat\u00f3ria: o lixo inadvertidamente jogado em ruas e rios desemboca nos mares. <a href=\"https:\/\/www.facebook.com\/cheeseandjamsandwich\/videos\/10155747979743183\/?t=8\">Neste v\u00eddeo<\/a>\u00a0no Facebook divulgado por um mergulhador e ativista, \u00e9 poss\u00edvel ver o estrago e entender por que n\u00e3o tem como jogar as embalagens \u201cfora\u201d. Elas s\u00f3 mudam de lugar, se n\u00e3o forem reutilizadas, recicladas ou, melhor ainda, evitadas. Neste ponto do mar em Bali, o mergulhador atravessa um verdadeiro mar de lixo tragado por correntes mar\u00edtimas. Isso sem falar no pl\u00e1stico invis\u00edvel, quebrado em micropart\u00edculas.<\/p>\n<p><strong>Volta, Pinheiros<\/strong><\/p>\n<p>E, por falar em polui\u00e7\u00e3o das \u00e1guas, o movimento <a href=\"https:\/\/www.facebook.com\/hashtag\/voltapinheiros?source=feed_text\" target=\"_blank\" rel=\"noopener\">#VoltaPinheiros<\/a>, instalou no in\u00edcio de mar\u00e7o dois infl\u00e1veis em formato de emoji de coc\u00f4 no Rio Pinheiros. O protesto \u00e9 uma manifesta\u00e7\u00e3o art\u00edstica que busca mobilizar e engajar a popula\u00e7\u00e3o em prol da revitaliza\u00e7\u00e3o do Pinheiros, um dos dois principais rios que cortam a cidade de S\u00e3o Paulo. \u201cPrecisamos urgentemente p\u00f4r esse assunto na pauta pol\u00edtica. Todos os \u00f3rg\u00e3os do governo com quem conversamos dizem que em tr\u00eas anos seria poss\u00edvel que o rio estivesse utiliz\u00e1vel e sem cheiro, mas n\u00e3o h\u00e1 vontade pol\u00edtica\u201d, afirma Marcelo Reis, idealizador do movimento.<\/p>\n<p><a href=\"http:\/\/www.p22on.com.br\/wp-content\/uploads\/2018\/03\/10internaRioPinheiros.jpg\"><img loading=\"lazy\" decoding=\"async\" class=\"size-full wp-image-2041\" src=\"http:\/\/www.p22on.com.br\/wp-content\/uploads\/2018\/03\/10internaRioPinheiros.jpg\" alt=\"Os infl\u00e1veis possuem 4 x 4 metros e foram produzidos com PVC, um material recicl\u00e1vel. Ap\u00f3s a retirada, o \u201cemoji\u201d ser\u00e1 encaminhado para reciclagem. \" width=\"654\" height=\"491\" srcset=\"https:\/\/www.p22on.com.br\/wp-content\/uploads\/2018\/03\/10internaRioPinheiros.jpg 654w, https:\/\/www.p22on.com.br\/wp-content\/uploads\/2018\/03\/10internaRioPinheiros-300x225.jpg 300w\" sizes=\"(max-width: 654px) 100vw, 654px\" \/><\/a><\/p>\n<p>Os infl\u00e1veis possuem 4 x 4 metros e foram produzidos com PVC, um material recicl\u00e1vel. Ap\u00f3s a retirada, o \u201cemoji\u201d seria encaminhado para reciclagem.<\/p>\n<p><strong>Ao fim e ao cabo<\/strong><\/p>\n<p>S\u00e3o Paulo \u00e9 uma das cidades que deveriam prestar um cuidado melhor a seus mananciais e rios, pois faz parte de um grupo sob risco de seguir o mesmo destino da Cidade do Cabo, que por um triz n\u00e3o ficou completamente desabastecida. O \u201cDia Zero\u201d, esgotamento dos reservat\u00f3rios que era previsto para abril, faria da capital sul-africana a primeira grande cidade da era moderna a ficar sem \u00e1gua pot\u00e1vel. Mas o rel\u00f3gio de contagem regressiva para 2019, com medidas emergenciais e a colabora\u00e7\u00e3o da popula\u00e7\u00e3o. A cidade, no entanto, depende da regularidade das chuvas de inverno para evitar o colapso este ano.<\/p>\n<p>O gr\u00e1fico abaixo mostra como o n\u00edvel dos reservat\u00f3rios, ainda que alimentado nos per\u00edodos de chuva, foi decaindo ao longo do tempo:<\/p>\n<p><a href=\"http:\/\/www.p22on.com.br\/wp-content\/uploads\/2018\/03\/10internaDados-de-chuvas-Cidade-do-Cabo.jpg\"><img loading=\"lazy\" decoding=\"async\" class=\"alignleft size-full wp-image-2044\" src=\"http:\/\/www.p22on.com.br\/wp-content\/uploads\/2018\/03\/10internaDados-de-chuvas-Cidade-do-Cabo.jpg\" alt=\"10internaDados de chuvas - Cidade do Cabo\" width=\"837\" height=\"379\" srcset=\"https:\/\/www.p22on.com.br\/wp-content\/uploads\/2018\/03\/10internaDados-de-chuvas-Cidade-do-Cabo.jpg 837w, https:\/\/www.p22on.com.br\/wp-content\/uploads\/2018\/03\/10internaDados-de-chuvas-Cidade-do-Cabo-300x136.jpg 300w\" sizes=\"(max-width: 837px) 100vw, 837px\" \/><\/a><\/p>\n<p><strong>O que \u00e9 desenvolvimento?<\/strong><\/p>\n<p>Tendo como partida a seca de 2015 no Sudeste, com seus imensos reservat\u00f3rios esvaziados, uma documentarista vai ao meio da Floresta Amaz\u00f4nica tentar entender as barragens fara\u00f4nicas destinadas \u00e0 produ\u00e7\u00e3o energia. Entre os rios Xingu, Tapaj\u00f3s e Ene, ecoam vozes de ribeirinhos, pescadores e povos ind\u00edgenas atropelados pela chegada do chamado desenvolvimento. A vida de uns precisa dar lugar para o conforto de outros. Mas quem pode decidir qual vida tem mais import\u00e2ncia? <a href=\"https:\/\/vimeo.com\/185347442\" target=\"_blank\" rel=\"noopener\">Assista aqui ao trailer<\/a> de <em>O Jabuti e a Anta<\/em>.<\/p>\n<p><iframe loading=\"lazy\" title=\"O Jabuti e a Anta_Trailer Oficial\" src=\"https:\/\/player.vimeo.com\/video\/185347442?h=0e8cf93896&amp;dnt=1&amp;app_id=122963\" width=\"800\" height=\"450\" frameborder=\"0\" allow=\"autoplay; fullscreen; picture-in-picture\" allowfullscreen><\/iframe><\/p>\n<p><strong>Grade completa<\/strong><\/p>\n<p><em>O Jabuti e a Anta<\/em> \u00e9 um dos filmes selecionados para o Green Film Festival, a serem exibidos no Cine Bras\u00edlia, de 18 a 23 de mar\u00e7o, dentro da programa\u00e7\u00e3o do F\u00f3rum Mundial da \u00c1gua 2018. Acesse a <a href=\"http:\/\/filmambiente.com\/festival\/pt\/green-film-program-no-forum-mundial-da-agua-2018\/\" target=\"_blank\" rel=\"noopener\">lista completa<\/a>.<\/p>\n<p><strong>Com emo\u00e7\u00e3o<\/strong><\/p>\n<p>Entre os filmes da programa\u00e7\u00e3o, <a href=\"https:\/\/vimeo.com\/185073581\" target=\"_blank\" rel=\"noopener\"><em>Detox SP<\/em><\/a> explora a conex\u00e3o da \u00e1gua com o fluxo da vida, os sentimentos e as emo\u00e7\u00f5es. \u201cEm-mo\u00e7\u00e3o, [significa] em movimento, um fluxo\u201d, diz uma das entrevistadas no document\u00e1rio, segundo o qual \u00e9 poss\u00edvel conhecer uma sociedade pela forma com que trata suas \u00e1guas.<\/p>\n<p><iframe loading=\"lazy\" title=\"Trailer - DETOX SP\" src=\"https:\/\/player.vimeo.com\/video\/185073581?h=94843b3d2d&amp;dnt=1&amp;app_id=122963\" width=\"800\" height=\"450\" frameborder=\"0\" allow=\"autoplay; fullscreen; picture-in-picture\" allowfullscreen><\/iframe><\/p>\n<p><strong>Fluxos da vida<\/strong><\/p>\n<p>A \u00e1gua que traz a vida toma os mesmos padr\u00f5es e contornos vistos nas folhas das \u00e1rvores, nas veias e art\u00e9rias que irrigam os organismos e na forma\u00e7\u00e3o de cordilheiras e deltas. <em>Sensitive Chaos<\/em> \u2013 <em>The Creation of Flowing Forms in Water and Air<\/em> \u00e9 um livro que mostra as for\u00e7as unificadoras subjacentes a todos os seres vivos, mostrando o fio que une elementos aparentemente desconexos, como o voo dos p\u00e1ssaros, os instrumentos musicais e os \u00f3rg\u00e3os internos, como cora\u00e7\u00e3o, olho e orelha. Publicado em 1962, o livro de Theodor Schwenk \u00e9 prefaciado por Jacques Cousteau.<\/p>\n<p><strong>Outro cl\u00e1ssico<\/strong><\/p>\n<p>Theodor tamb\u00e9m escreveu <em>Water \u2013 The Element of Life<\/em>, juntamente com Wolfram Schwenk. Os autores defendem que a Terra \u00e9 um organismo vivo, tendo a \u00e1gua como um \u00f3rg\u00e3o sensorial. A abordagem dos autores para as atuais crises da \u00e1gua e do meio ambiente ultrapassa as solu\u00e7\u00f5es fragmentadas, ao contr\u00e1rio, com base no conhecimento antropos\u00f3fico, eles entendem que \u00e9 preciso atingir um novo n\u00edvel de consci\u00eancia global.<\/p>\n<p><strong>Mergulho profundo<\/strong><\/p>\n<p><a href=\"http:\/\/www.p22on.com.br\/wp-content\/uploads\/2018\/03\/livro-1.jpg\"><img loading=\"lazy\" decoding=\"async\" class=\"alignleft size-full wp-image-2009\" src=\"http:\/\/www.p22on.com.br\/wp-content\/uploads\/2018\/03\/livro-1.jpg\" alt=\"livro-1\" width=\"5184\" height=\"3456\" srcset=\"https:\/\/www.p22on.com.br\/wp-content\/uploads\/2018\/03\/livro-1.jpg 5184w, https:\/\/www.p22on.com.br\/wp-content\/uploads\/2018\/03\/livro-1-300x200.jpg 300w, https:\/\/www.p22on.com.br\/wp-content\/uploads\/2018\/03\/livro-1-1024x683.jpg 1024w, https:\/\/www.p22on.com.br\/wp-content\/uploads\/2018\/03\/livro-1-1440x960.jpg 1440w\" sizes=\"(max-width: 5184px) 100vw, 5184px\" \/><\/a><\/p>\n<p>Foi lan\u00e7ado em mar\u00e7o no Brasil, pela editora Sesi-SP, o <em>best-seller<\/em> mundial <em>A Terra \u00e9 Azul \u2013 Por que o destino dos oceanos e o nosso \u00e9 um s\u00f3?<\/em> A autora, renomada bi\u00f3loga marinha Sylvia A. Earle, responde \u00e0\u00a0pergunta\u00a0nesta que \u00e9 uma de suas 175 publica\u00e7\u00f5es. Para introduzir o assunto \u2013 e nos tocar fundo \u2013, a ocean\u00f3grafa cita no obra o poeta anglo-americano W.H. Auden: \u201cMilhares pessoas viveram sem amor \u2013 mas nenhuma sem \u00e1gua\u201d.<\/p>\n<p><strong>O lado B do F\u00f3rum<\/strong><\/p>\n<p>Vozes que n\u00e3o se sentiram representadas no F\u00f3rum Mundial da \u00c1gua organizaram uma agenda paralela em Bras\u00edlia-DF. Trata-se do F\u00f3rum Alternativo Mundial da \u00c1gua (Fama). Para saber mais sobre as atividades programadas e como participar, <a href=\"http:\/\/www.fenae.org.br\/portal\/fama-2018\/\" target=\"_blank\" rel=\"noopener\">acesse aqui<\/a>.<\/p>\n<p><strong>Cole\u00e7\u00e3o<\/strong><\/p>\n<p>Ao longo da hist\u00f3ria da <strong><em>Revista P\u00e1gina22<\/em><\/strong>, a \u00e1gua foi um tema frequentemente abordado. Confira aqui nossas edi\u00e7\u00f5es anteriores:<\/p>\n<p><a href=\"http:\/\/www.p22on.com.br\/wp-content\/uploads\/2018\/03\/capa1-2.png\"><img loading=\"lazy\" decoding=\"async\" class=\"alignleft size-full wp-image-2032\" src=\"http:\/\/www.p22on.com.br\/wp-content\/uploads\/2018\/03\/capa1-2.png\" alt=\"capa1 \" width=\"194\" height=\"252\" \/><\/a><\/p>\n<p style=\"text-align: left;\">Agosto de 2016 \u2013 n\u00ba 103 &#8211; <a href=\"http:\/\/pagina22.com.br\/ed-103\/\" target=\"_blank\" rel=\"noopener\">Avan\u00e7amos em temas de fronteira, mas sem resolver o b\u00e1sico: saneamento<\/a><\/p>\n<p><a href=\"http:\/\/www.p22on.com.br\/wp-content\/uploads\/2018\/03\/capa2-2.png\"><img loading=\"lazy\" decoding=\"async\" class=\"aligncenter wp-image-2033 size-full\" src=\"http:\/\/www.p22on.com.br\/wp-content\/uploads\/2018\/03\/capa2-2.png\" alt=\"capa2\" width=\"194\" height=\"251\" \/><\/a><\/p>\n<p>Mar\u00e7o de 2015 \u2013 n\u00ba 93 \u2013 <a href=\"http:\/\/pagina22.com.br\/revistap22\/93\/\" target=\"_blank\" rel=\"noopener\">A crise por tr\u00e1s da crise \u2013 Desabastecimento tem ra\u00edzes na falta de vis\u00e3o sist\u00eamica<\/a><\/p>\n<p><a href=\"http:\/\/www.p22on.com.br\/wp-content\/uploads\/2018\/03\/capa3-2.png\"><img loading=\"lazy\" decoding=\"async\" class=\"aligncenter wp-image-2034 size-full\" src=\"http:\/\/www.p22on.com.br\/wp-content\/uploads\/2018\/03\/capa3-2.png\" alt=\"capa3 2\" width=\"193\" height=\"252\" \/><\/a><\/p>\n<p>Maio de 2014 \u2013 n\u00ba 84 \u2013 <a href=\"http:\/\/pagina22.com.br\/revistap22\/84\/\" target=\"_blank\" rel=\"noopener\">O mito da abund\u00e2ncia vai por \u00e1gua abaixo \u2013 Escassez hist\u00f3rica p\u00f5e em xeque vis\u00e3o do Brasil como pot\u00eancia ambiental<\/a><\/p>\n<p><a href=\"http:\/\/www.p22on.com.br\/wp-content\/uploads\/2018\/03\/capa4.png\"><img loading=\"lazy\" decoding=\"async\" class=\"aligncenter wp-image-2035 size-full\" src=\"http:\/\/www.p22on.com.br\/wp-content\/uploads\/2018\/03\/capa4.png\" alt=\"capa4\" width=\"191\" height=\"253\" \/><\/a><\/p>\n<p>Outubro de 2013 \u2013 n\u00ba 79 \u2013 <a href=\"http:\/\/pagina22.com.br\/revistap22\/79\/\" target=\"_blank\" rel=\"noopener\">S.O.S. OCEANOS \u2013 O ambiente marinho d\u00e1 sinais de exaust\u00e3o. O resgate come\u00e7a por entend\u00ea-lo melhor<\/a><\/p>\n<p><a href=\"http:\/\/www.p22on.com.br\/wp-content\/uploads\/2018\/03\/capa5.png\"><img loading=\"lazy\" decoding=\"async\" class=\"aligncenter wp-image-2036 size-full\" src=\"http:\/\/www.p22on.com.br\/wp-content\/uploads\/2018\/03\/capa5.png\" alt=\"capa5\" width=\"192\" height=\"254\" \/><\/a><\/p>\n<p>Maio de 2009 \u2013 n\u00ba 29 \u2013 <a href=\"http:\/\/pagina22.com.br\/revistap22\/29\/\" target=\"_blank\" rel=\"noopener\">Divisores da \u00e1gua<\/a>, incluindo a cobertura do F\u00f3rum Mundial da \u00c1gua, em Istambul<\/p>\n<p><a href=\"http:\/\/www.p22on.com.br\/wp-content\/uploads\/2018\/03\/capa6.png\"><img loading=\"lazy\" decoding=\"async\" class=\"aligncenter wp-image-2037 size-full\" src=\"http:\/\/www.p22on.com.br\/wp-content\/uploads\/2018\/03\/capa6.png\" alt=\"capa6\" width=\"190\" height=\"255\" \/><\/a><\/p>\n<p>Novembro de 2006 \u2013 n\u00ba 3 \u2013 <a href=\"http:\/\/pagina22.com.br\/wp-content\/uploads\/2009\/07\/ed3.pdf\" target=\"_blank\" rel=\"noopener\">O valor da \u00e1gua \u2013 Da l\u00f3gica do custo \u00e0 urg\u00eancia da conserva\u00e7\u00e3o<\/a><\/p>\n","protected":false},"excerpt":{"rendered":"<p>Compilado por Am\u00e1lia Safatle Dicion\u00e1rio A jusante \u2013 Em um curso d\u2019\u00e1gua, serve para localizar um ponto referente \u00e0 dire\u00e7\u00e3o da foz. A montante refere-se \u00e0 dire\u00e7\u00e3o da nascente.\u00a0 Adapta\u00e7\u00e3o \u2013 Iniciativas e medidas para reduzir a vulnerabilidade dos sistemas naturais e humanos em face dos efeitos atuais e daqueles esperados em raz\u00e3o da mudan\u00e7a [&hellip;]<\/p>\n","protected":false},"author":3,"featured_media":2006,"comment_status":"closed","ping_status":"closed","sticky":false,"template":"","format":"standard","meta":{"footnotes":""},"categories":[1807],"tags":[],"yoast_head":"<!-- This site is optimized with the Yoast SEO plugin v21.5 - https:\/\/yoast.com\/wordpress\/plugins\/seo\/ -->\n<title>Dicion\u00e1rio &amp; dicas de v\u00eddeos, filmes e leituras<\/title>\n<meta name=\"description\" content=\"Compilado por Am\u00e1lia Safatle Dicion\u00e1rio A jusante \u2013 Em um curso d\u2019\u00e1gua, serve para localizar um ponto referente \u00e0 dire\u00e7\u00e3o da foz. A montante refere-se \u00e0 dire\u00e7\u00e3o da nascente.\u00a0 Adapta\u00e7\u00e3o \u2013 Iniciativas e medidas para reduzir a vulnerabilidade dos sistemas naturais e humanos em face dos efeitos atuais e daqueles esperados em raz\u00e3o da mudan\u00e7a&hellip;\" \/>\n<meta name=\"robots\" content=\"index, follow, max-snippet:-1, max-image-preview:large, max-video-preview:-1\" \/>\n<link rel=\"canonical\" href=\"https:\/\/www.p22on.com.br\/2018\/03\/10\/dicionario-dicas-de-videos-filmes-e-leituras\/\" \/>\n<meta property=\"og:locale\" content=\"en_US\" \/>\n<meta property=\"og:type\" content=\"article\" \/>\n<meta property=\"og:title\" content=\"Dicion\u00e1rio &amp; dicas de v\u00eddeos, filmes e leituras\" \/>\n<meta property=\"og:description\" content=\"Compilado por Am\u00e1lia Safatle Dicion\u00e1rio A jusante \u2013 Em um curso d\u2019\u00e1gua, serve para localizar um ponto referente \u00e0 dire\u00e7\u00e3o da foz. A montante refere-se \u00e0 dire\u00e7\u00e3o da nascente.\u00a0 Adapta\u00e7\u00e3o \u2013 Iniciativas e medidas para reduzir a vulnerabilidade dos sistemas naturais e humanos em face dos efeitos atuais e daqueles esperados em raz\u00e3o da mudan\u00e7a&hellip;\" \/>\n<meta property=\"og:url\" content=\"https:\/\/www.p22on.com.br\/2018\/03\/10\/dicionario-dicas-de-videos-filmes-e-leituras\/\" \/>\n<meta property=\"og:site_name\" content=\"P22_ON\" \/>\n<meta property=\"article:publisher\" content=\"https:\/\/www.facebook.com\/p22on\" \/>\n<meta property=\"article:published_time\" content=\"2018-03-10T18:35:07+00:00\" \/>\n<meta property=\"article:modified_time\" content=\"2022-02-22T12:49:24+00:00\" \/>\n<meta property=\"og:image\" content=\"https:\/\/www.p22on.com.br\/wp-content\/uploads\/2018\/03\/AndrewSutherland-Flickr.jpg\" \/>\n\t<meta property=\"og:image:width\" content=\"1536\" \/>\n\t<meta property=\"og:image:height\" content=\"2048\" \/>\n\t<meta property=\"og:image:type\" content=\"image\/jpeg\" \/>\n<meta name=\"author\" content=\"P\u00e1gina22\" \/>\n<meta name=\"twitter:card\" content=\"summary_large_image\" \/>\n<meta name=\"twitter:creator\" content=\"@p22on\" \/>\n<meta name=\"twitter:site\" content=\"@p22on\" \/>\n<meta name=\"twitter:label1\" content=\"Written by\" \/>\n\t<meta name=\"twitter:data1\" content=\"P\u00e1gina22\" \/>\n\t<meta name=\"twitter:label2\" content=\"Est. reading time\" \/>\n\t<meta name=\"twitter:data2\" content=\"15 minutes\" \/>\n<script type=\"application\/ld+json\" class=\"yoast-schema-graph\">{\"@context\":\"https:\/\/schema.org\",\"@graph\":[{\"@type\":\"WebPage\",\"@id\":\"https:\/\/www.p22on.com.br\/2018\/03\/10\/dicionario-dicas-de-videos-filmes-e-leituras\/\",\"url\":\"https:\/\/www.p22on.com.br\/2018\/03\/10\/dicionario-dicas-de-videos-filmes-e-leituras\/\",\"name\":\"Dicion\u00e1rio & dicas de v\u00eddeos, filmes e leituras - P22_ON\",\"isPartOf\":{\"@id\":\"https:\/\/www.p22on.com.br\/#website\"},\"datePublished\":\"2018-03-10T18:35:07+00:00\",\"dateModified\":\"2022-02-22T12:49:24+00:00\",\"author\":{\"@id\":\"https:\/\/www.p22on.com.br\/#\/schema\/person\/7fc895a9bd2ec411fd1454b133e7b0da\"},\"breadcrumb\":{\"@id\":\"https:\/\/www.p22on.com.br\/2018\/03\/10\/dicionario-dicas-de-videos-filmes-e-leituras\/#breadcrumb\"},\"inLanguage\":\"en-US\",\"potentialAction\":[{\"@type\":\"ReadAction\",\"target\":[\"https:\/\/www.p22on.com.br\/2018\/03\/10\/dicionario-dicas-de-videos-filmes-e-leituras\/\"]}]},{\"@type\":\"BreadcrumbList\",\"@id\":\"https:\/\/www.p22on.com.br\/2018\/03\/10\/dicionario-dicas-de-videos-filmes-e-leituras\/#breadcrumb\",\"itemListElement\":[{\"@type\":\"ListItem\",\"position\":1,\"name\":\"In\u00edcio\",\"item\":\"https:\/\/www.p22on.com.br\/\"},{\"@type\":\"ListItem\",\"position\":2,\"name\":\"Dicion\u00e1rio & dicas de v\u00eddeos, filmes e leituras\"}]},{\"@type\":\"WebSite\",\"@id\":\"https:\/\/www.p22on.com.br\/#website\",\"url\":\"https:\/\/www.p22on.com.br\/\",\"name\":\"P22_ON\",\"description\":\"\",\"potentialAction\":[{\"@type\":\"SearchAction\",\"target\":{\"@type\":\"EntryPoint\",\"urlTemplate\":\"https:\/\/www.p22on.com.br\/?s={search_term_string}\"},\"query-input\":\"required name=search_term_string\"}],\"inLanguage\":\"en-US\"},{\"@type\":\"Person\",\"@id\":\"https:\/\/www.p22on.com.br\/#\/schema\/person\/7fc895a9bd2ec411fd1454b133e7b0da\",\"name\":\"P\u00e1gina22\",\"image\":{\"@type\":\"ImageObject\",\"inLanguage\":\"en-US\",\"@id\":\"https:\/\/www.p22on.com.br\/#\/schema\/person\/image\/\",\"url\":\"https:\/\/secure.gravatar.com\/avatar\/75bff9c570b228ec0455ff0788a3e2f4?s=96&d=mm&r=g\",\"contentUrl\":\"https:\/\/secure.gravatar.com\/avatar\/75bff9c570b228ec0455ff0788a3e2f4?s=96&d=mm&r=g\",\"caption\":\"P\u00e1gina22\"},\"url\":\"https:\/\/www.p22on.com.br\/author\/pagina22\/\"}]}<\/script>\n<!-- \/ Yoast SEO plugin. -->","yoast_head_json":{"title":"Dicion\u00e1rio & dicas de v\u00eddeos, filmes e leituras","description":"Compilado por Am\u00e1lia Safatle Dicion\u00e1rio A jusante \u2013 Em um curso d\u2019\u00e1gua, serve para localizar um ponto referente \u00e0 dire\u00e7\u00e3o da foz. A montante refere-se \u00e0 dire\u00e7\u00e3o da nascente.\u00a0 Adapta\u00e7\u00e3o \u2013 Iniciativas e medidas para reduzir a vulnerabilidade dos sistemas naturais e humanos em face dos efeitos atuais e daqueles esperados em raz\u00e3o da mudan\u00e7a&hellip;","robots":{"index":"index","follow":"follow","max-snippet":"max-snippet:-1","max-image-preview":"max-image-preview:large","max-video-preview":"max-video-preview:-1"},"canonical":"https:\/\/www.p22on.com.br\/2018\/03\/10\/dicionario-dicas-de-videos-filmes-e-leituras\/","og_locale":"en_US","og_type":"article","og_title":"Dicion\u00e1rio & dicas de v\u00eddeos, filmes e leituras","og_description":"Compilado por Am\u00e1lia Safatle Dicion\u00e1rio A jusante \u2013 Em um curso d\u2019\u00e1gua, serve para localizar um ponto referente \u00e0 dire\u00e7\u00e3o da foz. A montante refere-se \u00e0 dire\u00e7\u00e3o da nascente.\u00a0 Adapta\u00e7\u00e3o \u2013 Iniciativas e medidas para reduzir a vulnerabilidade dos sistemas naturais e humanos em face dos efeitos atuais e daqueles esperados em raz\u00e3o da mudan\u00e7a&hellip;","og_url":"https:\/\/www.p22on.com.br\/2018\/03\/10\/dicionario-dicas-de-videos-filmes-e-leituras\/","og_site_name":"P22_ON","article_publisher":"https:\/\/www.facebook.com\/p22on","article_published_time":"2018-03-10T18:35:07+00:00","article_modified_time":"2022-02-22T12:49:24+00:00","og_image":[{"width":1536,"height":2048,"url":"https:\/\/www.p22on.com.br\/wp-content\/uploads\/2018\/03\/AndrewSutherland-Flickr.jpg","type":"image\/jpeg"}],"author":"P\u00e1gina22","twitter_card":"summary_large_image","twitter_creator":"@p22on","twitter_site":"@p22on","twitter_misc":{"Written by":"P\u00e1gina22","Est. reading time":"15 minutes"},"schema":{"@context":"https:\/\/schema.org","@graph":[{"@type":"WebPage","@id":"https:\/\/www.p22on.com.br\/2018\/03\/10\/dicionario-dicas-de-videos-filmes-e-leituras\/","url":"https:\/\/www.p22on.com.br\/2018\/03\/10\/dicionario-dicas-de-videos-filmes-e-leituras\/","name":"Dicion\u00e1rio & dicas de v\u00eddeos, filmes e leituras - P22_ON","isPartOf":{"@id":"https:\/\/www.p22on.com.br\/#website"},"datePublished":"2018-03-10T18:35:07+00:00","dateModified":"2022-02-22T12:49:24+00:00","author":{"@id":"https:\/\/www.p22on.com.br\/#\/schema\/person\/7fc895a9bd2ec411fd1454b133e7b0da"},"breadcrumb":{"@id":"https:\/\/www.p22on.com.br\/2018\/03\/10\/dicionario-dicas-de-videos-filmes-e-leituras\/#breadcrumb"},"inLanguage":"en-US","potentialAction":[{"@type":"ReadAction","target":["https:\/\/www.p22on.com.br\/2018\/03\/10\/dicionario-dicas-de-videos-filmes-e-leituras\/"]}]},{"@type":"BreadcrumbList","@id":"https:\/\/www.p22on.com.br\/2018\/03\/10\/dicionario-dicas-de-videos-filmes-e-leituras\/#breadcrumb","itemListElement":[{"@type":"ListItem","position":1,"name":"In\u00edcio","item":"https:\/\/www.p22on.com.br\/"},{"@type":"ListItem","position":2,"name":"Dicion\u00e1rio & dicas de v\u00eddeos, filmes e leituras"}]},{"@type":"WebSite","@id":"https:\/\/www.p22on.com.br\/#website","url":"https:\/\/www.p22on.com.br\/","name":"P22_ON","description":"","potentialAction":[{"@type":"SearchAction","target":{"@type":"EntryPoint","urlTemplate":"https:\/\/www.p22on.com.br\/?s={search_term_string}"},"query-input":"required name=search_term_string"}],"inLanguage":"en-US"},{"@type":"Person","@id":"https:\/\/www.p22on.com.br\/#\/schema\/person\/7fc895a9bd2ec411fd1454b133e7b0da","name":"P\u00e1gina22","image":{"@type":"ImageObject","inLanguage":"en-US","@id":"https:\/\/www.p22on.com.br\/#\/schema\/person\/image\/","url":"https:\/\/secure.gravatar.com\/avatar\/75bff9c570b228ec0455ff0788a3e2f4?s=96&d=mm&r=g","contentUrl":"https:\/\/secure.gravatar.com\/avatar\/75bff9c570b228ec0455ff0788a3e2f4?s=96&d=mm&r=g","caption":"P\u00e1gina22"},"url":"https:\/\/www.p22on.com.br\/author\/pagina22\/"}]}},"_links":{"self":[{"href":"https:\/\/www.p22on.com.br\/wp-json\/wp\/v2\/posts\/1946"}],"collection":[{"href":"https:\/\/www.p22on.com.br\/wp-json\/wp\/v2\/posts"}],"about":[{"href":"https:\/\/www.p22on.com.br\/wp-json\/wp\/v2\/types\/post"}],"author":[{"embeddable":true,"href":"https:\/\/www.p22on.com.br\/wp-json\/wp\/v2\/users\/3"}],"replies":[{"embeddable":true,"href":"https:\/\/www.p22on.com.br\/wp-json\/wp\/v2\/comments?post=1946"}],"version-history":[{"count":23,"href":"https:\/\/www.p22on.com.br\/wp-json\/wp\/v2\/posts\/1946\/revisions"}],"predecessor-version":[{"id":3855,"href":"https:\/\/www.p22on.com.br\/wp-json\/wp\/v2\/posts\/1946\/revisions\/3855"}],"wp:featuredmedia":[{"embeddable":true,"href":"https:\/\/www.p22on.com.br\/wp-json\/wp\/v2\/media\/2006"}],"wp:attachment":[{"href":"https:\/\/www.p22on.com.br\/wp-json\/wp\/v2\/media?parent=1946"}],"wp:term":[{"taxonomy":"category","embeddable":true,"href":"https:\/\/www.p22on.com.br\/wp-json\/wp\/v2\/categories?post=1946"},{"taxonomy":"post_tag","embeddable":true,"href":"https:\/\/www.p22on.com.br\/wp-json\/wp\/v2\/tags?post=1946"}],"curies":[{"name":"wp","href":"https:\/\/api.w.org\/{rel}","templated":true}]}}