{"id":224,"date":"2015-10-02T16:59:29","date_gmt":"2015-10-02T19:59:29","guid":{"rendered":"http:\/\/www.p22on.com.br\/?p=224"},"modified":"2022-02-22T12:54:52","modified_gmt":"2022-02-22T15:54:52","slug":"servicos-prestados-pela-natureza-quando-ecologia-e-economia-falam-a-mesma-lingua","status":"publish","type":"post","link":"https:\/\/www.p22on.com.br\/2015\/10\/02\/servicos-prestados-pela-natureza-quando-ecologia-e-economia-falam-a-mesma-lingua\/","title":{"rendered":"Quando ecologia e economia falam a mesma l\u00edngua"},"content":{"rendered":"<p style=\"text-align: justify;\"><em>Por Am\u00e1lia Safatle<\/em><\/p>\n<p style=\"text-align: justify;\">Imagine uma obra-prima continuamente aperfei\u00e7oada durante milh\u00f5es e milh\u00f5es de anos. S\u00f3 poderia mesmo esculpir as mais belas formas com as mais incr\u00edveis cores e combinar tudo isso \u00e0 mais avan\u00e7ada das tecnologias \u2013 desenvolvida por meio da competi\u00e7\u00e3o e da colabora\u00e7\u00e3o entre as esp\u00e9cies ao longo de uma imensa escala de tempo.<\/p>\n<p style=\"text-align: justify;\">A vida na Terra, por tudo que \u00e9 e representa, mereceria por si s\u00f3 o que chamamos de \u201cdireito de exist\u00eancia\u201d. Possui um<a href=\"http:\/\/www.p22on.com.br\/2015\/10\/02\/dicionario-curiosidades-leituras-afins\/#Valor%20intr\u00ednseco\" target=\"_blank\" rel=\"noopener\"> <span style=\"text-decoration: underline;\">valor intr\u00ednseco<\/span><\/a>. H\u00e1 quem veja nela o sagrado, h\u00e1 quem veja um valor incomensur\u00e1vel e h\u00e1 quem veja um enorme valor.<\/p>\n<p style=\"text-align: justify;\">Ainda assim, a forma como a sociedade humana se organiza economicamente tem causado\u00a0<span style=\"text-decoration: underline;\">impactos<\/span> profundos na sustenta\u00e7\u00e3o dessa teia de vida, alguns at\u00e9 irremedi\u00e1veis. No meio desse colapso que se desenha, as atividades produtivas e o pr\u00f3prio bem estar humano s\u00e3o atingidos em cheio.<\/p>\n<p style=\"text-align: justify;\">Para se ter ideia, hoje, a atividade produtiva gera <span style=\"text-decoration: underline;\"><a href=\"http:\/\/www.p22on.com.br\/2015\/10\/02\/dicionario-curiosidades-leituras-afins\/#Extrernalidade negativa ou positiva\" target=\"_blank\" rel=\"noopener\">externalidades negativas<\/a><\/span> de US$ 7,3 trilh\u00f5es \u2013 perdas que equivalem a 13% do PIB mundial em 2009. O uso da \u00e1gua \u00e9 respons\u00e1vel por gerar a segunda maior externalidade ambiental, com custos estimados em US$ 1,9 trilh\u00e3o. As informa\u00e7\u00f5es s\u00e3o do estudo <em>Natural Capital at Risk: Top 100 Externalities of Business<\/em>, divulgado pela consultoria Trucost em 2013.<\/p>\n<p style=\"text-align: justify;\">Mas nem todo mundo lembra que, para lidar com esses problemas, podemos contar com os servi\u00e7os que a pr\u00f3pria natureza oferece. Os servi\u00e7os que t\u00eam sido fortemente impactados pela a\u00e7\u00e3o humana s\u00e3o os mesmos que podem nos ajudar a lidar com a crise.<\/p>\n<p style=\"text-align: justify;\">Nessa \u201cmudan\u00e7a de chave\u201d tamb\u00e9m a l\u00f3gica econ\u00f4mica pode ser revertida para a conserva\u00e7\u00e3o. Quando se reconhece nos <span style=\"text-decoration: underline;\"><a href=\"http:\/\/www.p22on.com.br\/2015\/10\/02\/dicionario-curiosidades-leituras-afins\/#Servi\u00e7os Ecossist\u00eamicos\" target=\"_blank\" rel=\"noopener\">servi\u00e7os ecossist\u00eamicos<\/a><\/span> a possibilidade de gerar ganhos econ\u00f4micos e sociais que ser\u00e3o revertidos em<a href=\"http:\/\/www.p22on.com.br\/2015\/10\/02\/dicionario-curiosidades-leituras-afins\/#Bem-estar\" target=\"_blank\" rel=\"noopener\"> <span style=\"text-decoration: underline;\">bem-estar<\/span><\/a> humano, a economia e a ecologia passam falar a mesma l\u00edngua e a partilhar da mesma raiz \u2013 o prefixo \u201ceco\u201d, que vem da palavra grega <em>oikos<\/em>, casa.<\/p>\n<p style=\"text-align: justify;\">Com economia e ecologia habitando o mesmo lar, a import\u00e2ncia de conservar o <a href=\"http:\/\/www.p22on.com.br\/2015\/10\/02\/dicionario-curiosidades-leituras-afins\/#Capital%20natural\" target=\"_blank\" rel=\"noopener\"><span style=\"text-decoration: underline;\">capital natural<\/span> <\/a>passa a ficar mais clara para o <span style=\"text-decoration: underline;\"><em><a href=\"http:\/\/www.p22on.com.br\/2015\/10\/02\/dicionario-curiosidades-leituras-afins\/#Mainstream\" target=\"_blank\" rel=\"noopener\">mainstream<\/a><\/em><\/span>. Investir em pol\u00edticas de conserva\u00e7\u00e3o come\u00e7a a fazer sentido econ\u00f4mico e entra na gest\u00e3o dos neg\u00f3cios e nas contas nacionais. Ao fazer sentido, os recursos passam a ser aplicados para que os <span style=\"text-decoration: underline;\"><a href=\"http:\/\/www.p22on.com.br\/2015\/10\/02\/dicionario-curiosidades-leituras-afins\/#Ecossistema\" target=\"_blank\" rel=\"noopener\">ecossistemas<\/a><\/span> se tornem mais <span style=\"text-decoration: underline;\"><a href=\"http:\/\/www.p22on.com.br\/2015\/10\/02\/dicionario-curiosidades-leituras-afins\/#Resili\u00eancia\" target=\"_blank\" rel=\"noopener\">resilientes<\/a><\/span>.<\/p>\n<p style=\"text-align: justify;\">Ficando mais resilientes, contribuem para uma gest\u00e3o econ\u00f4mica mais efetiva (e tamb\u00e9m mais resiliente), ao reduzir riscos da atividade produtiva, ao aumentar oportunidades de neg\u00f3cios e ao atrair o interesse do capital financeiro e de cr\u00e9dito. Tudo isso gera, enfim, um c\u00edrculo virtuoso.<\/p>\n<p style=\"text-align: justify;\">A natureza presta servi\u00e7os ecossist\u00eamicos quando melhora e aumenta a oferta de \u00e1gua, que por sua vez vai garantir o abastecimento das cidades, as atividades industriais, a agricultura. Quando oferece elementos de valor c\u00eanico, cultural e espiritual. Quando fornece comida, fibras e medicamentos. Quando garante a qualidade do solo, evitando eros\u00f5es que colocam sob amea\u00e7a encostas e habita\u00e7\u00f5es e causam assoreamento nos rios. Quando insetos e outros animais promovem a poliniza\u00e7\u00e3o da qual depende boa parte da produ\u00e7\u00e3o agr\u00edcola. Quando regula o clima global.<\/p>\n<p style=\"text-align: justify;\"><span style=\"text-decoration: underline;\"><strong>A natureza a favor<\/strong><\/span><\/p>\n<h4 style=\"text-align: justify;\">Muitas vezes o homem busca complexas a\u00e7\u00f5es de engenharia, ao passo que poderia deixar o ecossistema trabalhar a favor. Em vez de construir diques, por exemplo, poderia manter um manguezal. Em vez de esta\u00e7\u00f5es de tratamento de \u00e1gua, poderia melhorar a qualidade da \u00e1gua investindo na recupera\u00e7\u00e3o da mata ciliar. Foi exatamente o que a cidade de Nova York fez e acabou se tornando um exemplo emblem\u00e1tico.<\/h4>\n<p style=\"text-align: justify;\">No fim da d\u00e9cada de 1980, quando a qualidade da \u00e1gua nova-iorquina come\u00e7ou a deteriorar por conta da polui\u00e7\u00e3o difusa, a solu\u00e7\u00e3o inicialmente prevista foi construir uma esta\u00e7\u00e3o de tratamento de \u00e1gua, or\u00e7ada em at\u00e9 US$ 6 bilh\u00f5es em infraestrutura, com mais US$ 250 milh\u00f5es de custos operacionais anuais. O impacto na conta de \u00e1gua do consumidor final seria significativo.<\/p>\n<p style=\"text-align: justify;\">Mas uma alternativa muito mais vantajosa foi encontrada: proteger e restaurar os servi\u00e7os ecossist\u00eamicos prestados pelas matas ciliares no entorno da cidade. Isso demandou investimentos iniciais de US$ 1,4 bilh\u00e3o e custos operacionais equivalentes a um oitavo do que seria gasto na planta de tratamento de \u00e1gua anteriormente prevista.<\/p>\n<figure id=\"attachment_297\" aria-describedby=\"caption-attachment-297\" style=\"width: 800px\" class=\"wp-caption aligncenter\"><a href=\"http:\/\/www.p22on.com.br\/wp-content\/uploads\/2015\/10\/6941201178_ccb5f96704_h.jpg\"><img loading=\"lazy\" decoding=\"async\" class=\"size-large wp-image-297\" src=\"http:\/\/www.p22on.com.br\/wp-content\/uploads\/2015\/10\/6941201178_ccb5f96704_h-1024x683.jpg\" alt=\"POR ALEXANDRE KUMA\" width=\"800\" height=\"534\" srcset=\"https:\/\/www.p22on.com.br\/wp-content\/uploads\/2015\/10\/6941201178_ccb5f96704_h-1024x683.jpg 1024w, https:\/\/www.p22on.com.br\/wp-content\/uploads\/2015\/10\/6941201178_ccb5f96704_h-300x200.jpg 300w, https:\/\/www.p22on.com.br\/wp-content\/uploads\/2015\/10\/6941201178_ccb5f96704_h-1440x960.jpg 1440w, https:\/\/www.p22on.com.br\/wp-content\/uploads\/2015\/10\/6941201178_ccb5f96704_h.jpg 1600w\" sizes=\"(max-width: 800px) 100vw, 800px\" \/><\/a><figcaption id=\"caption-attachment-297\" class=\"wp-caption-text\"><em><strong>POR ALEXANDRE KUMA<\/strong><\/em><\/figcaption><\/figure>\n<p style=\"text-align: justify;\">N\u00e3o bastasse a economia para o Er\u00e1rio e o bolso do consumidor, ainda foram gerados benef\u00edcios ambientais e socioecon\u00f4micos, como a cria\u00e7\u00e3o e a recupera\u00e7\u00e3o de \u00e1reas para recrea\u00e7\u00e3o e lazer e a\u00e7\u00f5es de desenvolvimento rural sustent\u00e1vel.<\/p>\n<p style=\"text-align: justify;\">Na Col\u00f4mbia, h\u00e1 um exemplo de como a prote\u00e7\u00e3o aos ecossistemas pode servir como estrat\u00e9gia de adapta\u00e7\u00e3o \u00e0 mudan\u00e7a clim\u00e1tica. O governo colombiano recentemente aumentou a extens\u00e3o do Parque Nacional Chiribiquete, tornando-o uma das maiores \u00e1reas protegidas do planeta, quase equivalente ao territ\u00f3rio da B\u00e9lgica.<\/p>\n<p style=\"text-align: justify;\">O governo colombiano entende as \u00e1reas protegidas como uma solu\u00e7\u00e3o natural n\u00e3o s\u00f3 para mitigar a mudan\u00e7a clim\u00e1tica como tamb\u00e9m para se adaptar a ela. Isso porque os ecossistemas conservados nessas \u00e1reas fornecem \u00e1gua, aumentam as reservas de \u00e1gua subterr\u00e2nea por infiltra\u00e7\u00e3o, armazenam carbono no solo e na vegeta\u00e7\u00e3o, protegem contra eventos clim\u00e1ticos extremos, como inunda\u00e7\u00f5es e secas, podem reduzir a velocidade do vento, atenuar o impacto das mar\u00e9s altas e o aumento do n\u00edvel do mar. O exemplo colombiano ilustra o que chamamos de Adapta\u00e7\u00e3o baseada em Ecossistemas (AbE). (<em>Leia mais sobre o <\/em>case<em> da Col\u00f4mbia <a href=\"http:\/\/www.elespectador.com\/opinion\/areas-protegidas-una-solucion-natural-contra-el-cambio\" target=\"_blank\" rel=\"noopener\">aqui<\/a><\/em>)<\/p>\n<p style=\"text-align: justify;\">Nem \u00e9 preciso ir t\u00e3o longe. O Rio de Janeiro vivenciou um dos mais not\u00f3rios exemplos de recupera\u00e7\u00e3o de mata para combater o problema da falta d&#8217;\u00e1gua \u2013 isso j\u00e1 no s\u00e9culo XIX, sob o reinado de Dom Pedro II. Com a expans\u00e3o das fazendas de caf\u00e9 sobre o maci\u00e7o florestal da Tijuca, o abastecimento de \u00e1gua na cidade foi duramente afetado, o que levou o governo a anunciar, em 1844, medidas de restaura\u00e7\u00e3o florestal por meio da desapropria\u00e7\u00e3o de terras e do replantio de mudas de esp\u00e9cies nativas. Bem-sucedida, a a\u00e7\u00e3o levou \u00e0 recupera\u00e7\u00e3o dos mananciais e ainda devolveu a bela paisagem que faz da Floresta da Tijuca uma atra\u00e7\u00e3o tur\u00edstica inigual\u00e1vel, encravada no centro da cidade carioca.<\/p>\n<p style=\"text-align: justify;\"><span style=\"text-decoration: underline;\"><strong>Dimensionando valores<\/strong><\/span><\/p>\n<h4 style=\"text-align: justify;\">O caso de Nova York exemplifica a import\u00e2ncia de calcular os custos e benef\u00edcios dos servi\u00e7os ecossist\u00eamicos para a tomada de decis\u00e3o. Como uma empresa que depende de \u00e1gua, por exemplo, saber\u00e1 se vale mais investir em recupera\u00e7\u00e3o de florestas na \u00e1rea de manancial do que construir reservat\u00f3rios, avaliando a necessidade de abastecimento da popula\u00e7\u00e3o a curto, a m\u00e9dio e a longo prazo?<\/h4>\n<p style=\"text-align: justify;\">Para o agente econ\u00f4mico (a empresa ou o poder p\u00fablico) escolher a alternativa mais efetiva \u00e9 preciso recorrer a ferramentas de valora\u00e7\u00e3o \u2013 e uma s\u00e9rie delas tem sido criada mundo afora. Essas metodologias ajudam o aferir o capital natural do qual as empresas e os governos dependem e sobre os quais geram impactos (<em>para saber mais sobre a import\u00e2ncia de medir o capital natural, assista ao v\u00eddeo abaixo<\/em>).<\/p>\n<p><iframe loading=\"lazy\" src=\"https:\/\/www.youtube.com\/embed\/IyL272Q1N0s\" width=\"560\" height=\"315\" frameborder=\"0\" allowfullscreen=\"allowfullscreen\"><\/iframe><\/p>\n<p style=\"text-align: justify;\">Se, por um lado, m\u00e9todos como estes n\u00e3o faltam, por outro, ainda s\u00e3o complexos, apresentam limita\u00e7\u00f5es e n\u00e3o h\u00e1 um consenso da comunidade acad\u00eamica sobre o que \u00e9 melhor usar e como incluir esses n\u00fameros nos balan\u00e7os financeiros e nas contas nacionais. Al\u00e9m disso, nem tudo \u00e9 pass\u00edvel de c\u00e1lculo: h\u00e1 desafios ainda maiores no tocante a servi\u00e7os ecossist\u00eamicos culturais, que possuem valores n\u00e3o monet\u00e1rios, que s\u00e3o intang\u00edveis (<em>leia mais <a href=\"http:\/\/www.p22on.com.br\/?p=231&amp;preview=true#sthash.StZJat7H.dpbs\" target=\"_blank\" rel=\"noopener\">aqui<\/a><\/em>\u00a0).<\/p>\n<p style=\"text-align: justify;\">\u201c\u00c9 importante um entendimento sobre m\u00e9todos de valora\u00e7\u00e3o quantitativos e qualitativos e como comunicar os resultados desses c\u00e1lculos, para uma gest\u00e3o mais efetiva dos servi\u00e7os ecossist\u00eamicos\u201d, avalia Natalia Lutti Hummel, gestora da iniciativa Tend\u00eancias em Servi\u00e7os Ecossist\u00eamicos (TeSE) do Centro de Estudos em Sustentabilidade da FGV-Eaesp (FGVces). (<em>saiba mais sobre as ferramentas desenvolvidas pela TeSE <a href=\"http:\/\/www.p22on.com.br\/?p=233&amp;preview=true#sthash.7WI3aMeO.dpbs\" target=\"_blank\" rel=\"noopener\">aqui<\/a><\/em>).<\/p>\n<p style=\"text-align: justify;\">Para Annelise Vendramini, coordenadora do programa de Sustentabilidade Global do FGVces, a valora\u00e7\u00e3o, em vez de partir de uma vis\u00e3o estritamente t\u00e9cnica, precisar abarcar um olhar integrado de diversos <em>stakeholders<\/em>, envolvendo o setor privado, o mercado financeiro, os governos, a academia, as comunidades etc. \u201cSomente um trabalho conjunto far\u00e1 com que esse tema avance\u201d, afirma.<\/p>\n","protected":false},"excerpt":{"rendered":"<p>Por Am\u00e1lia Safatle Imagine uma obra-prima continuamente aperfei\u00e7oada durante milh\u00f5es e milh\u00f5es de anos. S\u00f3 poderia mesmo esculpir as mais belas formas com as mais incr\u00edveis cores e combinar tudo isso \u00e0 mais avan\u00e7ada das tecnologias \u2013 desenvolvida por meio da competi\u00e7\u00e3o e da colabora\u00e7\u00e3o entre as esp\u00e9cies ao longo de uma imensa escala de [&hellip;]<\/p>\n","protected":false},"author":3,"featured_media":286,"comment_status":"closed","ping_status":"closed","sticky":false,"template":"","format":"standard","meta":{"footnotes":""},"categories":[145],"tags":[139,43,142,140,138,187,134,28,214,137,143,186,190,133,141,136,135],"yoast_head":"<!-- This site is optimized with the Yoast SEO plugin v21.5 - https:\/\/yoast.com\/wordpress\/plugins\/seo\/ -->\n<title>Quando ecologia e economia falam a mesma l\u00edngua<\/title>\n<meta name=\"description\" content=\"Por Am\u00e1lia Safatle Imagine uma obra-prima continuamente aperfei\u00e7oada durante milh\u00f5es e milh\u00f5es de anos. S\u00f3 poderia mesmo esculpir as mais belas formas com as mais incr\u00edveis cores e combinar tudo isso \u00e0 mais avan\u00e7ada das tecnologias \u2013 desenvolvida por meio da competi\u00e7\u00e3o e da colabora\u00e7\u00e3o entre as esp\u00e9cies ao longo de uma imensa escala de&hellip;\" \/>\n<meta name=\"robots\" content=\"index, follow, max-snippet:-1, max-image-preview:large, max-video-preview:-1\" \/>\n<link rel=\"canonical\" href=\"https:\/\/www.p22on.com.br\/2015\/10\/02\/servicos-prestados-pela-natureza-quando-ecologia-e-economia-falam-a-mesma-lingua\/\" \/>\n<meta property=\"og:locale\" content=\"en_US\" \/>\n<meta property=\"og:type\" content=\"article\" \/>\n<meta property=\"og:title\" content=\"Quando ecologia e economia falam a mesma l\u00edngua\" \/>\n<meta property=\"og:description\" content=\"Por Am\u00e1lia Safatle Imagine uma obra-prima continuamente aperfei\u00e7oada durante milh\u00f5es e milh\u00f5es de anos. S\u00f3 poderia mesmo esculpir as mais belas formas com as mais incr\u00edveis cores e combinar tudo isso \u00e0 mais avan\u00e7ada das tecnologias \u2013 desenvolvida por meio da competi\u00e7\u00e3o e da colabora\u00e7\u00e3o entre as esp\u00e9cies ao longo de uma imensa escala de&hellip;\" \/>\n<meta property=\"og:url\" content=\"https:\/\/www.p22on.com.br\/2015\/10\/02\/servicos-prestados-pela-natureza-quando-ecologia-e-economia-falam-a-mesma-lingua\/\" \/>\n<meta property=\"og:site_name\" content=\"P22_ON\" \/>\n<meta property=\"article:publisher\" content=\"https:\/\/www.facebook.com\/p22on\" \/>\n<meta property=\"article:published_time\" content=\"2015-10-02T19:59:29+00:00\" \/>\n<meta property=\"article:modified_time\" content=\"2022-02-22T15:54:52+00:00\" \/>\n<meta property=\"og:image\" content=\"https:\/\/www.p22on.com.br\/wp-content\/uploads\/2015\/10\/1920x2560_jardim_botanico_rio_de_janeiro_brasil-1024x768.jpg\" \/>\n\t<meta property=\"og:image:width\" content=\"1024\" \/>\n\t<meta property=\"og:image:height\" content=\"768\" \/>\n\t<meta property=\"og:image:type\" content=\"image\/jpeg\" \/>\n<meta name=\"author\" content=\"P\u00e1gina22\" \/>\n<meta name=\"twitter:card\" content=\"summary_large_image\" \/>\n<meta name=\"twitter:creator\" content=\"@p22on\" \/>\n<meta name=\"twitter:site\" content=\"@p22on\" \/>\n<meta name=\"twitter:label1\" content=\"Written by\" \/>\n\t<meta name=\"twitter:data1\" content=\"P\u00e1gina22\" \/>\n\t<meta name=\"twitter:label2\" content=\"Est. reading time\" \/>\n\t<meta name=\"twitter:data2\" content=\"7 minutes\" \/>\n<script type=\"application\/ld+json\" class=\"yoast-schema-graph\">{\"@context\":\"https:\/\/schema.org\",\"@graph\":[{\"@type\":\"WebPage\",\"@id\":\"https:\/\/www.p22on.com.br\/2015\/10\/02\/servicos-prestados-pela-natureza-quando-ecologia-e-economia-falam-a-mesma-lingua\/\",\"url\":\"https:\/\/www.p22on.com.br\/2015\/10\/02\/servicos-prestados-pela-natureza-quando-ecologia-e-economia-falam-a-mesma-lingua\/\",\"name\":\"Quando ecologia e economia falam a mesma l\u00edngua - P22_ON\",\"isPartOf\":{\"@id\":\"https:\/\/www.p22on.com.br\/#website\"},\"datePublished\":\"2015-10-02T19:59:29+00:00\",\"dateModified\":\"2022-02-22T15:54:52+00:00\",\"author\":{\"@id\":\"https:\/\/www.p22on.com.br\/#\/schema\/person\/7fc895a9bd2ec411fd1454b133e7b0da\"},\"breadcrumb\":{\"@id\":\"https:\/\/www.p22on.com.br\/2015\/10\/02\/servicos-prestados-pela-natureza-quando-ecologia-e-economia-falam-a-mesma-lingua\/#breadcrumb\"},\"inLanguage\":\"en-US\",\"potentialAction\":[{\"@type\":\"ReadAction\",\"target\":[\"https:\/\/www.p22on.com.br\/2015\/10\/02\/servicos-prestados-pela-natureza-quando-ecologia-e-economia-falam-a-mesma-lingua\/\"]}]},{\"@type\":\"BreadcrumbList\",\"@id\":\"https:\/\/www.p22on.com.br\/2015\/10\/02\/servicos-prestados-pela-natureza-quando-ecologia-e-economia-falam-a-mesma-lingua\/#breadcrumb\",\"itemListElement\":[{\"@type\":\"ListItem\",\"position\":1,\"name\":\"In\u00edcio\",\"item\":\"https:\/\/www.p22on.com.br\/\"},{\"@type\":\"ListItem\",\"position\":2,\"name\":\"Quando ecologia e economia falam a mesma l\u00edngua\"}]},{\"@type\":\"WebSite\",\"@id\":\"https:\/\/www.p22on.com.br\/#website\",\"url\":\"https:\/\/www.p22on.com.br\/\",\"name\":\"P22_ON\",\"description\":\"\",\"potentialAction\":[{\"@type\":\"SearchAction\",\"target\":{\"@type\":\"EntryPoint\",\"urlTemplate\":\"https:\/\/www.p22on.com.br\/?s={search_term_string}\"},\"query-input\":\"required name=search_term_string\"}],\"inLanguage\":\"en-US\"},{\"@type\":\"Person\",\"@id\":\"https:\/\/www.p22on.com.br\/#\/schema\/person\/7fc895a9bd2ec411fd1454b133e7b0da\",\"name\":\"P\u00e1gina22\",\"image\":{\"@type\":\"ImageObject\",\"inLanguage\":\"en-US\",\"@id\":\"https:\/\/www.p22on.com.br\/#\/schema\/person\/image\/\",\"url\":\"https:\/\/secure.gravatar.com\/avatar\/75bff9c570b228ec0455ff0788a3e2f4?s=96&d=mm&r=g\",\"contentUrl\":\"https:\/\/secure.gravatar.com\/avatar\/75bff9c570b228ec0455ff0788a3e2f4?s=96&d=mm&r=g\",\"caption\":\"P\u00e1gina22\"},\"url\":\"https:\/\/www.p22on.com.br\/author\/pagina22\/\"}]}<\/script>\n<!-- \/ Yoast SEO plugin. -->","yoast_head_json":{"title":"Quando ecologia e economia falam a mesma l\u00edngua","description":"Por Am\u00e1lia Safatle Imagine uma obra-prima continuamente aperfei\u00e7oada durante milh\u00f5es e milh\u00f5es de anos. S\u00f3 poderia mesmo esculpir as mais belas formas com as mais incr\u00edveis cores e combinar tudo isso \u00e0 mais avan\u00e7ada das tecnologias \u2013 desenvolvida por meio da competi\u00e7\u00e3o e da colabora\u00e7\u00e3o entre as esp\u00e9cies ao longo de uma imensa escala de&hellip;","robots":{"index":"index","follow":"follow","max-snippet":"max-snippet:-1","max-image-preview":"max-image-preview:large","max-video-preview":"max-video-preview:-1"},"canonical":"https:\/\/www.p22on.com.br\/2015\/10\/02\/servicos-prestados-pela-natureza-quando-ecologia-e-economia-falam-a-mesma-lingua\/","og_locale":"en_US","og_type":"article","og_title":"Quando ecologia e economia falam a mesma l\u00edngua","og_description":"Por Am\u00e1lia Safatle Imagine uma obra-prima continuamente aperfei\u00e7oada durante milh\u00f5es e milh\u00f5es de anos. S\u00f3 poderia mesmo esculpir as mais belas formas com as mais incr\u00edveis cores e combinar tudo isso \u00e0 mais avan\u00e7ada das tecnologias \u2013 desenvolvida por meio da competi\u00e7\u00e3o e da colabora\u00e7\u00e3o entre as esp\u00e9cies ao longo de uma imensa escala de&hellip;","og_url":"https:\/\/www.p22on.com.br\/2015\/10\/02\/servicos-prestados-pela-natureza-quando-ecologia-e-economia-falam-a-mesma-lingua\/","og_site_name":"P22_ON","article_publisher":"https:\/\/www.facebook.com\/p22on","article_published_time":"2015-10-02T19:59:29+00:00","article_modified_time":"2022-02-22T15:54:52+00:00","og_image":[{"width":1024,"height":768,"url":"https:\/\/www.p22on.com.br\/wp-content\/uploads\/2015\/10\/1920x2560_jardim_botanico_rio_de_janeiro_brasil-1024x768.jpg","type":"image\/jpeg"}],"author":"P\u00e1gina22","twitter_card":"summary_large_image","twitter_creator":"@p22on","twitter_site":"@p22on","twitter_misc":{"Written by":"P\u00e1gina22","Est. reading time":"7 minutes"},"schema":{"@context":"https:\/\/schema.org","@graph":[{"@type":"WebPage","@id":"https:\/\/www.p22on.com.br\/2015\/10\/02\/servicos-prestados-pela-natureza-quando-ecologia-e-economia-falam-a-mesma-lingua\/","url":"https:\/\/www.p22on.com.br\/2015\/10\/02\/servicos-prestados-pela-natureza-quando-ecologia-e-economia-falam-a-mesma-lingua\/","name":"Quando ecologia e economia falam a mesma l\u00edngua - P22_ON","isPartOf":{"@id":"https:\/\/www.p22on.com.br\/#website"},"datePublished":"2015-10-02T19:59:29+00:00","dateModified":"2022-02-22T15:54:52+00:00","author":{"@id":"https:\/\/www.p22on.com.br\/#\/schema\/person\/7fc895a9bd2ec411fd1454b133e7b0da"},"breadcrumb":{"@id":"https:\/\/www.p22on.com.br\/2015\/10\/02\/servicos-prestados-pela-natureza-quando-ecologia-e-economia-falam-a-mesma-lingua\/#breadcrumb"},"inLanguage":"en-US","potentialAction":[{"@type":"ReadAction","target":["https:\/\/www.p22on.com.br\/2015\/10\/02\/servicos-prestados-pela-natureza-quando-ecologia-e-economia-falam-a-mesma-lingua\/"]}]},{"@type":"BreadcrumbList","@id":"https:\/\/www.p22on.com.br\/2015\/10\/02\/servicos-prestados-pela-natureza-quando-ecologia-e-economia-falam-a-mesma-lingua\/#breadcrumb","itemListElement":[{"@type":"ListItem","position":1,"name":"In\u00edcio","item":"https:\/\/www.p22on.com.br\/"},{"@type":"ListItem","position":2,"name":"Quando ecologia e economia falam a mesma l\u00edngua"}]},{"@type":"WebSite","@id":"https:\/\/www.p22on.com.br\/#website","url":"https:\/\/www.p22on.com.br\/","name":"P22_ON","description":"","potentialAction":[{"@type":"SearchAction","target":{"@type":"EntryPoint","urlTemplate":"https:\/\/www.p22on.com.br\/?s={search_term_string}"},"query-input":"required name=search_term_string"}],"inLanguage":"en-US"},{"@type":"Person","@id":"https:\/\/www.p22on.com.br\/#\/schema\/person\/7fc895a9bd2ec411fd1454b133e7b0da","name":"P\u00e1gina22","image":{"@type":"ImageObject","inLanguage":"en-US","@id":"https:\/\/www.p22on.com.br\/#\/schema\/person\/image\/","url":"https:\/\/secure.gravatar.com\/avatar\/75bff9c570b228ec0455ff0788a3e2f4?s=96&d=mm&r=g","contentUrl":"https:\/\/secure.gravatar.com\/avatar\/75bff9c570b228ec0455ff0788a3e2f4?s=96&d=mm&r=g","caption":"P\u00e1gina22"},"url":"https:\/\/www.p22on.com.br\/author\/pagina22\/"}]}},"_links":{"self":[{"href":"https:\/\/www.p22on.com.br\/wp-json\/wp\/v2\/posts\/224"}],"collection":[{"href":"https:\/\/www.p22on.com.br\/wp-json\/wp\/v2\/posts"}],"about":[{"href":"https:\/\/www.p22on.com.br\/wp-json\/wp\/v2\/types\/post"}],"author":[{"embeddable":true,"href":"https:\/\/www.p22on.com.br\/wp-json\/wp\/v2\/users\/3"}],"replies":[{"embeddable":true,"href":"https:\/\/www.p22on.com.br\/wp-json\/wp\/v2\/comments?post=224"}],"version-history":[{"count":16,"href":"https:\/\/www.p22on.com.br\/wp-json\/wp\/v2\/posts\/224\/revisions"}],"predecessor-version":[{"id":4072,"href":"https:\/\/www.p22on.com.br\/wp-json\/wp\/v2\/posts\/224\/revisions\/4072"}],"wp:featuredmedia":[{"embeddable":true,"href":"https:\/\/www.p22on.com.br\/wp-json\/wp\/v2\/media\/286"}],"wp:attachment":[{"href":"https:\/\/www.p22on.com.br\/wp-json\/wp\/v2\/media?parent=224"}],"wp:term":[{"taxonomy":"category","embeddable":true,"href":"https:\/\/www.p22on.com.br\/wp-json\/wp\/v2\/categories?post=224"},{"taxonomy":"post_tag","embeddable":true,"href":"https:\/\/www.p22on.com.br\/wp-json\/wp\/v2\/tags?post=224"}],"curies":[{"name":"wp","href":"https:\/\/api.w.org\/{rel}","templated":true}]}}