{"id":2277,"date":"2018-10-02T17:59:26","date_gmt":"2018-10-02T20:59:26","guid":{"rendered":"http:\/\/www.p22on.com.br\/?p=2277"},"modified":"2022-02-22T08:38:43","modified_gmt":"2022-02-22T11:38:43","slug":"chamada-de-casos-depoimentos-e-metodologia","status":"publish","type":"post","link":"https:\/\/www.p22on.com.br\/2018\/10\/02\/chamada-de-casos-depoimentos-e-metodologia\/","title":{"rendered":"A chamada de casos: videodepoimentos e metodologia"},"content":{"rendered":"<p><strong>Assista aqui aos videodepoimentos de quem\u00a0liderou a iniciativa da chamada de casos:<\/strong><\/p>\n<p><iframe loading=\"lazy\" title=\"Drops :: Natalia Lutti FGVces\" width=\"800\" height=\"450\" src=\"https:\/\/www.youtube.com\/embed\/y-U79SiQXtk?feature=oembed\" frameborder=\"0\" allow=\"accelerometer; autoplay; clipboard-write; encrypted-media; gyroscope; picture-in-picture\" allowfullscreen><\/iframe><\/p>\n<p>Natalia Lutti \u2013 Gestora da iniciativa Tend\u00eancias em Servi\u00e7os Ecossist\u00eamicos (TeSE), do FGVces.<\/p>\n<p><iframe loading=\"lazy\" title=\"Drops 22 :: Luciana Alves TEEB\" width=\"800\" height=\"450\" src=\"https:\/\/www.youtube.com\/embed\/Q9_sXH174RY?feature=oembed\" frameborder=\"0\" allow=\"accelerometer; autoplay; clipboard-write; encrypted-media; gyroscope; picture-in-picture\" allowfullscreen><\/iframe><\/p>\n<p>Luciana Alves \u2013 Assessora t\u00e9cnica do Projeto Teeb Regional-Local \/ GIZ<\/p>\n<p><iframe loading=\"lazy\" title=\"Drops 22 :: Elisa CNI\" width=\"800\" height=\"450\" src=\"https:\/\/www.youtube.com\/embed\/s5bKgnp2vCk?feature=oembed\" frameborder=\"0\" allow=\"accelerometer; autoplay; clipboard-write; encrypted-media; gyroscope; picture-in-picture\" allowfullscreen><\/iframe><\/p>\n<p>Elisa Romano &#8211; Especialista em pol\u00edtica e ind\u00fastria da Confedera\u00e7\u00e3o Nacional da Ind\u00fastria (CNI)<\/p>\n<p><iframe loading=\"lazy\" title=\"Drops 22 :: Luana MMA\" width=\"800\" height=\"450\" src=\"https:\/\/www.youtube.com\/embed\/nAj41AohdP8?feature=oembed\" frameborder=\"0\" allow=\"accelerometer; autoplay; clipboard-write; encrypted-media; gyroscope; picture-in-picture\" allowfullscreen><\/iframe><\/p>\n<p>Luana Duarte \u2013 Analista ambiental do Minist\u00e9rio do Meio Ambiente (MMA)<\/p>\n<p style=\"text-align: left;\"><strong>Metodologia: o passo a passo na chamada dos casos<\/strong><\/p>\n<p style=\"text-align: left;\"><em>Entenda o que motivou a iniciativa e conhe\u00e7a os crit\u00e9rios de sele\u00e7\u00e3o<\/em><\/p>\n<p>Descobrir como a gest\u00e3o do capital natural cria valor para as empresas e, ao mesmo tempo, para os ecossistemas do qual fazem parte. Essa \u00e9 a grande motiva\u00e7\u00e3o da chamada de casos Gest\u00e3o Empresarial de Capital Natural.<\/p>\n<p>A iniciativa, in\u00e9dita no Brasil, nasceu da parceria entre o Minist\u00e9rio do Meio Ambiente (MMA), a Confedera\u00e7\u00e3o Nacional da Ind\u00fastria (CNI) e a Coopera\u00e7\u00e3o Alem\u00e3 para o Desenvolvimento Sustent\u00e1vel (GIZ), no \u00e2mbito do Projeto TEEB Regional-Local, com o Centro de Estudos em Sustentabilidade da FGV Eaesp (FGVces). Contou tamb\u00e9m com o apoio da Funda\u00e7\u00e3o Grupo Botic\u00e1rio.<\/p>\n<p>Por que uma chamada de casos? As organiza\u00e7\u00f5es parceiras entenderam que seria uma maneira eficaz de identificar quais empresas no Pa\u00eds est\u00e3o lidando com o capital natural em suas tomadas de decis\u00e3o, e que pr\u00e1ticas est\u00e3o utilizando. De fato, a iniciativa fez com que as empresas se reconhecessem nesse campo e trouxessem \u00e0 luz a\u00e7\u00f5es e resultados concretos, que poder\u00e3o inspirar outras a fazer o mesmo.<\/p>\n<p>Servir como refer\u00eancia para demais empresas e, com isso, expandir esse modelo inovador de gest\u00e3o foi uma das premissas levadas em conta na constru\u00e7\u00e3o do regulamento da chamada. Os casos foram selecionados com o intuito de mostrar que a gest\u00e3o do capital natural pode ser aplicada de muitas formas, por empresas de diferentes portes e atuantes nos mais variados setores.<\/p>\n<p>Lan\u00e7ada em maio deste ano, a chamada recebeu ao todo 33 casos que, em seguida, foram avaliados sob crit\u00e9rios de elegibilidade. Uma das exig\u00eancias era que as proponentes fossem organiza\u00e7\u00f5es com fins lucrativos e que a iniciativa tratasse de gest\u00e3o dos neg\u00f3cios, de modo a engajar o setor corporativo. Al\u00e9m de clareza no preenchimento de todos os campos do question\u00e1rio a que foram submetidas, as empresas tiveram de mostrar resultados mensur\u00e1veis. Experi\u00eancias j\u00e1 muito conhecidas do p\u00fablico n\u00e3o foram priorizadas para dar espa\u00e7o a outras que ainda necessitam de maior visibilidade. De modo a garantir diversidade tem\u00e1tica, foi escolhido um \u00fanico caso por empresa.<\/p>\n<p>Dos 33 casos iniciais, 21 foram pr\u00e9-selecionados e avaliados na sequ\u00eancia por um comit\u00ea de especialistas formado por representantes das organiza\u00e7\u00f5es parceiras. Ap\u00f3s as an\u00e1lises individuais, realizou-se uma reuni\u00e3o de alinhamento e consenso, considerando quatro crit\u00e9rios:<\/p>\n<p><strong>&#8211; Potencial de perenidade da pr\u00e1tica<\/strong>: a a\u00e7\u00e3o \u00e9 permanente e faz parte do cotidiano da empresa. Ao integrar seu <em>core business<\/em> e n\u00e3o ser uma atividade paralela, a pr\u00e1tica torna-se duradoura porque entra em processos de planejamento, implementa\u00e7\u00e3o e monitoramento.<\/p>\n<p><strong>&#8211; Potencial de replica\u00e7\u00e3o e perspectivas futuras<\/strong>: a a\u00e7\u00e3o tem capacidade de ganhar escala, ser utilizada por outras organiza\u00e7\u00f5es e servir como exemplo e inspira\u00e7\u00e3o.<\/p>\n<p><strong>&#8211; Materialidade e contribui\u00e7\u00e3o estrat\u00e9gica para os desafios empresariais<\/strong>: a gest\u00e3o do capital natural contribui direta ou indiretamente para cria\u00e7\u00e3o de valor e avan\u00e7os de pr\u00e1ticas empresariais, considerando a integra\u00e7\u00e3o na perspectiva estrat\u00e9gica dos neg\u00f3cios, \u00e1reas da empresa envolvida e o reflexo em seus processos internos, bem como resultados, produtos ou servi\u00e7os.<\/p>\n<p><strong>\u00a0<\/strong><strong>&#8211; Gera\u00e7\u00e3o de benef\u00edcio para o capital natural:<\/strong> a pr\u00e1tica da empresa traz uma contribui\u00e7\u00e3o relevante para a manuten\u00e7\u00e3o, restaura\u00e7\u00e3o e\/ou aumento do capital natural e seus fluxos ecossist\u00eamicos, al\u00e9m dos custos e benef\u00edcios para a popula\u00e7\u00e3o local dependente do capital natural, outros atores relacionados e a sociedade em geral.<\/p>\n<p>Com bases nesses crit\u00e9rios, o comit\u00ea selecionou 16 casos finais, que detalharemos nas reportagens desta edi\u00e7\u00e3o.<\/p>\n","protected":false},"excerpt":{"rendered":"<p>Assista aqui aos videodepoimentos de quem\u00a0liderou a iniciativa da chamada de casos: Natalia Lutti \u2013 Gestora da iniciativa Tend\u00eancias em Servi\u00e7os Ecossist\u00eamicos (TeSE), do FGVces. Luciana Alves \u2013 Assessora t\u00e9cnica do Projeto Teeb Regional-Local \/ GIZ Elisa Romano &#8211; Especialista em pol\u00edtica e ind\u00fastria da Confedera\u00e7\u00e3o Nacional da Ind\u00fastria (CNI) Luana Duarte \u2013 Analista ambiental [&hellip;]<\/p>\n","protected":false},"author":3,"featured_media":2358,"comment_status":"closed","ping_status":"closed","sticky":false,"template":"","format":"standard","meta":{"footnotes":""},"categories":[1896],"tags":[138,1601,1904,1959,162,1603,1312,649,1961,1960,172,618,143,1910,1738,1911],"yoast_head":"<!-- This site is optimized with the Yoast SEO plugin v21.5 - https:\/\/yoast.com\/wordpress\/plugins\/seo\/ -->\n<title>A chamada de casos: videodepoimentos e metodologia<\/title>\n<meta name=\"description\" content=\"Assista aqui aos videodepoimentos de quem\u00a0liderou a iniciativa da chamada de casos: [embed]https:\/\/youtu.be\/y-U79SiQXtk[\/embed] Natalia Lutti \u2013 Gestora da iniciativa Tend\u00eancias em Servi\u00e7os Ecossist\u00eamicos (TeSE), do FGVces. [embed]https:\/\/youtu.be\/Q9_sXH174RY[\/embed] Luciana Alves \u2013 Assessora t\u00e9cnica do Projeto Teeb Regional-Local \/ GIZ https:\/\/youtu.be\/s5bKgnp2vCk Elisa Romano - Especialista em pol\u00edtica e ind\u00fastria da Confedera\u00e7\u00e3o Nacional da Ind\u00fastria (CNI) [embed]https:\/\/youtu.be\/nAj41AohdP8[\/embed] Luana&hellip;\" \/>\n<meta name=\"robots\" content=\"index, follow, max-snippet:-1, max-image-preview:large, max-video-preview:-1\" \/>\n<link rel=\"canonical\" href=\"https:\/\/www.p22on.com.br\/2018\/10\/02\/chamada-de-casos-depoimentos-e-metodologia\/\" \/>\n<meta property=\"og:locale\" content=\"en_US\" \/>\n<meta property=\"og:type\" content=\"article\" \/>\n<meta property=\"og:title\" content=\"A chamada de casos: videodepoimentos e metodologia\" \/>\n<meta property=\"og:description\" content=\"Assista aqui aos videodepoimentos de quem\u00a0liderou a iniciativa da chamada de casos: [embed]https:\/\/youtu.be\/y-U79SiQXtk[\/embed] Natalia Lutti \u2013 Gestora da iniciativa Tend\u00eancias em Servi\u00e7os Ecossist\u00eamicos (TeSE), do FGVces. [embed]https:\/\/youtu.be\/Q9_sXH174RY[\/embed] Luciana Alves \u2013 Assessora t\u00e9cnica do Projeto Teeb Regional-Local \/ GIZ https:\/\/youtu.be\/s5bKgnp2vCk Elisa Romano - Especialista em pol\u00edtica e ind\u00fastria da Confedera\u00e7\u00e3o Nacional da Ind\u00fastria (CNI) [embed]https:\/\/youtu.be\/nAj41AohdP8[\/embed] Luana&hellip;\" \/>\n<meta property=\"og:url\" content=\"https:\/\/www.p22on.com.br\/2018\/10\/02\/chamada-de-casos-depoimentos-e-metodologia\/\" \/>\n<meta property=\"og:site_name\" content=\"P22_ON\" \/>\n<meta property=\"article:publisher\" content=\"https:\/\/www.facebook.com\/p22on\" \/>\n<meta property=\"article:published_time\" content=\"2018-10-02T20:59:26+00:00\" \/>\n<meta property=\"article:modified_time\" content=\"2022-02-22T11:38:43+00:00\" \/>\n<meta property=\"og:image\" content=\"https:\/\/www.p22on.com.br\/wp-content\/uploads\/2018\/10\/insung-yoon-718239-unsplash.jpg\" \/>\n\t<meta property=\"og:image:width\" content=\"4103\" \/>\n\t<meta property=\"og:image:height\" content=\"2735\" \/>\n\t<meta property=\"og:image:type\" content=\"image\/jpeg\" \/>\n<meta name=\"author\" content=\"P\u00e1gina22\" \/>\n<meta name=\"twitter:card\" content=\"summary_large_image\" \/>\n<meta name=\"twitter:creator\" content=\"@p22on\" \/>\n<meta name=\"twitter:site\" content=\"@p22on\" \/>\n<meta name=\"twitter:label1\" content=\"Written by\" \/>\n\t<meta name=\"twitter:data1\" content=\"P\u00e1gina22\" \/>\n\t<meta name=\"twitter:label2\" content=\"Est. reading time\" \/>\n\t<meta name=\"twitter:data2\" content=\"4 minutes\" \/>\n<script type=\"application\/ld+json\" class=\"yoast-schema-graph\">{\"@context\":\"https:\/\/schema.org\",\"@graph\":[{\"@type\":\"WebPage\",\"@id\":\"https:\/\/www.p22on.com.br\/2018\/10\/02\/chamada-de-casos-depoimentos-e-metodologia\/\",\"url\":\"https:\/\/www.p22on.com.br\/2018\/10\/02\/chamada-de-casos-depoimentos-e-metodologia\/\",\"name\":\"A chamada de casos: videodepoimentos e metodologia - P22_ON\",\"isPartOf\":{\"@id\":\"https:\/\/www.p22on.com.br\/#website\"},\"datePublished\":\"2018-10-02T20:59:26+00:00\",\"dateModified\":\"2022-02-22T11:38:43+00:00\",\"author\":{\"@id\":\"https:\/\/www.p22on.com.br\/#\/schema\/person\/7fc895a9bd2ec411fd1454b133e7b0da\"},\"breadcrumb\":{\"@id\":\"https:\/\/www.p22on.com.br\/2018\/10\/02\/chamada-de-casos-depoimentos-e-metodologia\/#breadcrumb\"},\"inLanguage\":\"en-US\",\"potentialAction\":[{\"@type\":\"ReadAction\",\"target\":[\"https:\/\/www.p22on.com.br\/2018\/10\/02\/chamada-de-casos-depoimentos-e-metodologia\/\"]}]},{\"@type\":\"BreadcrumbList\",\"@id\":\"https:\/\/www.p22on.com.br\/2018\/10\/02\/chamada-de-casos-depoimentos-e-metodologia\/#breadcrumb\",\"itemListElement\":[{\"@type\":\"ListItem\",\"position\":1,\"name\":\"In\u00edcio\",\"item\":\"https:\/\/www.p22on.com.br\/\"},{\"@type\":\"ListItem\",\"position\":2,\"name\":\"A chamada de casos: videodepoimentos e metodologia\"}]},{\"@type\":\"WebSite\",\"@id\":\"https:\/\/www.p22on.com.br\/#website\",\"url\":\"https:\/\/www.p22on.com.br\/\",\"name\":\"P22_ON\",\"description\":\"\",\"potentialAction\":[{\"@type\":\"SearchAction\",\"target\":{\"@type\":\"EntryPoint\",\"urlTemplate\":\"https:\/\/www.p22on.com.br\/?s={search_term_string}\"},\"query-input\":\"required name=search_term_string\"}],\"inLanguage\":\"en-US\"},{\"@type\":\"Person\",\"@id\":\"https:\/\/www.p22on.com.br\/#\/schema\/person\/7fc895a9bd2ec411fd1454b133e7b0da\",\"name\":\"P\u00e1gina22\",\"image\":{\"@type\":\"ImageObject\",\"inLanguage\":\"en-US\",\"@id\":\"https:\/\/www.p22on.com.br\/#\/schema\/person\/image\/\",\"url\":\"https:\/\/secure.gravatar.com\/avatar\/75bff9c570b228ec0455ff0788a3e2f4?s=96&d=mm&r=g\",\"contentUrl\":\"https:\/\/secure.gravatar.com\/avatar\/75bff9c570b228ec0455ff0788a3e2f4?s=96&d=mm&r=g\",\"caption\":\"P\u00e1gina22\"},\"url\":\"https:\/\/www.p22on.com.br\/author\/pagina22\/\"}]}<\/script>\n<!-- \/ Yoast SEO plugin. -->","yoast_head_json":{"title":"A chamada de casos: videodepoimentos e metodologia","description":"Assista aqui aos videodepoimentos de quem\u00a0liderou a iniciativa da chamada de casos: [embed]https:\/\/youtu.be\/y-U79SiQXtk[\/embed] Natalia Lutti \u2013 Gestora da iniciativa Tend\u00eancias em Servi\u00e7os Ecossist\u00eamicos (TeSE), do FGVces. [embed]https:\/\/youtu.be\/Q9_sXH174RY[\/embed] Luciana Alves \u2013 Assessora t\u00e9cnica do Projeto Teeb Regional-Local \/ GIZ https:\/\/youtu.be\/s5bKgnp2vCk Elisa Romano - Especialista em pol\u00edtica e ind\u00fastria da Confedera\u00e7\u00e3o Nacional da Ind\u00fastria (CNI) [embed]https:\/\/youtu.be\/nAj41AohdP8[\/embed] Luana&hellip;","robots":{"index":"index","follow":"follow","max-snippet":"max-snippet:-1","max-image-preview":"max-image-preview:large","max-video-preview":"max-video-preview:-1"},"canonical":"https:\/\/www.p22on.com.br\/2018\/10\/02\/chamada-de-casos-depoimentos-e-metodologia\/","og_locale":"en_US","og_type":"article","og_title":"A chamada de casos: videodepoimentos e metodologia","og_description":"Assista aqui aos videodepoimentos de quem\u00a0liderou a iniciativa da chamada de casos: [embed]https:\/\/youtu.be\/y-U79SiQXtk[\/embed] Natalia Lutti \u2013 Gestora da iniciativa Tend\u00eancias em Servi\u00e7os Ecossist\u00eamicos (TeSE), do FGVces. [embed]https:\/\/youtu.be\/Q9_sXH174RY[\/embed] Luciana Alves \u2013 Assessora t\u00e9cnica do Projeto Teeb Regional-Local \/ GIZ https:\/\/youtu.be\/s5bKgnp2vCk Elisa Romano - Especialista em pol\u00edtica e ind\u00fastria da Confedera\u00e7\u00e3o Nacional da Ind\u00fastria (CNI) [embed]https:\/\/youtu.be\/nAj41AohdP8[\/embed] Luana&hellip;","og_url":"https:\/\/www.p22on.com.br\/2018\/10\/02\/chamada-de-casos-depoimentos-e-metodologia\/","og_site_name":"P22_ON","article_publisher":"https:\/\/www.facebook.com\/p22on","article_published_time":"2018-10-02T20:59:26+00:00","article_modified_time":"2022-02-22T11:38:43+00:00","og_image":[{"width":4103,"height":2735,"url":"https:\/\/www.p22on.com.br\/wp-content\/uploads\/2018\/10\/insung-yoon-718239-unsplash.jpg","type":"image\/jpeg"}],"author":"P\u00e1gina22","twitter_card":"summary_large_image","twitter_creator":"@p22on","twitter_site":"@p22on","twitter_misc":{"Written by":"P\u00e1gina22","Est. reading time":"4 minutes"},"schema":{"@context":"https:\/\/schema.org","@graph":[{"@type":"WebPage","@id":"https:\/\/www.p22on.com.br\/2018\/10\/02\/chamada-de-casos-depoimentos-e-metodologia\/","url":"https:\/\/www.p22on.com.br\/2018\/10\/02\/chamada-de-casos-depoimentos-e-metodologia\/","name":"A chamada de casos: videodepoimentos e metodologia - P22_ON","isPartOf":{"@id":"https:\/\/www.p22on.com.br\/#website"},"datePublished":"2018-10-02T20:59:26+00:00","dateModified":"2022-02-22T11:38:43+00:00","author":{"@id":"https:\/\/www.p22on.com.br\/#\/schema\/person\/7fc895a9bd2ec411fd1454b133e7b0da"},"breadcrumb":{"@id":"https:\/\/www.p22on.com.br\/2018\/10\/02\/chamada-de-casos-depoimentos-e-metodologia\/#breadcrumb"},"inLanguage":"en-US","potentialAction":[{"@type":"ReadAction","target":["https:\/\/www.p22on.com.br\/2018\/10\/02\/chamada-de-casos-depoimentos-e-metodologia\/"]}]},{"@type":"BreadcrumbList","@id":"https:\/\/www.p22on.com.br\/2018\/10\/02\/chamada-de-casos-depoimentos-e-metodologia\/#breadcrumb","itemListElement":[{"@type":"ListItem","position":1,"name":"In\u00edcio","item":"https:\/\/www.p22on.com.br\/"},{"@type":"ListItem","position":2,"name":"A chamada de casos: videodepoimentos e metodologia"}]},{"@type":"WebSite","@id":"https:\/\/www.p22on.com.br\/#website","url":"https:\/\/www.p22on.com.br\/","name":"P22_ON","description":"","potentialAction":[{"@type":"SearchAction","target":{"@type":"EntryPoint","urlTemplate":"https:\/\/www.p22on.com.br\/?s={search_term_string}"},"query-input":"required name=search_term_string"}],"inLanguage":"en-US"},{"@type":"Person","@id":"https:\/\/www.p22on.com.br\/#\/schema\/person\/7fc895a9bd2ec411fd1454b133e7b0da","name":"P\u00e1gina22","image":{"@type":"ImageObject","inLanguage":"en-US","@id":"https:\/\/www.p22on.com.br\/#\/schema\/person\/image\/","url":"https:\/\/secure.gravatar.com\/avatar\/75bff9c570b228ec0455ff0788a3e2f4?s=96&d=mm&r=g","contentUrl":"https:\/\/secure.gravatar.com\/avatar\/75bff9c570b228ec0455ff0788a3e2f4?s=96&d=mm&r=g","caption":"P\u00e1gina22"},"url":"https:\/\/www.p22on.com.br\/author\/pagina22\/"}]}},"_links":{"self":[{"href":"https:\/\/www.p22on.com.br\/wp-json\/wp\/v2\/posts\/2277"}],"collection":[{"href":"https:\/\/www.p22on.com.br\/wp-json\/wp\/v2\/posts"}],"about":[{"href":"https:\/\/www.p22on.com.br\/wp-json\/wp\/v2\/types\/post"}],"author":[{"embeddable":true,"href":"https:\/\/www.p22on.com.br\/wp-json\/wp\/v2\/users\/3"}],"replies":[{"embeddable":true,"href":"https:\/\/www.p22on.com.br\/wp-json\/wp\/v2\/comments?post=2277"}],"version-history":[{"count":25,"href":"https:\/\/www.p22on.com.br\/wp-json\/wp\/v2\/posts\/2277\/revisions"}],"predecessor-version":[{"id":3778,"href":"https:\/\/www.p22on.com.br\/wp-json\/wp\/v2\/posts\/2277\/revisions\/3778"}],"wp:featuredmedia":[{"embeddable":true,"href":"https:\/\/www.p22on.com.br\/wp-json\/wp\/v2\/media\/2358"}],"wp:attachment":[{"href":"https:\/\/www.p22on.com.br\/wp-json\/wp\/v2\/media?parent=2277"}],"wp:term":[{"taxonomy":"category","embeddable":true,"href":"https:\/\/www.p22on.com.br\/wp-json\/wp\/v2\/categories?post=2277"},{"taxonomy":"post_tag","embeddable":true,"href":"https:\/\/www.p22on.com.br\/wp-json\/wp\/v2\/tags?post=2277"}],"curies":[{"name":"wp","href":"https:\/\/api.w.org\/{rel}","templated":true}]}}