{"id":231,"date":"2015-10-02T16:57:06","date_gmt":"2015-10-02T19:57:06","guid":{"rendered":"http:\/\/www.p22on.com.br\/?p=231"},"modified":"2022-02-22T12:57:04","modified_gmt":"2022-02-22T15:57:04","slug":"o-desafio-de-valorar-o-que-e-imaterial","status":"publish","type":"post","link":"https:\/\/www.p22on.com.br\/2015\/10\/02\/o-desafio-de-valorar-o-que-e-imaterial\/","title":{"rendered":"Quanto vale o intang\u00edvel?"},"content":{"rendered":"<p style=\"text-align: justify;\"><em>Por Am\u00e1lia Safatle<\/em><\/p>\n<p style=\"text-align: justify;\">Em<em> Avatar<\/em>, fic\u00e7\u00e3o dirigida por James Cameron em 2009, a \u00e1rvore simboliza a teia da vida que d\u00e1 sustenta\u00e7\u00e3o aos Na&#8217;vi, habitantes de Pandora. Interligados por uma esp\u00e9cie de rede &#8220;neural biobot\u00e2nica&#8221;, os Na&#8217;vi t\u00eam na \u00c1rvore das Almas a representa\u00e7\u00e3o da divindade, o lugar sagrado onde a vida se origina, se recarrega e se renova.<\/p>\n<p style=\"text-align: justify;\">Esse simbolismo de <em>Avatar<\/em> \u00e9 um bom exemplo dos servi\u00e7os ecossist\u00eamicos culturais (SEC): o capital natural que sustenta a exist\u00eancia dos seres vivos possui tamb\u00e9m significados intang\u00edveis.<\/p>\n<p style=\"text-align: justify;\">Em 1997, o economista Robert Costanza definiu os SEC como benef\u00edcios ou valores n\u00e3o materiais associados aos ecossistemas. Em 2005, <em>The Millennium Ecosystem Assessment<\/em>, considerada a &#8220;b\u00edblia&#8221; dos servi\u00e7os ecossist\u00eamicos, expandiu essa conceitua\u00e7\u00e3o: &#8220;S\u00e3o os benef\u00edcios n\u00e3o materiais que as pessoas obt\u00eam dos ecossistemas por meio de enriquecimento espiritual, desenvolvimento cognitivo, reflex\u00e3o, recrea\u00e7\u00e3o e experi\u00eancias est\u00e9ticas&#8221;.<\/p>\n<p style=\"text-align: justify;\">Isso envolve a diversidade cultural, os valores espirituais e religiosos, os sistemas de conhecimento, os valores educacionais, inspiracionais e est\u00e9ticos, as rela\u00e7\u00f5es sociais, o sentimento de pertencimento \u00e0 localidade, a heran\u00e7a cultural, a recrea\u00e7\u00e3o e o turismo.<\/p>\n<figure id=\"attachment_261\" aria-describedby=\"caption-attachment-261\" style=\"width: 669px\" class=\"wp-caption aligncenter\"><a href=\"http:\/\/www.p22on.com.br\/wp-content\/uploads\/2015\/10\/sec-2.jpg\"><img loading=\"lazy\" decoding=\"async\" class=\" wp-image-261\" src=\"http:\/\/www.p22on.com.br\/wp-content\/uploads\/2015\/10\/sec-2-1024x682.jpg\" alt=\"FOTO ANDR\u00c9 MELLAGI\" width=\"669\" height=\"446\" srcset=\"https:\/\/www.p22on.com.br\/wp-content\/uploads\/2015\/10\/sec-2.jpg 1024w, https:\/\/www.p22on.com.br\/wp-content\/uploads\/2015\/10\/sec-2-300x200.jpg 300w\" sizes=\"(max-width: 669px) 100vw, 669px\" \/><\/a><figcaption id=\"caption-attachment-261\" class=\"wp-caption-text\">FOTO ANDR\u00c9 MELLAGI<\/figcaption><\/figure>\n<h4 style=\"text-align: justify;\">Outro exemplo que ajuda a ilustrar os SEC, desta vez um fato real e em ambiente urbano, \u00e9 o da pr\u00e1tica religiosa afro-brasileira em Salvador, Bahia. Por conta de um esfor\u00e7o em modernizar a cidade e alavancar o turismo, o governo local realizou uma s\u00e9rie de obras de revitaliza\u00e7\u00e3o que atra\u00edram o mercado imobili\u00e1rio, mas por outro lado colocaram sob amea\u00e7a terrenos tradicionalmente dedicados \u00e0 pr\u00e1tica do candombl\u00e9 e ao cultivo de plantas consideradas sagradas.<\/h4>\n<p style=\"text-align: justify;\">O avan\u00e7o urbano vem diminuindo as \u00e1reas no entorno dos terreiros, que demandam \u00e1reas verdes, \u00e1gua nas imedia\u00e7\u00f5es e devem ser erguidos na terra. A transfer\u00eancia para outro local n\u00e3o \u00e9 concebida pela religi\u00e3o. \u201cColocamos toda energia no ch\u00e3o, no solo sagrado. N\u00e3o d\u00e1 para um terreiro ser transferido. \u00c9 algo ruim\u201d, explicou Edivaldo Bolagi, gestor cultural e frequentador do terreiro Il\u00ea Asip\u00e1, \u00e0 <em>Revista Radis<\/em>, ligada \u00e0 Escola Nacional Sa\u00fade P\u00fablica Sergio Arouca (Fiocruz). (<em>Leia mais <a href=\"http:\/\/www6.ensp.fiocruz.br\/radis\/revista-radis\/129\/reportagens\/pratica-do-candomble-ameacada\" target=\"_blank\" rel=\"noopener\">aqui<\/a><\/em>\u00a0<em>e no artigo<\/em> <a href=\"http:\/\/www.esplivre.ufba.br\/artigos\/AngeloSerpa_ImpactosAmbientais.pdf\" target=\"_blank\" rel=\"noopener\">Fatores S\u00f3cio-Culturais na Avalia\u00e7\u00e3o de Impactos Ambientais: O Caso da Periferia de Salvador<\/a>)<\/p>\n<p style=\"text-align: justify;\"><span style=\"text-decoration: underline;\"><strong>Na vanguarda<\/strong><\/span><\/p>\n<p style=\"text-align: justify;\">Se os servi\u00e7os ecossist\u00eamicos s\u00e3o uma mat\u00e9ria relativamente nova para o mundo dos neg\u00f3cios, os SEC encontram-se ainda mais na fronteira do conhecimento empresarial. Al\u00e9m da complexidade que trazem ao cen\u00e1rio, os SEC imp\u00f5em o desafio de traduzir essa sofisticada rede de valores para uma linguagem que o agente econ\u00f4mico compreenda e possa aplicar em sua tomada de decis\u00e3o.<\/p>\n<p style=\"text-align: justify;\">Segundo os maiores especialistas no assunto, o caminho n\u00e3o est\u00e1 em reduzir valores intang\u00edveis e complexos como os culturais a uma planilha de coeficientes num\u00e9ricos. At\u00e9 mesmo The Economics of Ecosystems and Biodiversity (Teeb), que busca a valora\u00e7\u00e3o monet\u00e1ria dos servi\u00e7os ecossist\u00eamicos, reconhece o grande desafio de valorar SEC monetariamente (<em>saiba mais sobre o Teeb em &#8220;<a href=\"http:\/\/www.p22on.com.br\/?p=236&amp;preview=true#sthash.m49CWStK.dpbs\">Quem \u00e9 quem<\/a>&#8220;<\/em>).<\/p>\n<p style=\"text-align: justify;\">Embora a diretriz seja a de n\u00e3o monetizar, h\u00e1 o desafio de tangibilizar esses servi\u00e7os, a fim de torn\u00e1-los mais palp\u00e1veis para a gest\u00e3o p\u00fablica e empresarial. \u00c9 preciso, portanto, encontrar outras formas de valora\u00e7\u00e3o que representem melhor a import\u00e2ncia que as comunidades envolvidas d\u00e3o aos servi\u00e7os culturais. O pr\u00f3prio Teeb vem desenvolvendo propostas alternativas, tais como o desenho de um mapa participativo. (<em>para saber mais leia a partir da p\u00e1gina 66 do <a href=\"http:\/\/www.p22on.com.br\/2015\/10\/02\/dicionario-curiosidades-leituras-afins\/#sthash.sUuMX6gs.GdSxvv5i.dpbs\">relat\u00f3rio <\/a><\/em><a href=\"http:\/\/www.p22on.com.br\/2015\/10\/02\/dicionario-curiosidades-leituras-afins\/#sthash.sUuMX6gs.GdSxvv5i.dpbs\">Teeb<\/a> para Formuladores de Pol\u00edticas Locais e Regionais)<\/p>\n<h4 style=\"text-align: justify;\">Tomando-se como exemplo uma geradora de energia que v\u00e1 construir uma usina em uma floresta, caberia a esta empresa conduzir \u2013 sobretudo entre os p\u00fablicos interessados, como as comunidades ribeirinhas e os povos ind\u00edgenas diretamente afetados \u2013 um mapa da regi\u00e3o no qual a popula\u00e7\u00e3o local possa indicar os elementos considerados de maior import\u00e2ncia cultural e onde a intera\u00e7\u00e3o com os servi\u00e7os ecossist\u00eamicos \u00e9 mais significativa.<\/h4>\n<p style=\"text-align: justify;\">Mapeados esses elementos, a empresa buscaria resguard\u00e1-los o m\u00e1ximo poss\u00edvel, por exemplo ao deslocar o tra\u00e7ado de uma estrada para locais onde a import\u00e2ncia \u00e9 considerada menor.<\/p>\n<p style=\"text-align: justify;\">Essa \u00e9 uma avalia\u00e7\u00e3o que obt\u00e9m robustez na medida em que congrega uma gama diversificada de especialistas, como economistas, antrop\u00f3logos, bi\u00f3logos, historiadores, soci\u00f3logos, entre outros, capazes de estabelecer com as comunidades afetadas um di\u00e1logo multifacetado.<\/p>\n<p style=\"text-align: justify;\">Uma proposta de representa\u00e7\u00e3o gr\u00e1fica desses mapas participativos \u00e9 indicar, por meio de cores, a import\u00e2ncia dos locais e o que mais se encontra sob risco, formando uma esp\u00e9cie de \u201cpainel de controle\u201d.<\/p>\n<p style=\"text-align: justify;\">Com base nesse mapa, a empresa faria uma leitura de tudo o que foi representado.<\/p>\n<p style=\"text-align: justify;\">&#8220;Encontrar a melhor maneira de traduzir esse mapa para a linguagem empresarial \u00e9 onde mais precisamos avan\u00e7ar&#8221;, diz L\u00edvia Menezes Pagotto, gestora da iniciativa empresarial <a href=\"http:\/\/idlocal.com.br\/\" target=\"_blank\" rel=\"noopener\">Desenvolvimento Local e Grandes Empreendimentos (ID Local)<\/a>, do FGVces.<\/p>\n<p style=\"text-align: justify;\">Outra dificuldade est\u00e1 na diferen\u00e7a de pontos de vista somada aos diversos aspectos culturais que esses servi\u00e7os prestam, o que traz mais complexidade ao processo de valora\u00e7\u00e3o. Uma montanha, por exemplo, pode ter determinado grau de import\u00e2ncia para uns pelo \u00e2ngulo c\u00eanico, ter um significado diferente para outros do sob o aspecto recreativo e tur\u00edstico, e ainda pode ser considerada sagrada para um terceiro grupo. Como conciliar vis\u00f5es t\u00e3o subjetivas? H\u00e1 muito o que desenvolver nesse campo do conhecimento.<\/p>\n","protected":false},"excerpt":{"rendered":"<p>Por Am\u00e1lia Safatle Em Avatar, fic\u00e7\u00e3o dirigida por James Cameron em 2009, a \u00e1rvore simboliza a teia da vida que d\u00e1 sustenta\u00e7\u00e3o aos Na&#8217;vi, habitantes de Pandora. Interligados por uma esp\u00e9cie de rede &#8220;neural biobot\u00e2nica&#8221;, os Na&#8217;vi t\u00eam na \u00c1rvore das Almas a representa\u00e7\u00e3o da divindade, o lugar sagrado onde a vida se origina, se [&hellip;]<\/p>\n","protected":false},"author":3,"featured_media":260,"comment_status":"closed","ping_status":"closed","sticky":false,"template":"","format":"standard","meta":{"footnotes":""},"categories":[159],"tags":[43,167,168,163,162,161,160,166,150,164,165,135],"yoast_head":"<!-- This site is optimized with the Yoast SEO plugin v21.5 - https:\/\/yoast.com\/wordpress\/plugins\/seo\/ -->\n<title>Quanto vale o intang\u00edvel?<\/title>\n<meta name=\"description\" content=\"Por Am\u00e1lia Safatle Em Avatar, fic\u00e7\u00e3o dirigida por James Cameron em 2009, a \u00e1rvore simboliza a teia da vida que d\u00e1 sustenta\u00e7\u00e3o aos Na&#039;vi, habitantes de Pandora. Interligados por uma esp\u00e9cie de rede &quot;neural biobot\u00e2nica&quot;, os Na&#039;vi t\u00eam na \u00c1rvore das Almas a representa\u00e7\u00e3o da divindade, o lugar sagrado onde a vida se origina, se&hellip;\" \/>\n<meta name=\"robots\" content=\"index, follow, max-snippet:-1, max-image-preview:large, max-video-preview:-1\" \/>\n<link rel=\"canonical\" href=\"https:\/\/www.p22on.com.br\/2015\/10\/02\/o-desafio-de-valorar-o-que-e-imaterial\/\" \/>\n<meta property=\"og:locale\" content=\"en_US\" \/>\n<meta property=\"og:type\" content=\"article\" \/>\n<meta property=\"og:title\" content=\"Quanto vale o intang\u00edvel?\" \/>\n<meta property=\"og:description\" content=\"Por Am\u00e1lia Safatle Em Avatar, fic\u00e7\u00e3o dirigida por James Cameron em 2009, a \u00e1rvore simboliza a teia da vida que d\u00e1 sustenta\u00e7\u00e3o aos Na&#039;vi, habitantes de Pandora. Interligados por uma esp\u00e9cie de rede &quot;neural biobot\u00e2nica&quot;, os Na&#039;vi t\u00eam na \u00c1rvore das Almas a representa\u00e7\u00e3o da divindade, o lugar sagrado onde a vida se origina, se&hellip;\" \/>\n<meta property=\"og:url\" content=\"https:\/\/www.p22on.com.br\/2015\/10\/02\/o-desafio-de-valorar-o-que-e-imaterial\/\" \/>\n<meta property=\"og:site_name\" content=\"P22_ON\" \/>\n<meta property=\"article:publisher\" content=\"https:\/\/www.facebook.com\/p22on\" \/>\n<meta property=\"article:published_time\" content=\"2015-10-02T19:57:06+00:00\" \/>\n<meta property=\"article:modified_time\" content=\"2022-02-22T15:57:04+00:00\" \/>\n<meta property=\"og:image\" content=\"https:\/\/www.p22on.com.br\/wp-content\/uploads\/2015\/10\/sec.jpg\" \/>\n\t<meta property=\"og:image:width\" content=\"1024\" \/>\n\t<meta property=\"og:image:height\" content=\"683\" \/>\n\t<meta property=\"og:image:type\" content=\"image\/jpeg\" \/>\n<meta name=\"author\" content=\"P\u00e1gina22\" \/>\n<meta name=\"twitter:card\" content=\"summary_large_image\" \/>\n<meta name=\"twitter:creator\" content=\"@p22on\" \/>\n<meta name=\"twitter:site\" content=\"@p22on\" \/>\n<meta name=\"twitter:label1\" content=\"Written by\" \/>\n\t<meta name=\"twitter:data1\" content=\"P\u00e1gina22\" \/>\n\t<meta name=\"twitter:label2\" content=\"Est. reading time\" \/>\n\t<meta name=\"twitter:data2\" content=\"5 minutes\" \/>\n<script type=\"application\/ld+json\" class=\"yoast-schema-graph\">{\"@context\":\"https:\/\/schema.org\",\"@graph\":[{\"@type\":\"WebPage\",\"@id\":\"https:\/\/www.p22on.com.br\/2015\/10\/02\/o-desafio-de-valorar-o-que-e-imaterial\/\",\"url\":\"https:\/\/www.p22on.com.br\/2015\/10\/02\/o-desafio-de-valorar-o-que-e-imaterial\/\",\"name\":\"Quanto vale o intang\u00edvel? - P22_ON\",\"isPartOf\":{\"@id\":\"https:\/\/www.p22on.com.br\/#website\"},\"datePublished\":\"2015-10-02T19:57:06+00:00\",\"dateModified\":\"2022-02-22T15:57:04+00:00\",\"author\":{\"@id\":\"https:\/\/www.p22on.com.br\/#\/schema\/person\/7fc895a9bd2ec411fd1454b133e7b0da\"},\"breadcrumb\":{\"@id\":\"https:\/\/www.p22on.com.br\/2015\/10\/02\/o-desafio-de-valorar-o-que-e-imaterial\/#breadcrumb\"},\"inLanguage\":\"en-US\",\"potentialAction\":[{\"@type\":\"ReadAction\",\"target\":[\"https:\/\/www.p22on.com.br\/2015\/10\/02\/o-desafio-de-valorar-o-que-e-imaterial\/\"]}]},{\"@type\":\"BreadcrumbList\",\"@id\":\"https:\/\/www.p22on.com.br\/2015\/10\/02\/o-desafio-de-valorar-o-que-e-imaterial\/#breadcrumb\",\"itemListElement\":[{\"@type\":\"ListItem\",\"position\":1,\"name\":\"In\u00edcio\",\"item\":\"https:\/\/www.p22on.com.br\/\"},{\"@type\":\"ListItem\",\"position\":2,\"name\":\"Quanto vale o intang\u00edvel?\"}]},{\"@type\":\"WebSite\",\"@id\":\"https:\/\/www.p22on.com.br\/#website\",\"url\":\"https:\/\/www.p22on.com.br\/\",\"name\":\"P22_ON\",\"description\":\"\",\"potentialAction\":[{\"@type\":\"SearchAction\",\"target\":{\"@type\":\"EntryPoint\",\"urlTemplate\":\"https:\/\/www.p22on.com.br\/?s={search_term_string}\"},\"query-input\":\"required name=search_term_string\"}],\"inLanguage\":\"en-US\"},{\"@type\":\"Person\",\"@id\":\"https:\/\/www.p22on.com.br\/#\/schema\/person\/7fc895a9bd2ec411fd1454b133e7b0da\",\"name\":\"P\u00e1gina22\",\"image\":{\"@type\":\"ImageObject\",\"inLanguage\":\"en-US\",\"@id\":\"https:\/\/www.p22on.com.br\/#\/schema\/person\/image\/\",\"url\":\"https:\/\/secure.gravatar.com\/avatar\/75bff9c570b228ec0455ff0788a3e2f4?s=96&d=mm&r=g\",\"contentUrl\":\"https:\/\/secure.gravatar.com\/avatar\/75bff9c570b228ec0455ff0788a3e2f4?s=96&d=mm&r=g\",\"caption\":\"P\u00e1gina22\"},\"url\":\"https:\/\/www.p22on.com.br\/author\/pagina22\/\"}]}<\/script>\n<!-- \/ Yoast SEO plugin. -->","yoast_head_json":{"title":"Quanto vale o intang\u00edvel?","description":"Por Am\u00e1lia Safatle Em Avatar, fic\u00e7\u00e3o dirigida por James Cameron em 2009, a \u00e1rvore simboliza a teia da vida que d\u00e1 sustenta\u00e7\u00e3o aos Na'vi, habitantes de Pandora. Interligados por uma esp\u00e9cie de rede \"neural biobot\u00e2nica\", os Na'vi t\u00eam na \u00c1rvore das Almas a representa\u00e7\u00e3o da divindade, o lugar sagrado onde a vida se origina, se&hellip;","robots":{"index":"index","follow":"follow","max-snippet":"max-snippet:-1","max-image-preview":"max-image-preview:large","max-video-preview":"max-video-preview:-1"},"canonical":"https:\/\/www.p22on.com.br\/2015\/10\/02\/o-desafio-de-valorar-o-que-e-imaterial\/","og_locale":"en_US","og_type":"article","og_title":"Quanto vale o intang\u00edvel?","og_description":"Por Am\u00e1lia Safatle Em Avatar, fic\u00e7\u00e3o dirigida por James Cameron em 2009, a \u00e1rvore simboliza a teia da vida que d\u00e1 sustenta\u00e7\u00e3o aos Na'vi, habitantes de Pandora. Interligados por uma esp\u00e9cie de rede \"neural biobot\u00e2nica\", os Na'vi t\u00eam na \u00c1rvore das Almas a representa\u00e7\u00e3o da divindade, o lugar sagrado onde a vida se origina, se&hellip;","og_url":"https:\/\/www.p22on.com.br\/2015\/10\/02\/o-desafio-de-valorar-o-que-e-imaterial\/","og_site_name":"P22_ON","article_publisher":"https:\/\/www.facebook.com\/p22on","article_published_time":"2015-10-02T19:57:06+00:00","article_modified_time":"2022-02-22T15:57:04+00:00","og_image":[{"width":1024,"height":683,"url":"https:\/\/www.p22on.com.br\/wp-content\/uploads\/2015\/10\/sec.jpg","type":"image\/jpeg"}],"author":"P\u00e1gina22","twitter_card":"summary_large_image","twitter_creator":"@p22on","twitter_site":"@p22on","twitter_misc":{"Written by":"P\u00e1gina22","Est. reading time":"5 minutes"},"schema":{"@context":"https:\/\/schema.org","@graph":[{"@type":"WebPage","@id":"https:\/\/www.p22on.com.br\/2015\/10\/02\/o-desafio-de-valorar-o-que-e-imaterial\/","url":"https:\/\/www.p22on.com.br\/2015\/10\/02\/o-desafio-de-valorar-o-que-e-imaterial\/","name":"Quanto vale o intang\u00edvel? - P22_ON","isPartOf":{"@id":"https:\/\/www.p22on.com.br\/#website"},"datePublished":"2015-10-02T19:57:06+00:00","dateModified":"2022-02-22T15:57:04+00:00","author":{"@id":"https:\/\/www.p22on.com.br\/#\/schema\/person\/7fc895a9bd2ec411fd1454b133e7b0da"},"breadcrumb":{"@id":"https:\/\/www.p22on.com.br\/2015\/10\/02\/o-desafio-de-valorar-o-que-e-imaterial\/#breadcrumb"},"inLanguage":"en-US","potentialAction":[{"@type":"ReadAction","target":["https:\/\/www.p22on.com.br\/2015\/10\/02\/o-desafio-de-valorar-o-que-e-imaterial\/"]}]},{"@type":"BreadcrumbList","@id":"https:\/\/www.p22on.com.br\/2015\/10\/02\/o-desafio-de-valorar-o-que-e-imaterial\/#breadcrumb","itemListElement":[{"@type":"ListItem","position":1,"name":"In\u00edcio","item":"https:\/\/www.p22on.com.br\/"},{"@type":"ListItem","position":2,"name":"Quanto vale o intang\u00edvel?"}]},{"@type":"WebSite","@id":"https:\/\/www.p22on.com.br\/#website","url":"https:\/\/www.p22on.com.br\/","name":"P22_ON","description":"","potentialAction":[{"@type":"SearchAction","target":{"@type":"EntryPoint","urlTemplate":"https:\/\/www.p22on.com.br\/?s={search_term_string}"},"query-input":"required name=search_term_string"}],"inLanguage":"en-US"},{"@type":"Person","@id":"https:\/\/www.p22on.com.br\/#\/schema\/person\/7fc895a9bd2ec411fd1454b133e7b0da","name":"P\u00e1gina22","image":{"@type":"ImageObject","inLanguage":"en-US","@id":"https:\/\/www.p22on.com.br\/#\/schema\/person\/image\/","url":"https:\/\/secure.gravatar.com\/avatar\/75bff9c570b228ec0455ff0788a3e2f4?s=96&d=mm&r=g","contentUrl":"https:\/\/secure.gravatar.com\/avatar\/75bff9c570b228ec0455ff0788a3e2f4?s=96&d=mm&r=g","caption":"P\u00e1gina22"},"url":"https:\/\/www.p22on.com.br\/author\/pagina22\/"}]}},"_links":{"self":[{"href":"https:\/\/www.p22on.com.br\/wp-json\/wp\/v2\/posts\/231"}],"collection":[{"href":"https:\/\/www.p22on.com.br\/wp-json\/wp\/v2\/posts"}],"about":[{"href":"https:\/\/www.p22on.com.br\/wp-json\/wp\/v2\/types\/post"}],"author":[{"embeddable":true,"href":"https:\/\/www.p22on.com.br\/wp-json\/wp\/v2\/users\/3"}],"replies":[{"embeddable":true,"href":"https:\/\/www.p22on.com.br\/wp-json\/wp\/v2\/comments?post=231"}],"version-history":[{"count":10,"href":"https:\/\/www.p22on.com.br\/wp-json\/wp\/v2\/posts\/231\/revisions"}],"predecessor-version":[{"id":4076,"href":"https:\/\/www.p22on.com.br\/wp-json\/wp\/v2\/posts\/231\/revisions\/4076"}],"wp:featuredmedia":[{"embeddable":true,"href":"https:\/\/www.p22on.com.br\/wp-json\/wp\/v2\/media\/260"}],"wp:attachment":[{"href":"https:\/\/www.p22on.com.br\/wp-json\/wp\/v2\/media?parent=231"}],"wp:term":[{"taxonomy":"category","embeddable":true,"href":"https:\/\/www.p22on.com.br\/wp-json\/wp\/v2\/categories?post=231"},{"taxonomy":"post_tag","embeddable":true,"href":"https:\/\/www.p22on.com.br\/wp-json\/wp\/v2\/tags?post=231"}],"curies":[{"name":"wp","href":"https:\/\/api.w.org\/{rel}","templated":true}]}}