{"id":2837,"date":"2019-08-16T16:57:04","date_gmt":"2019-08-16T19:57:04","guid":{"rendered":"http:\/\/www.p22on.com.br\/?p=2837"},"modified":"2022-02-22T08:24:07","modified_gmt":"2022-02-22T11:24:07","slug":"energia-renovavel","status":"publish","type":"post","link":"https:\/\/www.p22on.com.br\/2019\/08\/16\/energia-renovavel\/","title":{"rendered":"Renovando o clima"},"content":{"rendered":"<p><em>O ISP come\u00e7a a ser direcionado para fontes mais limpas, no contexto da mudan\u00e7a clim\u00e1tica e do bem estar social, mas ainda h\u00e1 bastante espa\u00e7o para crescer<\/em><\/p>\n<p><em>Por Andrea Vialli<\/em><\/p>\n<p>O sal\u00e3o onde acontecia o preg\u00e3o viva-voz da antiga Bolsa de Valores de S\u00e3o Paulo, atual B3, j\u00e1 n\u00e3o \u00e9 mais usado para este fim \u2013 a negocia\u00e7\u00e3o dos pap\u00e9is da bolsa passou a ser eletr\u00f4nica em 2005, e os ruidosos operadores sa\u00edram de cena, dando lugar a um espa\u00e7o pl\u00e1cido onde pain\u00e9is exibem o sobe-desce do mercado de capitais. A mudan\u00e7a foi um sinal dos tempos, em que a tecnologia for\u00e7ou uma mudan\u00e7a irrevers\u00edvel.<\/p>\n<p>A mesma ruptura \u00e9 esperada para a emerg\u00eancia clim\u00e1tica. Em junho de 2019, a pr\u00f3pria B3 sediou um evento sobre mudan\u00e7a do clima, onde ela, como empresa, associou-se \u00e0 plataforma Compromisso com o Clima, uma iniciativa que une companhias que desejam compensar, juntas, suas emiss\u00f5es de gases de efeito estufa por meio do apoio a projetos sociais e ambientais com foco na economia de baixo carbono, para a qual a ado\u00e7\u00e3o de fontes mais limpas e renov\u00e1veis \u00e9 crucial.<\/p>\n<p>A plataforma foi criada em 2017 e teve como fundadores a multinacional de cosm\u00e9ticos Natura e o banco Ita\u00fa \u2013 ap\u00f3s a assinatura do Acordo de Paris, as empresas estavam buscando um novo sistema de compensa\u00e7\u00f5es das emiss\u00f5es que substitu\u00edsse o Mecanismo de Desenvolvimento Limpo (MDL), por meio do qual projetos de redu\u00e7\u00e3o das emiss\u00f5es poderiam gerar cr\u00e9ditos de carbono.<\/p>\n<p>Na ocasi\u00e3o, a plataforma lan\u00e7ou o primeiro edital, com o apoio do Instituto Ekos Brasil, que tinha como objetivo selecionar projetos que combinassem benef\u00edcios sociais e redu\u00e7\u00e3o de emiss\u00f5es. Por meio do aporte de recursos nesses projetos, as empresas compensavam uma parte das suas emiss\u00f5es de carbono, em um mecanismo inspirado no mercado de carbono.<\/p>\n<p>Este ano, B3 e Lojas Renner se uniram \u00e0 iniciativa, o que possibilitou a cria\u00e7\u00e3o de um novo edital com as mesmas premissas. \u201cO objetivo \u00e9 construir uma plataforma a mais aberta e flex\u00edvel poss\u00edvel, para atrair outras empresas, de todos os portes, que queiram compensar suas emiss\u00f5es investindo nos projetos\u201d, diz Keyvan Macedo, gerente de sustentabilidade da Natura.<\/p>\n<p>O edital lan\u00e7ado este ano atraiu 10 projetos de ONGs e empresas que est\u00e3o na fase final de quantifica\u00e7\u00e3o e valida\u00e7\u00e3o de suas emiss\u00f5es por meio de metodologias comprovadas de gest\u00e3o de carbono. A expectativa \u00e9 de que at\u00e9 o final de setembro os projetos, nas \u00e1reas de energia renov\u00e1vel, efici\u00eancia energ\u00e9tica e conserva\u00e7\u00e3o em florestas, j\u00e1 estejam vis\u00edveis na plataforma e possam ser investidos.<\/p>\n<p>Os quatro membros da plataforma (Natura, Ita\u00fa, Lojas Renner e B3) det\u00eam a prefer\u00eancia de compra dos cr\u00e9ditos de carbono gerados pelos projetos, mas a ideia \u00e9 atrair o maior n\u00famero poss\u00edvel de empresas. A B3 ter\u00e1 como papel incentivar a ades\u00e3o das empresas listadas em bolsa, a come\u00e7ar pelas companhias que j\u00e1 fazem parte das carteiras verdes, como a do \u00cdndice de Sustentabilidade Empresarial (ISE).<\/p>\n<p>\u201cTemos um potencial muito grande de ades\u00e3o das empresas de capital aberto na plataforma, inclusive para serem porta-vozes dessa mensagem, pois s\u00e3o empresas que buscam acelerar a agenda do clima\u201d, diz Sonia Favaretto, diretora de sustentabilidade da B3. Segundo ela, as 29 companhias que fazem parte da carteira do ISE j\u00e1 est\u00e3o bastante familiarizadas com o tema mudan\u00e7a clim\u00e1tica: 100% delas fazem invent\u00e1rios de emiss\u00f5es, 48% indicam realizar compensa\u00e7\u00f5es das emiss\u00f5es que n\u00e3o conseguem reduzir e 33% utilizam mecanismos de compensa\u00e7\u00e3o para alcan\u00e7ar metas de redu\u00e7\u00e3o de carbono.<\/p>\n<p>Unir o modelo j\u00e1 conhecido dos mercados de cr\u00e9ditos de carbono ao Investimento Social Privado (ISP) foi uma das motiva\u00e7\u00f5es para a cria\u00e7\u00e3o da plataforma, segundo Macedo, da Natura. Mais do que isso, foi uma evolu\u00e7\u00e3o da forma como a empresa investe na compensa\u00e7\u00e3o das emiss\u00f5es que n\u00e3o consegue reduzir em suas atividades.<\/p>\n<p>Desde que lan\u00e7ou o programa Carbono Neutro, em 2007, a companhia j\u00e1 apoiou 38 projetos de compensa\u00e7\u00e3o de emiss\u00f5es, 32 deles no Brasil e outros seis na Am\u00e9rica Latina, que geraram R$ 1,6 bilh\u00e3o em benef\u00edcios socioambientais, segundo o c\u00e1lculo da empresa que leva em conta a metodologia Retorno Social sobre o Investimento (SROI), que mede em valores monet\u00e1rios como os projetos apoiados impactam a vida das comunidades. \u201cNo Brasil, o ISP na \u00e1rea de mudan\u00e7a clim\u00e1tica e energia limpa ainda \u00e9 pouco vis\u00edvel. Mas h\u00e1 fundos internacionais que trabalham com essa motiva\u00e7\u00e3o e a tend\u00eancia deve chegar aqui\u201d, diz o executivo.<\/p>\n<p>Historicamente, o ISP no Brasil atua com maior prioridade nas \u00e1reas de educa\u00e7\u00e3o e forma\u00e7\u00e3o de crian\u00e7as e jovens, mas h\u00e1 institutos e funda\u00e7\u00f5es com ades\u00e3o ao meio ambiente. O mais recente Censo do Gife mostrou que, dos 323 programas de atua\u00e7\u00e3o do ISP no Pa\u00eds, apenas 7% s\u00e3o identificados como ambientais (<em>saiba mais<strong>\u00a0<a href=\"http:\/\/www.p22on.com.br\/2019\/08\/16\/recursos-privados-para-bens-publicos\/\" target=\"_blank\" rel=\"noopener\">nesta reportagem<\/a><\/strong><\/em>).<\/p>\n<p>\u201cO investimento \u00e9 muito t\u00edmido frente ao cen\u00e1rio ambiental que temos no Brasil e no mundo \u201d, diz Andrea Apponi, diretora executiva do Instituto Arapya\u00fa, cuja atua\u00e7\u00e3o se pauta pelo fomento \u00e0 economia de baixo carbono. O Brasil \u00e9 o s\u00e9timo maior emissor de gases de efeito estufa do mundo.<\/p>\n<p>Em meio ao cen\u00e1rio preocupante, no entanto, o Brasil coleciona alguns casos positivos de Investimento Social Privado reunindo ganhos ambientais e sociais e capazes de inspirar mais iniciativas.<\/p>\n<p><strong>Menos lenha no fog\u00e3o\u00a0 <\/strong><\/p>\n<p>Um dos projetos mais emblem\u00e1ticos na combina\u00e7\u00e3o entre impacto social e benef\u00edcios ambientais apoiados pelo ISP \u00e9 o dos Fog\u00f5es Eficientes, do Instituto Perene, organiza\u00e7\u00e3o sem fins lucrativos com sede em Salvador e que tem a Natura como um dos principais apoiadores.<\/p>\n<p>Desde 2008, o instituto dedica-se a melhorar a qualidade de vida dos moradores de \u00e1reas rurais do Rec\u00f4ncavo Baiano que utilizam fog\u00f5es a lenha para cozinhar. No Nordeste rural, mais de 85% das fam\u00edlias dependem da lenha e inalam diariamente a fuma\u00e7a gerada por fog\u00f5es rudimentares. O trabalho do Perene consiste em instalar fog\u00f5es de alvenaria mais eficientes, que consomem menor quantidade de lenha (at\u00e9 60% menos) e dotados de um sistema de exaust\u00e3o por chamin\u00e9s, que lan\u00e7a a fuma\u00e7a para fora das casas.<\/p>\n<p>O programa j\u00e1 construiu 10,7 mil fog\u00f5es na regi\u00e3o do Rec\u00f4ncavo e agora a tecnologia est\u00e1 sendo levada para a regi\u00e3o da Chapada dos Veadeiros, em Goi\u00e1s, onde dever\u00e1 beneficiar o povo Kalunga, remanescente de quilombolas. O Instituto Perene estima que tr\u00eas mil fam\u00edlias da regi\u00e3o dependem da lenha para cozinhar. \u201cEssa \u00e9 uma tecnologia de transi\u00e7\u00e3o, mas que tem chamado a aten\u00e7\u00e3o de apoiadores interessados em investir em projetos em linha com os Objetivos de Desenvolvimento Sustent\u00e1vel\u201d, diz Guilherme Valladares, diretor do Instituto Perene.<\/p>\n<p>Um dos componentes do sucesso do projeto \u00e9 buscar visibilidade internacional: por se financiar com a venda de cr\u00e9ditos de carbono, o Instituto Perene buscou a certifica\u00e7\u00e3o da Funda\u00e7\u00e3o Gold Standard, da Su\u00ed\u00e7a, organiza\u00e7\u00e3o criada pelo WWF e outras ONGs para apoiar projetos em conson\u00e2ncia com os ODS e o Acordo de Paris. O projeto dos fog\u00f5es tamb\u00e9m \u00e9 o \u00fanico do Brasil premiado pela EPA, a ag\u00eancia de prote\u00e7\u00e3o ambiental americana, e foi considerado pela ag\u00eancia Moody\u2019s como eleg\u00edvel para investimento filantr\u00f3pico.<\/p>\n<p><strong>Revis\u00e3o de estrat\u00e9gia<\/strong><\/p>\n<p>Projetos com tecnologias simples, facilmente replic\u00e1veis em contextos diversos e geradores de impacto social e ambiental s\u00e3o os que est\u00e3o na mira do ISP com foco em energias limpas.<\/p>\n<p>O Instituto Nissan, por exemplo, bra\u00e7o social da montadora japonesa no Brasil, fez uma revis\u00e3o de sua estrat\u00e9gia de ISP entre os anos de 2017 e 2018 para torn\u00e1-la mais conectada aos neg\u00f3cios da companhia. Definiu como priorit\u00e1rios os eixos de mobilidade (solu\u00e7\u00f5es sustent\u00e1veis para a mobilidade urbana), meio ambiente (\u00eanfase em educa\u00e7\u00e3o ambiental), tecnologia\/inova\u00e7\u00e3o (energias renov\u00e1veis) e educa\u00e7\u00e3o profissionalizante. Em 2018, realizou um edital para escolha dos projetos que apoiaria este ano. Dos 124 inscritos, o Instituto Nissan escolheu cinco, que recebem um aporte de R$ 1,7 milh\u00e3o ao longo de 2019.<\/p>\n<p>Al\u00e9m dos recursos, as organiza\u00e7\u00f5es escolhidas passar\u00e3o por capacita\u00e7\u00f5es em temas como gest\u00e3o e marketing e ser\u00e3o avaliadas a cada tr\u00eas meses, com base em indicadores financeiros e de impacto dos projetos. \u201cO investimento s\u00f3 faz sentido se pudermos ajudar a organiza\u00e7\u00e3o a amplificar sua contribui\u00e7\u00e3o social. \u00c9 esse o retorno que buscamos\u201d, diz Rosane Santos, gerente s\u00eanior de responsabilidade social da Nissan.<\/p>\n<p>Outro requisito da atual estrat\u00e9gia de ISP da Nissan \u00e9 apenas lan\u00e7ar editais a cada dois anos para que os projetos tenham tempo para amadurecer. \u201cO projeto social precisa de um lastro maior de tempo para entregar resultados\u201d, explica Santos.<\/p>\n<p><strong>Luz para (quase) todos<\/strong><\/p>\n<p>Um dos projetos apoiados pelo Instituto Nissan no ciclo de 2019 \u00e9 da organiza\u00e7\u00e3o Litro de Luz, que desenvolve solu\u00e7\u00f5es de ilumina\u00e7\u00e3o ecol\u00f3gicas e de baixo custo para comunidades carentes. A iniciativa apoiada prev\u00ea a instala\u00e7\u00e3o dos postes de ilumina\u00e7\u00e3o, feitos com garrafas PET, painel solar, bateria, circuito, cano de PVC e l\u00e2mpadas LED, para \u00e1reas coletivas no munic\u00edpio de Duque de Caxias (RJ).<\/p>\n<p>Na tecnologia criada pelo Litro de Luz, a luz solar incide na placa fotovoltaica, gerando energia que alimenta a bateria durante o dia. \u00c0 noite, o circuito utiliza a energia armazenada na bateria para acender a luz LED. Quando amanhece, o dispositivo se apaga automaticamente e o ciclo de alimenta\u00e7\u00e3o da bateria se reinicia. A ONG tamb\u00e9m trabalha com uma solu\u00e7\u00e3o barata de ilumina\u00e7\u00e3o para ambientes internos que utiliza uma garrafa PET com \u00e1gua e alvejante, criada pelo mec\u00e2nico e inventor brasileiro Alfredo Moser em 2002, em virtude do racionamento de energia. A ideia se alastrou pelo mundo a partir das Filipinas, dando origem \u00e0 rede Liter of Light em 2011.<\/p>\n<p>Em 2014, a organiza\u00e7\u00e3o se estabeleceu no Brasil, onde passou a trabalhar em outras solu\u00e7\u00f5es, como um lampi\u00e3o solar, que segue os mesmos princ\u00edpios. \u201cCome\u00e7amos atendendo comunidades urbanas, mas vimos que seria fundamental expandir para \u00e1reas onde a falta de ilumina\u00e7\u00e3o \u00e9 um problema s\u00e9rio para a popula\u00e7\u00e3o, como na Amaz\u00f4nia\u201d, diz Leonardo Uematsu, vice-presidente de opera\u00e7\u00f5es e tecnologia do Litro de Luz.<\/p>\n<p>O lampi\u00e3o solar tem autonomia de 14 horas, e por ser abastecido com a bateria, n\u00e3o traz os mesmos riscos de inc\u00eandio que os lampi\u00f5es a querosene, muito utilizados no interior do Pa\u00eds. \u201c\u00c9 algo simples, mas com um impacto imenso. A ilumina\u00e7\u00e3o evita ainda acidentes com animais pe\u00e7onhentos, n\u00e3o traz riscos \u00e0 sa\u00fade pela inala\u00e7\u00e3o do g\u00e1s e permite que as pessoas prolonguem o tempo dedicado aos estudos\u201d, afirma.<\/p>\n<p>Com suas diferentes tecnologias, o Litro de Luz atua em rede, com equipes em seis cidades e 200 volunt\u00e1rios, o que tornou poss\u00edvel a instala\u00e7\u00e3o de 2.300 solu\u00e7\u00f5es de ilumina\u00e7\u00e3o. Gra\u00e7as \u00e0 simplicidade e ao apelo sustent\u00e1vel da tecnologia \u2013 o custo de cada item n\u00e3o ultrapassa R$ 1.500 \u2013, Uematsu viu o interesse pelo Litro de Luz aumentar. A ONG hoje vem sendo procurada para parcerias por empresas de diferentes segmentos, do automotivo \u2013 caso da Nissan\u2013, at\u00e9 grupos do setor de energia, educa\u00e7\u00e3o e bebidas.<\/p>\n<p><strong>Gera\u00e7\u00e3o de renda<\/strong><\/p>\n<p>Empresas que atuam no setor de energias renov\u00e1veis como e\u00f3lica e solar tamb\u00e9m est\u00e3o olhando para suas iniciativas de ISP de forma mais estrat\u00e9gica e buscam vincul\u00e1-las ao seu neg\u00f3cio central, mas ainda esbarram nas necessidades locais.<\/p>\n<p>A EDP Renov\u00e1veis, empresa de origem portuguesa e quarto maior produtor de energia e\u00f3lica do mundo, ao iniciar sua opera\u00e7\u00e3o no Brasil, realizou um diagn\u00f3stico da situa\u00e7\u00e3o das comunidades rurais vizinhas aos seus tr\u00eas complexos e\u00f3licos no Rio Grande do Norte (Baixa do Feij\u00e3o, Ja\u00fa e Aventura). Mesmo localizadas em regi\u00f5es remotas do sert\u00e3o nordestino, todas as comunidades t\u00eam acesso \u00e0 energia el\u00e9trica, um reflexo de programas governamentais como o Luz para Todos. Por isso, direcionou seu investimento social para as demandas que identificou.<\/p>\n<p>O foco do ISP \u00e9 a gera\u00e7\u00e3o de renda para as fam\u00edlias, por meio do fortalecimento da voca\u00e7\u00e3o da agricultura familiar, com a\u00e7\u00f5es de fomento ao empreendedorismo e difus\u00e3o de tecnologias sociais para maior produtividade. O programa, iniciado em 2016 junto \u00e0 instala\u00e7\u00e3o das primeiras turbinas e\u00f3licas, j\u00e1 difundiu 13 tecnologias na \u00e1rea de plantio e cuidados com animais, beneficiando 100 fam\u00edlias na regi\u00e3o de Jo\u00e3o C\u00e2mara (RN).<\/p>\n<p>De acordo com Emiliana Fonseca, especialista em meio ambiente da EDP Renov\u00e1veis, as t\u00e9cnicas empregadas at\u00e9 o momento priorizam sistemas que n\u00e3o consomem energia, como o abastecimento de \u00e1gua por gravidade, sem necessidade de bombeamento, e um sistema de gotejamento para irriga\u00e7\u00e3o dos quintais. \u201cPara as pr\u00f3ximas edi\u00e7\u00f5es do programa, est\u00e3o previstas tecnologias sociais relacionadas \u00e0 agricultura familiar movidas a energia renov\u00e1vel, como sistemas para seguran\u00e7a h\u00eddrica movidos a energia solar\u201d, diz.<\/p>\n","protected":false},"excerpt":{"rendered":"<p>O ISP come\u00e7a a ser direcionado para fontes mais limpas, no contexto da mudan\u00e7a clim\u00e1tica e do bem estar social, mas ainda h\u00e1 bastante espa\u00e7o para crescer Por Andrea Vialli O sal\u00e3o onde acontecia o preg\u00e3o viva-voz da antiga Bolsa de Valores de S\u00e3o Paulo, atual B3, j\u00e1 n\u00e3o \u00e9 mais usado para este fim [&hellip;]<\/p>\n","protected":false},"author":3,"featured_media":2870,"comment_status":"closed","ping_status":"closed","sticky":false,"template":"","format":"standard","meta":{"footnotes":""},"categories":[2069],"tags":[678,2162,2195,2155,2156,147,2157,2166,2167,2097,2194,2196,2170,2110,2159,2163,2169,2086,358,2087,2158,2160,2168,2165,2161,905,1957,2164,2193,1194],"yoast_head":"<!-- This site is optimized with the Yoast SEO plugin v21.5 - https:\/\/yoast.com\/wordpress\/plugins\/seo\/ -->\n<title>Renovando o clima<\/title>\n<meta name=\"description\" content=\"O ISP come\u00e7a a ser direcionado para fontes mais limpas, no contexto da mudan\u00e7a clim\u00e1tica e do bem estar social, mas ainda h\u00e1 bastante espa\u00e7o para crescer Por Andrea Vialli O sal\u00e3o onde acontecia o preg\u00e3o viva-voz da antiga Bolsa de Valores de S\u00e3o Paulo, atual B3, j\u00e1 n\u00e3o \u00e9 mais usado para este fim&hellip;\" \/>\n<meta name=\"robots\" content=\"index, follow, max-snippet:-1, max-image-preview:large, max-video-preview:-1\" \/>\n<link rel=\"canonical\" href=\"https:\/\/www.p22on.com.br\/2019\/08\/16\/energia-renovavel\/\" \/>\n<meta property=\"og:locale\" content=\"en_US\" \/>\n<meta property=\"og:type\" content=\"article\" \/>\n<meta property=\"og:title\" content=\"Renovando o clima\" \/>\n<meta property=\"og:description\" content=\"O ISP come\u00e7a a ser direcionado para fontes mais limpas, no contexto da mudan\u00e7a clim\u00e1tica e do bem estar social, mas ainda h\u00e1 bastante espa\u00e7o para crescer Por Andrea Vialli O sal\u00e3o onde acontecia o preg\u00e3o viva-voz da antiga Bolsa de Valores de S\u00e3o Paulo, atual B3, j\u00e1 n\u00e3o \u00e9 mais usado para este fim&hellip;\" \/>\n<meta property=\"og:url\" content=\"https:\/\/www.p22on.com.br\/2019\/08\/16\/energia-renovavel\/\" \/>\n<meta property=\"og:site_name\" content=\"P22_ON\" \/>\n<meta property=\"article:publisher\" content=\"https:\/\/www.facebook.com\/p22on\" \/>\n<meta property=\"article:published_time\" content=\"2019-08-16T19:57:04+00:00\" \/>\n<meta property=\"article:modified_time\" content=\"2022-02-22T11:24:07+00:00\" \/>\n<meta property=\"og:image\" content=\"https:\/\/www.p22on.com.br\/wp-content\/uploads\/2019\/08\/12237413913_183f08fc75_k.jpg\" \/>\n\t<meta property=\"og:image:width\" content=\"2048\" \/>\n\t<meta property=\"og:image:height\" content=\"1368\" \/>\n\t<meta property=\"og:image:type\" content=\"image\/jpeg\" \/>\n<meta name=\"author\" content=\"P\u00e1gina22\" \/>\n<meta name=\"twitter:card\" content=\"summary_large_image\" \/>\n<meta name=\"twitter:creator\" content=\"@p22on\" \/>\n<meta name=\"twitter:site\" content=\"@p22on\" \/>\n<meta name=\"twitter:label1\" content=\"Written by\" \/>\n\t<meta name=\"twitter:data1\" content=\"P\u00e1gina22\" \/>\n\t<meta name=\"twitter:label2\" content=\"Est. reading time\" \/>\n\t<meta name=\"twitter:data2\" content=\"11 minutes\" \/>\n<script type=\"application\/ld+json\" class=\"yoast-schema-graph\">{\"@context\":\"https:\/\/schema.org\",\"@graph\":[{\"@type\":\"WebPage\",\"@id\":\"https:\/\/www.p22on.com.br\/2019\/08\/16\/energia-renovavel\/\",\"url\":\"https:\/\/www.p22on.com.br\/2019\/08\/16\/energia-renovavel\/\",\"name\":\"Renovando o clima - P22_ON\",\"isPartOf\":{\"@id\":\"https:\/\/www.p22on.com.br\/#website\"},\"datePublished\":\"2019-08-16T19:57:04+00:00\",\"dateModified\":\"2022-02-22T11:24:07+00:00\",\"author\":{\"@id\":\"https:\/\/www.p22on.com.br\/#\/schema\/person\/7fc895a9bd2ec411fd1454b133e7b0da\"},\"breadcrumb\":{\"@id\":\"https:\/\/www.p22on.com.br\/2019\/08\/16\/energia-renovavel\/#breadcrumb\"},\"inLanguage\":\"en-US\",\"potentialAction\":[{\"@type\":\"ReadAction\",\"target\":[\"https:\/\/www.p22on.com.br\/2019\/08\/16\/energia-renovavel\/\"]}]},{\"@type\":\"BreadcrumbList\",\"@id\":\"https:\/\/www.p22on.com.br\/2019\/08\/16\/energia-renovavel\/#breadcrumb\",\"itemListElement\":[{\"@type\":\"ListItem\",\"position\":1,\"name\":\"In\u00edcio\",\"item\":\"https:\/\/www.p22on.com.br\/\"},{\"@type\":\"ListItem\",\"position\":2,\"name\":\"Renovando o clima\"}]},{\"@type\":\"WebSite\",\"@id\":\"https:\/\/www.p22on.com.br\/#website\",\"url\":\"https:\/\/www.p22on.com.br\/\",\"name\":\"P22_ON\",\"description\":\"\",\"potentialAction\":[{\"@type\":\"SearchAction\",\"target\":{\"@type\":\"EntryPoint\",\"urlTemplate\":\"https:\/\/www.p22on.com.br\/?s={search_term_string}\"},\"query-input\":\"required name=search_term_string\"}],\"inLanguage\":\"en-US\"},{\"@type\":\"Person\",\"@id\":\"https:\/\/www.p22on.com.br\/#\/schema\/person\/7fc895a9bd2ec411fd1454b133e7b0da\",\"name\":\"P\u00e1gina22\",\"image\":{\"@type\":\"ImageObject\",\"inLanguage\":\"en-US\",\"@id\":\"https:\/\/www.p22on.com.br\/#\/schema\/person\/image\/\",\"url\":\"https:\/\/secure.gravatar.com\/avatar\/75bff9c570b228ec0455ff0788a3e2f4?s=96&d=mm&r=g\",\"contentUrl\":\"https:\/\/secure.gravatar.com\/avatar\/75bff9c570b228ec0455ff0788a3e2f4?s=96&d=mm&r=g\",\"caption\":\"P\u00e1gina22\"},\"url\":\"https:\/\/www.p22on.com.br\/author\/pagina22\/\"}]}<\/script>\n<!-- \/ Yoast SEO plugin. -->","yoast_head_json":{"title":"Renovando o clima","description":"O ISP come\u00e7a a ser direcionado para fontes mais limpas, no contexto da mudan\u00e7a clim\u00e1tica e do bem estar social, mas ainda h\u00e1 bastante espa\u00e7o para crescer Por Andrea Vialli O sal\u00e3o onde acontecia o preg\u00e3o viva-voz da antiga Bolsa de Valores de S\u00e3o Paulo, atual B3, j\u00e1 n\u00e3o \u00e9 mais usado para este fim&hellip;","robots":{"index":"index","follow":"follow","max-snippet":"max-snippet:-1","max-image-preview":"max-image-preview:large","max-video-preview":"max-video-preview:-1"},"canonical":"https:\/\/www.p22on.com.br\/2019\/08\/16\/energia-renovavel\/","og_locale":"en_US","og_type":"article","og_title":"Renovando o clima","og_description":"O ISP come\u00e7a a ser direcionado para fontes mais limpas, no contexto da mudan\u00e7a clim\u00e1tica e do bem estar social, mas ainda h\u00e1 bastante espa\u00e7o para crescer Por Andrea Vialli O sal\u00e3o onde acontecia o preg\u00e3o viva-voz da antiga Bolsa de Valores de S\u00e3o Paulo, atual B3, j\u00e1 n\u00e3o \u00e9 mais usado para este fim&hellip;","og_url":"https:\/\/www.p22on.com.br\/2019\/08\/16\/energia-renovavel\/","og_site_name":"P22_ON","article_publisher":"https:\/\/www.facebook.com\/p22on","article_published_time":"2019-08-16T19:57:04+00:00","article_modified_time":"2022-02-22T11:24:07+00:00","og_image":[{"width":2048,"height":1368,"url":"https:\/\/www.p22on.com.br\/wp-content\/uploads\/2019\/08\/12237413913_183f08fc75_k.jpg","type":"image\/jpeg"}],"author":"P\u00e1gina22","twitter_card":"summary_large_image","twitter_creator":"@p22on","twitter_site":"@p22on","twitter_misc":{"Written by":"P\u00e1gina22","Est. reading time":"11 minutes"},"schema":{"@context":"https:\/\/schema.org","@graph":[{"@type":"WebPage","@id":"https:\/\/www.p22on.com.br\/2019\/08\/16\/energia-renovavel\/","url":"https:\/\/www.p22on.com.br\/2019\/08\/16\/energia-renovavel\/","name":"Renovando o clima - P22_ON","isPartOf":{"@id":"https:\/\/www.p22on.com.br\/#website"},"datePublished":"2019-08-16T19:57:04+00:00","dateModified":"2022-02-22T11:24:07+00:00","author":{"@id":"https:\/\/www.p22on.com.br\/#\/schema\/person\/7fc895a9bd2ec411fd1454b133e7b0da"},"breadcrumb":{"@id":"https:\/\/www.p22on.com.br\/2019\/08\/16\/energia-renovavel\/#breadcrumb"},"inLanguage":"en-US","potentialAction":[{"@type":"ReadAction","target":["https:\/\/www.p22on.com.br\/2019\/08\/16\/energia-renovavel\/"]}]},{"@type":"BreadcrumbList","@id":"https:\/\/www.p22on.com.br\/2019\/08\/16\/energia-renovavel\/#breadcrumb","itemListElement":[{"@type":"ListItem","position":1,"name":"In\u00edcio","item":"https:\/\/www.p22on.com.br\/"},{"@type":"ListItem","position":2,"name":"Renovando o clima"}]},{"@type":"WebSite","@id":"https:\/\/www.p22on.com.br\/#website","url":"https:\/\/www.p22on.com.br\/","name":"P22_ON","description":"","potentialAction":[{"@type":"SearchAction","target":{"@type":"EntryPoint","urlTemplate":"https:\/\/www.p22on.com.br\/?s={search_term_string}"},"query-input":"required name=search_term_string"}],"inLanguage":"en-US"},{"@type":"Person","@id":"https:\/\/www.p22on.com.br\/#\/schema\/person\/7fc895a9bd2ec411fd1454b133e7b0da","name":"P\u00e1gina22","image":{"@type":"ImageObject","inLanguage":"en-US","@id":"https:\/\/www.p22on.com.br\/#\/schema\/person\/image\/","url":"https:\/\/secure.gravatar.com\/avatar\/75bff9c570b228ec0455ff0788a3e2f4?s=96&d=mm&r=g","contentUrl":"https:\/\/secure.gravatar.com\/avatar\/75bff9c570b228ec0455ff0788a3e2f4?s=96&d=mm&r=g","caption":"P\u00e1gina22"},"url":"https:\/\/www.p22on.com.br\/author\/pagina22\/"}]}},"_links":{"self":[{"href":"https:\/\/www.p22on.com.br\/wp-json\/wp\/v2\/posts\/2837"}],"collection":[{"href":"https:\/\/www.p22on.com.br\/wp-json\/wp\/v2\/posts"}],"about":[{"href":"https:\/\/www.p22on.com.br\/wp-json\/wp\/v2\/types\/post"}],"author":[{"embeddable":true,"href":"https:\/\/www.p22on.com.br\/wp-json\/wp\/v2\/users\/3"}],"replies":[{"embeddable":true,"href":"https:\/\/www.p22on.com.br\/wp-json\/wp\/v2\/comments?post=2837"}],"version-history":[{"count":12,"href":"https:\/\/www.p22on.com.br\/wp-json\/wp\/v2\/posts\/2837\/revisions"}],"predecessor-version":[{"id":3759,"href":"https:\/\/www.p22on.com.br\/wp-json\/wp\/v2\/posts\/2837\/revisions\/3759"}],"wp:featuredmedia":[{"embeddable":true,"href":"https:\/\/www.p22on.com.br\/wp-json\/wp\/v2\/media\/2870"}],"wp:attachment":[{"href":"https:\/\/www.p22on.com.br\/wp-json\/wp\/v2\/media?parent=2837"}],"wp:term":[{"taxonomy":"category","embeddable":true,"href":"https:\/\/www.p22on.com.br\/wp-json\/wp\/v2\/categories?post=2837"},{"taxonomy":"post_tag","embeddable":true,"href":"https:\/\/www.p22on.com.br\/wp-json\/wp\/v2\/tags?post=2837"}],"curies":[{"name":"wp","href":"https:\/\/api.w.org\/{rel}","templated":true}]}}