{"id":2842,"date":"2019-08-16T17:11:44","date_gmt":"2019-08-16T20:11:44","guid":{"rendered":"http:\/\/www.p22on.com.br\/?p=2842"},"modified":"2022-02-22T08:19:56","modified_gmt":"2022-02-22T11:19:56","slug":"entrevista-em-video-visao-de-um-investidor-social-privado","status":"publish","type":"post","link":"https:\/\/www.p22on.com.br\/2019\/08\/16\/entrevista-em-video-visao-de-um-investidor-social-privado\/","title":{"rendered":"Entrevista em v\u00eddeo: a vis\u00e3o de um investidor social privado"},"content":{"rendered":"<p><em>Por Am\u00e1lia Safatle. Grava\u00e7\u00e3o e edi\u00e7\u00e3o: Jorge Novais<\/em><\/p>\n<p>Nesta entrevista em v\u00eddeo, perguntamos a F\u00e1bio Deboni, diretor do Instituto Sabin:<\/p>\n<p><strong>O que o Investimento Social Privado pode fazer pelo meio ambiente?<\/strong><\/p>\n<p><strong>Que crit\u00e9rios o investidor social privado leva em conta na hora de investir?<\/strong><\/p>\n<p><strong>A necessidade de inovar imp\u00f5e quais desafios ao Investimento Social Privado?<\/strong><\/p>\n<p>Confira as respostas:<\/p>\n<p><iframe loading=\"lazy\" title=\"A vis\u00e3o de um investidor social privado.\" width=\"800\" height=\"450\" src=\"https:\/\/www.youtube.com\/embed\/YLRekNp4u08?feature=oembed\" frameborder=\"0\" allow=\"accelerometer; autoplay; clipboard-write; encrypted-media; gyroscope; picture-in-picture\" allowfullscreen><\/iframe><\/p>\n","protected":false},"excerpt":{"rendered":"<p>Por Am\u00e1lia Safatle. Grava\u00e7\u00e3o e edi\u00e7\u00e3o: Jorge Novais Nesta entrevista em v\u00eddeo, perguntamos a F\u00e1bio Deboni, diretor do Instituto Sabin: O que o Investimento Social Privado pode fazer pelo meio ambiente? Que crit\u00e9rios o investidor social privado leva em conta na hora de investir? A necessidade de inovar imp\u00f5e quais desafios ao Investimento Social Privado? [&hellip;]<\/p>\n","protected":false},"author":3,"featured_media":2879,"comment_status":"closed","ping_status":"closed","sticky":false,"template":"","format":"standard","meta":{"footnotes":""},"categories":[2071],"tags":[43,1602,873,2186,2101,862,393,2185,2086,2087,2113,1423,209],"yoast_head":"<!-- This site is optimized with the Yoast SEO plugin v21.5 - https:\/\/yoast.com\/wordpress\/plugins\/seo\/ -->\n<title>Entrevista em v\u00eddeo: a vis\u00e3o de um investidor social privado<\/title>\n<meta name=\"description\" content=\"Por Am\u00e1lia Safatle. Grava\u00e7\u00e3o e edi\u00e7\u00e3o: Jorge Novais Nesta entrevista em v\u00eddeo, perguntamos a F\u00e1bio Deboni, diretor do Instituto Sabin: O que o Investimento Social Privado pode fazer pelo meio ambiente? Que crit\u00e9rios o investidor social privado leva em conta na hora de investir? A necessidade de inovar imp\u00f5e quais desafios ao Investimento Social Privado?&hellip;\" \/>\n<meta name=\"robots\" content=\"index, follow, max-snippet:-1, max-image-preview:large, max-video-preview:-1\" \/>\n<link rel=\"canonical\" href=\"https:\/\/www.p22on.com.br\/2019\/08\/16\/entrevista-em-video-visao-de-um-investidor-social-privado\/\" \/>\n<meta property=\"og:locale\" content=\"en_US\" \/>\n<meta property=\"og:type\" content=\"article\" \/>\n<meta property=\"og:title\" content=\"Entrevista em v\u00eddeo: a vis\u00e3o de um investidor social privado\" \/>\n<meta property=\"og:description\" content=\"Por Am\u00e1lia Safatle. Grava\u00e7\u00e3o e edi\u00e7\u00e3o: Jorge Novais Nesta entrevista em v\u00eddeo, perguntamos a F\u00e1bio Deboni, diretor do Instituto Sabin: O que o Investimento Social Privado pode fazer pelo meio ambiente? Que crit\u00e9rios o investidor social privado leva em conta na hora de investir? A necessidade de inovar imp\u00f5e quais desafios ao Investimento Social Privado?&hellip;\" \/>\n<meta property=\"og:url\" content=\"https:\/\/www.p22on.com.br\/2019\/08\/16\/entrevista-em-video-visao-de-um-investidor-social-privado\/\" \/>\n<meta property=\"og:site_name\" content=\"P22_ON\" \/>\n<meta property=\"article:publisher\" content=\"https:\/\/www.facebook.com\/p22on\" \/>\n<meta property=\"article:published_time\" content=\"2019-08-16T20:11:44+00:00\" \/>\n<meta property=\"article:modified_time\" content=\"2022-02-22T11:19:56+00:00\" \/>\n<meta property=\"og:image\" content=\"https:\/\/www.p22on.com.br\/wp-content\/uploads\/2019\/08\/DROPSpatrick-fore-unsplash-1024x683.jpg\" \/>\n\t<meta property=\"og:image:width\" content=\"1024\" \/>\n\t<meta property=\"og:image:height\" content=\"683\" \/>\n\t<meta property=\"og:image:type\" content=\"image\/jpeg\" \/>\n<meta name=\"author\" content=\"P\u00e1gina22\" \/>\n<meta name=\"twitter:card\" content=\"summary_large_image\" \/>\n<meta name=\"twitter:creator\" content=\"@p22on\" \/>\n<meta name=\"twitter:site\" content=\"@p22on\" \/>\n<meta name=\"twitter:label1\" content=\"Written by\" \/>\n\t<meta name=\"twitter:data1\" content=\"P\u00e1gina22\" \/>\n<script type=\"application\/ld+json\" class=\"yoast-schema-graph\">{\"@context\":\"https:\/\/schema.org\",\"@graph\":[{\"@type\":\"WebPage\",\"@id\":\"https:\/\/www.p22on.com.br\/2019\/08\/16\/entrevista-em-video-visao-de-um-investidor-social-privado\/\",\"url\":\"https:\/\/www.p22on.com.br\/2019\/08\/16\/entrevista-em-video-visao-de-um-investidor-social-privado\/\",\"name\":\"Entrevista em v\u00eddeo: a vis\u00e3o de um investidor social privado - P22_ON\",\"isPartOf\":{\"@id\":\"https:\/\/www.p22on.com.br\/#website\"},\"datePublished\":\"2019-08-16T20:11:44+00:00\",\"dateModified\":\"2022-02-22T11:19:56+00:00\",\"author\":{\"@id\":\"https:\/\/www.p22on.com.br\/#\/schema\/person\/7fc895a9bd2ec411fd1454b133e7b0da\"},\"breadcrumb\":{\"@id\":\"https:\/\/www.p22on.com.br\/2019\/08\/16\/entrevista-em-video-visao-de-um-investidor-social-privado\/#breadcrumb\"},\"inLanguage\":\"en-US\",\"potentialAction\":[{\"@type\":\"ReadAction\",\"target\":[\"https:\/\/www.p22on.com.br\/2019\/08\/16\/entrevista-em-video-visao-de-um-investidor-social-privado\/\"]}]},{\"@type\":\"BreadcrumbList\",\"@id\":\"https:\/\/www.p22on.com.br\/2019\/08\/16\/entrevista-em-video-visao-de-um-investidor-social-privado\/#breadcrumb\",\"itemListElement\":[{\"@type\":\"ListItem\",\"position\":1,\"name\":\"In\u00edcio\",\"item\":\"https:\/\/www.p22on.com.br\/\"},{\"@type\":\"ListItem\",\"position\":2,\"name\":\"Entrevista em v\u00eddeo: a vis\u00e3o de um investidor social privado\"}]},{\"@type\":\"WebSite\",\"@id\":\"https:\/\/www.p22on.com.br\/#website\",\"url\":\"https:\/\/www.p22on.com.br\/\",\"name\":\"P22_ON\",\"description\":\"\",\"potentialAction\":[{\"@type\":\"SearchAction\",\"target\":{\"@type\":\"EntryPoint\",\"urlTemplate\":\"https:\/\/www.p22on.com.br\/?s={search_term_string}\"},\"query-input\":\"required name=search_term_string\"}],\"inLanguage\":\"en-US\"},{\"@type\":\"Person\",\"@id\":\"https:\/\/www.p22on.com.br\/#\/schema\/person\/7fc895a9bd2ec411fd1454b133e7b0da\",\"name\":\"P\u00e1gina22\",\"image\":{\"@type\":\"ImageObject\",\"inLanguage\":\"en-US\",\"@id\":\"https:\/\/www.p22on.com.br\/#\/schema\/person\/image\/\",\"url\":\"https:\/\/secure.gravatar.com\/avatar\/75bff9c570b228ec0455ff0788a3e2f4?s=96&d=mm&r=g\",\"contentUrl\":\"https:\/\/secure.gravatar.com\/avatar\/75bff9c570b228ec0455ff0788a3e2f4?s=96&d=mm&r=g\",\"caption\":\"P\u00e1gina22\"},\"url\":\"https:\/\/www.p22on.com.br\/author\/pagina22\/\"}]}<\/script>\n<!-- \/ Yoast SEO plugin. -->","yoast_head_json":{"title":"Entrevista em v\u00eddeo: a vis\u00e3o de um investidor social privado","description":"Por Am\u00e1lia Safatle. Grava\u00e7\u00e3o e edi\u00e7\u00e3o: Jorge Novais Nesta entrevista em v\u00eddeo, perguntamos a F\u00e1bio Deboni, diretor do Instituto Sabin: O que o Investimento Social Privado pode fazer pelo meio ambiente? Que crit\u00e9rios o investidor social privado leva em conta na hora de investir? A necessidade de inovar imp\u00f5e quais desafios ao Investimento Social Privado?&hellip;","robots":{"index":"index","follow":"follow","max-snippet":"max-snippet:-1","max-image-preview":"max-image-preview:large","max-video-preview":"max-video-preview:-1"},"canonical":"https:\/\/www.p22on.com.br\/2019\/08\/16\/entrevista-em-video-visao-de-um-investidor-social-privado\/","og_locale":"en_US","og_type":"article","og_title":"Entrevista em v\u00eddeo: a vis\u00e3o de um investidor social privado","og_description":"Por Am\u00e1lia Safatle. Grava\u00e7\u00e3o e edi\u00e7\u00e3o: Jorge Novais Nesta entrevista em v\u00eddeo, perguntamos a F\u00e1bio Deboni, diretor do Instituto Sabin: O que o Investimento Social Privado pode fazer pelo meio ambiente? Que crit\u00e9rios o investidor social privado leva em conta na hora de investir? A necessidade de inovar imp\u00f5e quais desafios ao Investimento Social Privado?&hellip;","og_url":"https:\/\/www.p22on.com.br\/2019\/08\/16\/entrevista-em-video-visao-de-um-investidor-social-privado\/","og_site_name":"P22_ON","article_publisher":"https:\/\/www.facebook.com\/p22on","article_published_time":"2019-08-16T20:11:44+00:00","article_modified_time":"2022-02-22T11:19:56+00:00","og_image":[{"width":1024,"height":683,"url":"https:\/\/www.p22on.com.br\/wp-content\/uploads\/2019\/08\/DROPSpatrick-fore-unsplash-1024x683.jpg","type":"image\/jpeg"}],"author":"P\u00e1gina22","twitter_card":"summary_large_image","twitter_creator":"@p22on","twitter_site":"@p22on","twitter_misc":{"Written by":"P\u00e1gina22"},"schema":{"@context":"https:\/\/schema.org","@graph":[{"@type":"WebPage","@id":"https:\/\/www.p22on.com.br\/2019\/08\/16\/entrevista-em-video-visao-de-um-investidor-social-privado\/","url":"https:\/\/www.p22on.com.br\/2019\/08\/16\/entrevista-em-video-visao-de-um-investidor-social-privado\/","name":"Entrevista em v\u00eddeo: a vis\u00e3o de um investidor social privado - P22_ON","isPartOf":{"@id":"https:\/\/www.p22on.com.br\/#website"},"datePublished":"2019-08-16T20:11:44+00:00","dateModified":"2022-02-22T11:19:56+00:00","author":{"@id":"https:\/\/www.p22on.com.br\/#\/schema\/person\/7fc895a9bd2ec411fd1454b133e7b0da"},"breadcrumb":{"@id":"https:\/\/www.p22on.com.br\/2019\/08\/16\/entrevista-em-video-visao-de-um-investidor-social-privado\/#breadcrumb"},"inLanguage":"en-US","potentialAction":[{"@type":"ReadAction","target":["https:\/\/www.p22on.com.br\/2019\/08\/16\/entrevista-em-video-visao-de-um-investidor-social-privado\/"]}]},{"@type":"BreadcrumbList","@id":"https:\/\/www.p22on.com.br\/2019\/08\/16\/entrevista-em-video-visao-de-um-investidor-social-privado\/#breadcrumb","itemListElement":[{"@type":"ListItem","position":1,"name":"In\u00edcio","item":"https:\/\/www.p22on.com.br\/"},{"@type":"ListItem","position":2,"name":"Entrevista em v\u00eddeo: a vis\u00e3o de um investidor social privado"}]},{"@type":"WebSite","@id":"https:\/\/www.p22on.com.br\/#website","url":"https:\/\/www.p22on.com.br\/","name":"P22_ON","description":"","potentialAction":[{"@type":"SearchAction","target":{"@type":"EntryPoint","urlTemplate":"https:\/\/www.p22on.com.br\/?s={search_term_string}"},"query-input":"required name=search_term_string"}],"inLanguage":"en-US"},{"@type":"Person","@id":"https:\/\/www.p22on.com.br\/#\/schema\/person\/7fc895a9bd2ec411fd1454b133e7b0da","name":"P\u00e1gina22","image":{"@type":"ImageObject","inLanguage":"en-US","@id":"https:\/\/www.p22on.com.br\/#\/schema\/person\/image\/","url":"https:\/\/secure.gravatar.com\/avatar\/75bff9c570b228ec0455ff0788a3e2f4?s=96&d=mm&r=g","contentUrl":"https:\/\/secure.gravatar.com\/avatar\/75bff9c570b228ec0455ff0788a3e2f4?s=96&d=mm&r=g","caption":"P\u00e1gina22"},"url":"https:\/\/www.p22on.com.br\/author\/pagina22\/"}]}},"_links":{"self":[{"href":"https:\/\/www.p22on.com.br\/wp-json\/wp\/v2\/posts\/2842"}],"collection":[{"href":"https:\/\/www.p22on.com.br\/wp-json\/wp\/v2\/posts"}],"about":[{"href":"https:\/\/www.p22on.com.br\/wp-json\/wp\/v2\/types\/post"}],"author":[{"embeddable":true,"href":"https:\/\/www.p22on.com.br\/wp-json\/wp\/v2\/users\/3"}],"replies":[{"embeddable":true,"href":"https:\/\/www.p22on.com.br\/wp-json\/wp\/v2\/comments?post=2842"}],"version-history":[{"count":7,"href":"https:\/\/www.p22on.com.br\/wp-json\/wp\/v2\/posts\/2842\/revisions"}],"predecessor-version":[{"id":3748,"href":"https:\/\/www.p22on.com.br\/wp-json\/wp\/v2\/posts\/2842\/revisions\/3748"}],"wp:featuredmedia":[{"embeddable":true,"href":"https:\/\/www.p22on.com.br\/wp-json\/wp\/v2\/media\/2879"}],"wp:attachment":[{"href":"https:\/\/www.p22on.com.br\/wp-json\/wp\/v2\/media?parent=2842"}],"wp:term":[{"taxonomy":"category","embeddable":true,"href":"https:\/\/www.p22on.com.br\/wp-json\/wp\/v2\/categories?post=2842"},{"taxonomy":"post_tag","embeddable":true,"href":"https:\/\/www.p22on.com.br\/wp-json\/wp\/v2\/tags?post=2842"}],"curies":[{"name":"wp","href":"https:\/\/api.w.org\/{rel}","templated":true}]}}