{"id":2847,"date":"2019-08-16T17:53:42","date_gmt":"2019-08-16T20:53:42","guid":{"rendered":"http:\/\/www.p22on.com.br\/?p=2847"},"modified":"2022-02-22T08:20:46","modified_gmt":"2022-02-22T11:20:46","slug":"o-valor-das-causas","status":"publish","type":"post","link":"https:\/\/www.p22on.com.br\/2019\/08\/16\/o-valor-das-causas\/","title":{"rendered":"O valor das causas"},"content":{"rendered":"<p><em>Para amplificar o alcance do <a href=\"http:\/\/www.p22on.com.br\/2019\/08\/16\/dicionario-dicas-de-leitura-e-videos\/\" target=\"_blank\" rel=\"noopener\">ISP<\/a> e promover maiores ganhos socioambientais, o uso de novos instrumentos financeiros passa a ser chave, abrindo um horizonte de oportunidades para bancos e organiza\u00e7\u00f5es <\/em><\/p>\n<p><em>Por S\u00e9rgio Adeodato<\/em><\/p>\n<p>O desafio de mobilizar investidores para a cria\u00e7\u00e3o de bancos nada convencionais, com opera\u00e7\u00f5es baseadas em causas, prop\u00f3sitos e valores para al\u00e9m do <a href=\"http:\/\/www.p22on.com.br\/2019\/08\/16\/dicionario-dicas-de-leitura-e-videos\/\" target=\"_blank\" rel=\"noopener\"><em>business as usual<\/em><\/a>, ecoa no mundo empresarial como oportunidade frente a uma constata\u00e7\u00e3o cada vez mais recorrente: a de que a maior escala dos ganhos socioambientais passa necessariamente pela agenda das finan\u00e7as.<\/p>\n<p>\u201cSe trabalharmos de forma articulada, faremos transforma\u00e7\u00f5es relevantes, de modo que as iniciativas de investimento sejam coerentes com as causas\u201d, ressalta Glaucia Barros, diretora program\u00e1tica da Funda\u00e7\u00e3o Avina e cofundadora da Rede Dinheiro e Cidadania Brasil, coletivo que integra pessoas e organiza\u00e7\u00f5es no intuito de formatar uma institui\u00e7\u00e3o financeira dentro do novo paradigma, rumo a uma economia mais \u00e9tica e sustent\u00e1vel.<\/p>\n<p>A inspira\u00e7\u00e3o veio da parceria com o economista e empres\u00e1rio espanhol <a href=\"https:\/\/revistatrip.uol.com.br\/trip\/joan-mele-fala-sobre-bancos-eticos-e-uso-consciente-do-dinheiro\">Joan Mel\u00e9<\/a>, ex-diretor do Triodos Bank \u2013 banco holand\u00eas de ampla atua\u00e7\u00e3o na Europa, um dos pioneiros no esfor\u00e7o de associar o capital \u00e0 \u201ceconomia real\u201d, na busca do bem p\u00fablico e n\u00e3o da maximiza\u00e7\u00e3o do lucro, com financiamento de projetos que promovem valores culturais e beneficiam o meio ambiente e a sociedade. Difundido pelo <a href=\"https:\/\/revistatrip.uol.com.br\/trip\/joan-mele-fala-sobre-bancos-eticos-e-uso-consciente-do-dinheiro\">Global Alliance for Banking on Values<\/a>, o debate em torno do uso consciente do dinheiro foi levado a cinco pa\u00edses da Am\u00e9rica Latina pela Avina e pelo Sistema B, e no Brasil encontrou campo f\u00e9rtil no <em>boom<\/em> do empreendedorismo de impacto.<\/p>\n<p>No prop\u00f3sito de guiar o fluxo do capital para onde se pretende fazer a diferen\u00e7a, tendo como norte os <a href=\"http:\/\/www.p22on.com.br\/2019\/08\/16\/dicionario-dicas-de-leitura-e-videos\/\" target=\"_blank\" rel=\"noopener\">Objetivos de Desenvolvimento Sustent\u00e1vel (ODS)<\/a> das Na\u00e7\u00f5es Unidas, a Rede Dinheiro lan\u00e7ou em 2018 uma chamada-piloto de neg\u00f3cios que atraiu 34 iniciativas, das quais tr\u00eas tiveram acesso a investimentos: a Morada da Floresta (compostagem de res\u00edduos org\u00e2nicos), Impact Hub S\u00e3o Paulo (forma\u00e7\u00e3o de empreendedores) e Vela Bikes (bicicletas el\u00e9tricas). Em duas semanas, foi R$ 1,2 milh\u00e3o aportado por cerca de 80 investidores.<\/p>\n<p>\u201cO desafio est\u00e1 mais em achar bons neg\u00f3cios do que pessoas ou institui\u00e7\u00f5es que queiram usar bem o dinheiro\u201d, revela Barros. Falta de conhecimento e pouca divulga\u00e7\u00e3o s\u00e3o barreiras. Na an\u00e1lise da diretora, \u201ca percep\u00e7\u00e3o do desafio clim\u00e1tico como algo intang\u00edvel de longo prazo dificulta a incorpora\u00e7\u00e3o pela cultura pol\u00edtica baseada no imediatismo\u201d. Junto a isso, ela lembra: \u201cNarrativas de governos adversas ao controle clim\u00e1tico tendem a aumentar o atraso nas solu\u00e7\u00f5es, mas a din\u00e2mica do investimento privado pode representar um contraponto\u201d.<\/p>\n<p>O plano \u00e9 abrir uma segunda chamada de projetos em outubro, destinada ao mercado da moda, por meio da constitui\u00e7\u00e3o de um fundo apoiado pelo Instituto C&amp;A e outras organiza\u00e7\u00f5es com olhar para toda a cadeia de valor \u2013 da produ\u00e7\u00e3o de algod\u00e3o \u00e0s oficinas de costura. Com investimento de R$ 10 milh\u00f5es, a iniciativa abrange temas como consumo h\u00eddrico e energia. Para Barros, \u201ctrabalhar nessa agenda \u00e9 quest\u00e3o de oportunidade e dever c\u00edvico, mas faltam indicadores seguros sobre como os investimentos est\u00e3o impactando o clima para o bem ou para o mal\u201d.<\/p>\n<p>N\u00fameros confi\u00e1veis ajudam no engajamento, mas, para algumas lideran\u00e7as, a aten\u00e7\u00e3o deve estar mais nos valores pessoais do que propriamente nos recursos. \u201cSe as pessoas investirem conforme seus prop\u00f3sitos de vida, n\u00e3o faltar\u00e1 dinheiro \u00e0s necessidades do planeta\u201d, prev\u00ea Leonardo Letelier, diretor da Sitawi, organiza\u00e7\u00e3o que criou neste ano um ambiente digital de <a href=\"https:\/\/sitawi.caprate.com.br\/\">empr\u00e9stimo coletivo<\/a> que permite investir no m\u00ednimo R$ 1 mil em solu\u00e7\u00f5es para um mundo melhor. O modelo oferece rentabilidade mensal de 1%, com retorno em 24 meses: \u201cMelhor do que deixar o dinheiro na poupan\u00e7a ou parado no banco\u201d, destaca Letelier.<\/p>\n<p>S\u00e3o neg\u00f3cios com produtos org\u00e2nicos, intelig\u00eancia artificial para detectar vazamento de \u00e1gua e evitar desperd\u00edcio, e gest\u00e3o do sistema p\u00fablico de sa\u00fade, entre as sete iniciativas abertas a investimentos na plataforma, desenhada com R$ 500 mil do Instituto Sabin. \u201cInstitui\u00e7\u00f5es intermedi\u00e1rias entre quem doa e quem recebe s\u00e3o essenciais para a capacita\u00e7\u00e3o dos projetos nascentes e a multiplica\u00e7\u00e3o do impacto \u2013 e sem elas, por exemplo, o arroz n\u00e3o chega ao mercado\u201d, compara Letelier. O capital filantr\u00f3pico \u00e9 fundamental no apoio \u00e0 constru\u00e7\u00e3o de novos mecanismos de financiamento, inclusive formatos que popularizam a doa\u00e7\u00e3o e democratizam o segmento.<\/p>\n<p>Ao dar impulso a solu\u00e7\u00f5es na fase inicial, o capital filantr\u00f3pico reduz os riscos do neg\u00f3cio e viabiliza a chegada de outros mecanismos de investimento, resultando na maior escala de recursos. \u201cEm tese, quanto maior o f\u00f4lego de neg\u00f3cios sustent\u00e1veis e escal\u00e1veis, menor \u00e9 a necessidade de recursos investidos sem retorno financeiro, mas locais como a Amaz\u00f4nia \u2013 centro das aten\u00e7\u00f5es globais no contexto da mudan\u00e7a clim\u00e1tica \u2013 precisam continuamente desse empurr\u00e3o, devido \u00e0s peculiaridades geogr\u00e1ficas, econ\u00f4micas, sociais e culturais\u201d.<\/p>\n<p>Na soma de esfor\u00e7os, a Sitawi planeja criar uma vers\u00e3o amaz\u00f4nica da sua plataforma de empr\u00e9stimo coletivo, de forma a atender investidores de v\u00e1rios perfis que queiram obter retorno financeiro mantendo a floresta em p\u00e9, em contribui\u00e7\u00e3o ao controle clim\u00e1tico. Focado em solu\u00e7\u00f5es em est\u00e1gio mais maduro, o novo \u201cbanco\u201d ser\u00e1 estruturado com apoio financeiro do Instituto Humanize, voltado \u00e0 agenda das cidades e ao uso sustent\u00e1vel de recursos naturais. \u201cO modelo tem chancela que d\u00e1 seguran\u00e7a ao investidor e permite enxergar o que acontece com o dinheiro l\u00e1 na ponta\u201d, ressalta a diretora executiva do instituto, Georgia Pessoa.<\/p>\n<p>Criado em 2017 para aumentar o impacto dos investimentos sociais do empres\u00e1rio Jos\u00e9 Roberto Marinho, o Humanize possui programas junto a cadeias produtivas do cacau, do mel e da pesca, al\u00e9m de apoiar bancos de sementes, neg\u00f3cios de impacto socioambiental e melhoria da gest\u00e3o p\u00fablica, sempre por meio de alian\u00e7as e parcerias. \u201cPor tr\u00e1s das quest\u00f5es ambientais est\u00e3o os agentes de mudan\u00e7as e, por isso, a busca de escala requer qualifica\u00e7\u00e3o de pessoas com a\u00e7\u00e3o compartilhada entre governo e Terceiro Setor\u201d, argumenta Pessoa.<\/p>\n<p>Grande parte das oportunidades no contexto do ISP concentra-se em a\u00e7\u00f5es de cunho local para um problema global. \u00c9 o caso da mitiga\u00e7\u00e3o e adapta\u00e7\u00e3o \u00e0 mudan\u00e7a clim\u00e1tica nas cidades, com novos modelos de mobilidade e habita\u00e7\u00e3o, e no meio rural, por meio do apoio a uma agricultura mais resiliente, por exemplo. O saneamento b\u00e1sico se destaca como frente de atua\u00e7\u00e3o: \u201cIniciativas-piloto devem contribuir para pol\u00edticas p\u00fablicas para maior escala dos benef\u00edcios\u201d, analisa Marussia Whately, idealizadora da <a href=\"https:\/\/www.aliancapelaagua.com.br\/\">Alian\u00e7a pela \u00c1gua<\/a> \u2013 articula\u00e7\u00e3o da sociedade civil criada em 2014 para enfrentamento da crise h\u00eddrica em S\u00e3o Paulo e constru\u00e7\u00e3o de uma nova cultura de cuidados com esse recurso vital.<\/p>\n<p>\u201cA partir disso, o tema da \u00e1gua em suas diferentes dimens\u00f5es \u2013 sa\u00fade, meio ambiente e insumo para a economia \u2013 ganhou centralidade e est\u00e1 mobilizando a cria\u00e7\u00e3o de pol\u00edticas\u201d, refor\u00e7a a consultora. Entre os exemplos, est\u00e1 a <a href=\"https:\/\/leismunicipais.com.br\/a\/sp\/s\/sao-paulo\/lei-ordinaria\/2019\/1711\/17104\/lei-ordinaria-n-17104-2019-institui-a-politica-municipal-de-seguranca-hidrica-e-gestao-das-aguas-no-ambito-do-municipio-de-sao-paulo\" target=\"_blank\" rel=\"noopener\">Lei Estadual n\u00ba 17.104\/2019<\/a>, que instituiu em maio a Pol\u00edtica Municipal de Seguran\u00e7a H\u00eddrica e Gest\u00e3o das \u00c1guas na maior capital do Pa\u00eds, S\u00e3o Paulo.<\/p>\n<p>O cen\u00e1rio regulat\u00f3rio impulsiona arranjos institucionais capazes de replicar solu\u00e7\u00f5es e impactar o cidad\u00e3o na ponta. Mas, na opini\u00e3o de Whately, \u00e9 preciso maior clareza entre o ISP e os entes p\u00fablicos: \u201ca governan\u00e7a da \u00e1gua \u00e9 complexa por envolver diversos interesses e o entendimento sobre isso \u00e9 desafiador \u00e0s empresas e suas funda\u00e7\u00f5es\u201d. Para ela, \u201ctrata-se de um sistema movido por crises que requer continuidade das a\u00e7\u00f5es\u201d.<\/p>\n<p>Inovar \u00e9 preciso, bem como manter vivas e operantes inst\u00e2ncias criadas no passado, como avan\u00e7o na gest\u00e3o h\u00eddrica, a exemplo dos\u00a0<a href=\"https:\/\/www.ana.gov.br\/aguas-no-brasil\/sistema-de-gerenciamento-de-recursos-hidricos\/comites-de-bacia-hidrografica\" target=\"_blank\" rel=\"noopener\">Comit\u00eas de Bacia<\/a>, em que as decis\u00f5es sobre obras e outros investimentos \u2013 pelo menos em teoria \u2013 s\u00e3o participativas (<em>mais no box a seguir<\/em>). Nas bacias hidrogr\u00e1ficas, a crescente no\u00e7\u00e3o de risco influencia a\u00e7\u00f5es empresariais para al\u00e9m de reduzir o consumo h\u00eddrico ou o impacto direto de suas opera\u00e7\u00f5es a comunidades. A mudan\u00e7a da cultura empresarial nas li\u00e7\u00f5es de casa, dizem analistas, potencializa um ambiente favor\u00e1vel a investimentos privados em uma perspectiva mais ampla e estruturante, no acesso \u00e0 \u00e1gua como um bem p\u00fablico \u2013 o que muitas vezes ocorre bem longe das f\u00e1bricas.<\/p>\n<p>\u201cVamos al\u00e9m da efici\u00eancia intramuros\u201d, destaca Ornella Vilardo, gerente de sustentabilidade do Grupo Heineken no Brasil. Para atingir a meta geral de devolver ao meio ambiente a mesma quantidade de \u00e1gua captada para as bebidas, a cervejaria mede o risco h\u00eddrico nas regi\u00f5es onde opera de forma a priorizar investimentos em a\u00e7\u00f5es de longo prazo onde a escassez \u00e9 mais acentuada.<\/p>\n<p>O olhar se amplia para estrat\u00e9gias n\u00e3o necessariamente ligadas aos impactos diretos de suas opera\u00e7\u00f5es nas localidades. Ao lado da f\u00e1brica de Itu (SP), o Centro de Experimentos Florestais, mantido em parceria com a Funda\u00e7\u00e3o SOS Mata Atl\u00e2ntica, trabalha com educa\u00e7\u00e3o ambiental e j\u00e1 recuperou 220 hectares. O plantio de mudas livrou a unidade local da Heineken (\u00e0 \u00e9poca, Brasil Kirin) dos impactos da crise h\u00eddrica de 2014. E agora o n\u00facleo desenvolve pesquisas sobre o retorno financeiro da restaura\u00e7\u00e3o florestal, viabilizando replicar as a\u00e7\u00f5es junto a produtores rurais e empresas de outras regi\u00f5es.<\/p>\n<p>\u201cVivemos um novo momento em que a agenda da \u00e1gua e do clima puxa estrat\u00e9gias de ISP que surfam na valoriza\u00e7\u00e3o econ\u00f4mica dos servi\u00e7os da natureza\u201d, afirma M\u00e1rcia Hirota, diretora executiva da SOS Mata Atl\u00e2ntica. A organiza\u00e7\u00e3o tem 74% dos recursos vindos do investimento privado, que busca maior efici\u00eancia quanto aos impactos positivos.<\/p>\n<p>A vis\u00e3o de territ\u00f3rio d\u00e1 maior abrang\u00eancia a a\u00e7\u00f5es antes pontuais e induz engajamento e articula\u00e7\u00e3o de longo prazo com os poderes locais. \u201cUm dos caminhos\u201d, diz Hirota, \u201c\u00e9 fortalecer as demandas do empreendedorismo e do desenvolvimento associadas ao clima e \u00e0 \u00e1gua, prevendo a cria\u00e7\u00e3o de mecanismos financeiros, porque algu\u00e9m precisar\u00e1 pagar a conta\u201d.<\/p>\n<p>Para Samuel Barr\u00eato, gerente nacional de \u00e1gua da The Nature Conservancy (TNC), \u201ca complexidade da quest\u00e3o impede caminhar sozinho\u201d. Na Coaliz\u00e3o Cidades pela \u00c1gua, a ONG desenvolve projetos apoiados por recursos privados \u2013 inclusive de empresas concorrentes \u2013 para aumento da seguran\u00e7a h\u00eddrica em 12 regi\u00f5es metropolitanas brasileiras via recupera\u00e7\u00e3o de \u00e1reas estrat\u00e9gicas para o abastecimento p\u00fablico, no total de 250 cidades, mobilizando recursos de R$ 215 milh\u00f5es at\u00e9 o momento. \u201cDevemos transformar ci\u00eancia em pol\u00edtica p\u00fablica com mais interven\u00e7\u00f5es que superem a fase do diagn\u00f3stico: s\u00f3 exame de sangue n\u00e3o resolve; \u00e9 preciso rem\u00e9dio para baixar os \u00edndices negativos do a\u00e7\u00facar ou do colesterol\u201d, ilustra Barr\u00eato. E o investimento social das empresas pode ampliar as chances de tratamento.<\/p>\n<p>______________________________________________________________________________________<\/p>\n<p><strong>Recursos privados para recompensar quem protege a \u00e1gua<\/strong><\/p>\n<p>A cor marrom do Rio Miringuava, importante fonte h\u00eddrica da Regi\u00e3o Metropolitana de Curitiba (PR), acende o sinal de alerta. Al\u00e9m do impacto devido ao barro da eros\u00e3o do solo, o fantasma do racionamento ronda ind\u00fastrias, cultivos agr\u00edcolas e uma popula\u00e7\u00e3o de 230 mil pessoas em tempos de seca \u2013 inseguran\u00e7a que poder\u00e1 se tornar ainda mais perigosa com a mudan\u00e7a clim\u00e1tica global.<\/p>\n<p>O quadro de riscos socioambientais na regi\u00e3o levou \u00e0 cria\u00e7\u00e3o do movimento Viva \u00c1gua, liderado pela Funda\u00e7\u00e3o Grupo Botic\u00e1rio (FGB) para colocar em pr\u00e1tica um plano coletivo de melhoria da infraestrutura natural com reflorestamento e prote\u00e7\u00e3o de nascentes, conscientiza\u00e7\u00e3o ambiental e apoio a neg\u00f3cios sustent\u00e1veis, como turismo rural e agricultura org\u00e2nica (<em>mais no <\/em>Ba\u00fa).<\/p>\n<p>Lan\u00e7ada em julho, a iniciativa traz como novidade a alian\u00e7a do investimento social de empresas ao <a href=\"https:\/\/www.mma.gov.br\/estruturas\/202\/_arquivos\/psa_na_mata_atlantica_licoes_aprendidas_e_desafios_202.pdf\">Pagamento por Servi\u00e7os Ambientais (PSA)<\/a> \u2013 mecanismo financeiro que remunera produtores rurais pela conserva\u00e7\u00e3o da \u00e1gua e outros recursos vitais da natureza. Juntamente \u00e0s a\u00e7\u00f5es de desenvolvimento local, o modelo ser\u00e1 mantido por um fundo filantr\u00f3pico que, at\u00e9 o momento, re\u00fane 15 empresas com meta de investir R$ 25 milh\u00f5es, em 10 anos.<\/p>\n<p>Cerca de 1,5 mil propriet\u00e1rios rurais foram mapeados para uma poss\u00edvel ades\u00e3o ao programa de PSA que est\u00e1 sendo desenhado em parceria com a prefeitura de S\u00e3o Jos\u00e9 dos Pinhais (PR), com foco na seguran\u00e7a h\u00eddrica. Al\u00e9m da produ\u00e7\u00e3o de hortali\u00e7as, a regi\u00e3o se destaca por concentrar col\u00f4nias de imigra\u00e7\u00e3o polonesa e alem\u00e3, com voca\u00e7\u00e3o para roteiros enogastron\u00f4micos.<\/p>\n<p>Um elemento estrat\u00e9gico da agenda da \u00e1gua, que \u00e9 muito territorializada, \u00e9 trabalhar a governan\u00e7a e os arranjos institucionais para que poderes locais, regionais e nacionais operem de forma conjunta e sin\u00e9rgica. O planejamento da paisagem, visando harmonizar interesses e ganhos ambientais, sociais e econ\u00f4micos para todos que compartilham esses espa\u00e7os, permite construir pontes entre o p\u00fablico e o privado e tem se apresentado como nova fronteira ao ISP.<\/p>\n<p>Investir em <a href=\"http:\/\/www.p22on.com.br\/sbn\/\">Solu\u00e7\u00f5es baseadas na Natureza (SbN)<\/a> \u00e9 uma forma de ampliar o engajamento para boas pr\u00e1ticas produtivas nos territ\u00f3rios e de garantir sustentabilidade ao pr\u00f3prio neg\u00f3cio. \u201cO investimento privado ajuda a aumentar a dimens\u00e3o dos recursos de PSA, hoje obtidos em baixa escala principalmente por meio da cobran\u00e7a pelo uso da \u00e1gua no \u00e2mbito de alguns Comit\u00eas de Bacia, al\u00e9m de iniciativas pontuais de fundos p\u00fablicos\u201d, aponta Renato Atanazio, especialista do tema na FGB.<\/p>\n<p>Nas Bacias Hidrogr\u00e1ficas dos Rios Piracicaba, Capivari e Jundia\u00ed (PCJ), em S\u00e3o Paulo, respons\u00e1veis pelo abastecimento da regi\u00e3o mais rica e industrializada do Pa\u00eds, menos de 13% dos valores arrecadados s\u00e3o aplicados em infraestrutura natural, onde as iniciativas de PSA se enquadram, enquanto a maior parte dos recursos se destina a sistemas de tratamento e distribui\u00e7\u00e3o de \u00e1gua. \u201cConvivemos com o c\u00edrculo vicioso entre a falta de projetos de PSA e a car\u00eancia de fontes perenes de investimento\u201d, analisa Atanazio, que recentemente defendeu disserta\u00e7\u00e3o de mestrado sobre o tema, na Universidade Tecnol\u00f3gica Federal do Paran\u00e1.<\/p>\n","protected":false},"excerpt":{"rendered":"<p>Para amplificar o alcance do ISP e promover maiores ganhos socioambientais, o uso de novos instrumentos financeiros passa a ser chave, abrindo um horizonte de oportunidades para bancos e organiza\u00e7\u00f5es Por S\u00e9rgio Adeodato O desafio de mobilizar investidores para a cria\u00e7\u00e3o de bancos nada convencionais, com opera\u00e7\u00f5es baseadas em causas, prop\u00f3sitos e valores para al\u00e9m [&hellip;]<\/p>\n","protected":false},"author":3,"featured_media":2875,"comment_status":"closed","ping_status":"closed","sticky":false,"template":"","format":"standard","meta":{"footnotes":""},"categories":[2073],"tags":[1728,1070,2116,2125,2105,1603,2120,2106,2175,2121,2174,2172,862,1249,2104,2086,2087,2118,2126,1727,2171,658,2124,1952,2128,2122,2176,1764,1770,1912,2117,2119,2127,2129,2173,2123],"yoast_head":"<!-- This site is optimized with the Yoast SEO plugin v21.5 - https:\/\/yoast.com\/wordpress\/plugins\/seo\/ -->\n<title>O valor das causas<\/title>\n<meta name=\"description\" content=\"Para amplificar o alcance do ISP e promover maiores ganhos socioambientais, o uso de novos instrumentos financeiros passa a ser chave, abrindo um horizonte de oportunidades para bancos e organiza\u00e7\u00f5es Por S\u00e9rgio Adeodato O desafio de mobilizar investidores para a cria\u00e7\u00e3o de bancos nada convencionais, com opera\u00e7\u00f5es baseadas em causas, prop\u00f3sitos e valores para al\u00e9m&hellip;\" \/>\n<meta name=\"robots\" content=\"index, follow, max-snippet:-1, max-image-preview:large, max-video-preview:-1\" \/>\n<link rel=\"canonical\" href=\"https:\/\/www.p22on.com.br\/2019\/08\/16\/o-valor-das-causas\/\" \/>\n<meta property=\"og:locale\" content=\"en_US\" \/>\n<meta property=\"og:type\" content=\"article\" \/>\n<meta property=\"og:title\" content=\"O valor das causas\" \/>\n<meta property=\"og:description\" content=\"Para amplificar o alcance do ISP e promover maiores ganhos socioambientais, o uso de novos instrumentos financeiros passa a ser chave, abrindo um horizonte de oportunidades para bancos e organiza\u00e7\u00f5es Por S\u00e9rgio Adeodato O desafio de mobilizar investidores para a cria\u00e7\u00e3o de bancos nada convencionais, com opera\u00e7\u00f5es baseadas em causas, prop\u00f3sitos e valores para al\u00e9m&hellip;\" \/>\n<meta property=\"og:url\" content=\"https:\/\/www.p22on.com.br\/2019\/08\/16\/o-valor-das-causas\/\" \/>\n<meta property=\"og:site_name\" content=\"P22_ON\" \/>\n<meta property=\"article:publisher\" content=\"https:\/\/www.facebook.com\/p22on\" \/>\n<meta property=\"article:published_time\" content=\"2019-08-16T20:53:42+00:00\" \/>\n<meta property=\"article:modified_time\" content=\"2022-02-22T11:20:46+00:00\" \/>\n<meta property=\"og:image\" content=\"https:\/\/www.p22on.com.br\/wp-content\/uploads\/2019\/08\/ESCALAIIvyDawned-1024x683.jpg\" \/>\n\t<meta property=\"og:image:width\" content=\"1024\" \/>\n\t<meta property=\"og:image:height\" content=\"683\" \/>\n\t<meta property=\"og:image:type\" content=\"image\/jpeg\" \/>\n<meta name=\"author\" content=\"P\u00e1gina22\" \/>\n<meta name=\"twitter:card\" content=\"summary_large_image\" \/>\n<meta name=\"twitter:creator\" content=\"@p22on\" \/>\n<meta name=\"twitter:site\" content=\"@p22on\" \/>\n<meta name=\"twitter:label1\" content=\"Written by\" \/>\n\t<meta name=\"twitter:data1\" content=\"P\u00e1gina22\" \/>\n\t<meta name=\"twitter:label2\" content=\"Est. reading time\" \/>\n\t<meta name=\"twitter:data2\" content=\"12 minutes\" \/>\n<script type=\"application\/ld+json\" class=\"yoast-schema-graph\">{\"@context\":\"https:\/\/schema.org\",\"@graph\":[{\"@type\":\"WebPage\",\"@id\":\"https:\/\/www.p22on.com.br\/2019\/08\/16\/o-valor-das-causas\/\",\"url\":\"https:\/\/www.p22on.com.br\/2019\/08\/16\/o-valor-das-causas\/\",\"name\":\"O valor das causas - P22_ON\",\"isPartOf\":{\"@id\":\"https:\/\/www.p22on.com.br\/#website\"},\"datePublished\":\"2019-08-16T20:53:42+00:00\",\"dateModified\":\"2022-02-22T11:20:46+00:00\",\"author\":{\"@id\":\"https:\/\/www.p22on.com.br\/#\/schema\/person\/7fc895a9bd2ec411fd1454b133e7b0da\"},\"breadcrumb\":{\"@id\":\"https:\/\/www.p22on.com.br\/2019\/08\/16\/o-valor-das-causas\/#breadcrumb\"},\"inLanguage\":\"en-US\",\"potentialAction\":[{\"@type\":\"ReadAction\",\"target\":[\"https:\/\/www.p22on.com.br\/2019\/08\/16\/o-valor-das-causas\/\"]}]},{\"@type\":\"BreadcrumbList\",\"@id\":\"https:\/\/www.p22on.com.br\/2019\/08\/16\/o-valor-das-causas\/#breadcrumb\",\"itemListElement\":[{\"@type\":\"ListItem\",\"position\":1,\"name\":\"In\u00edcio\",\"item\":\"https:\/\/www.p22on.com.br\/\"},{\"@type\":\"ListItem\",\"position\":2,\"name\":\"O valor das causas\"}]},{\"@type\":\"WebSite\",\"@id\":\"https:\/\/www.p22on.com.br\/#website\",\"url\":\"https:\/\/www.p22on.com.br\/\",\"name\":\"P22_ON\",\"description\":\"\",\"potentialAction\":[{\"@type\":\"SearchAction\",\"target\":{\"@type\":\"EntryPoint\",\"urlTemplate\":\"https:\/\/www.p22on.com.br\/?s={search_term_string}\"},\"query-input\":\"required name=search_term_string\"}],\"inLanguage\":\"en-US\"},{\"@type\":\"Person\",\"@id\":\"https:\/\/www.p22on.com.br\/#\/schema\/person\/7fc895a9bd2ec411fd1454b133e7b0da\",\"name\":\"P\u00e1gina22\",\"image\":{\"@type\":\"ImageObject\",\"inLanguage\":\"en-US\",\"@id\":\"https:\/\/www.p22on.com.br\/#\/schema\/person\/image\/\",\"url\":\"https:\/\/secure.gravatar.com\/avatar\/75bff9c570b228ec0455ff0788a3e2f4?s=96&d=mm&r=g\",\"contentUrl\":\"https:\/\/secure.gravatar.com\/avatar\/75bff9c570b228ec0455ff0788a3e2f4?s=96&d=mm&r=g\",\"caption\":\"P\u00e1gina22\"},\"url\":\"https:\/\/www.p22on.com.br\/author\/pagina22\/\"}]}<\/script>\n<!-- \/ Yoast SEO plugin. -->","yoast_head_json":{"title":"O valor das causas","description":"Para amplificar o alcance do ISP e promover maiores ganhos socioambientais, o uso de novos instrumentos financeiros passa a ser chave, abrindo um horizonte de oportunidades para bancos e organiza\u00e7\u00f5es Por S\u00e9rgio Adeodato O desafio de mobilizar investidores para a cria\u00e7\u00e3o de bancos nada convencionais, com opera\u00e7\u00f5es baseadas em causas, prop\u00f3sitos e valores para al\u00e9m&hellip;","robots":{"index":"index","follow":"follow","max-snippet":"max-snippet:-1","max-image-preview":"max-image-preview:large","max-video-preview":"max-video-preview:-1"},"canonical":"https:\/\/www.p22on.com.br\/2019\/08\/16\/o-valor-das-causas\/","og_locale":"en_US","og_type":"article","og_title":"O valor das causas","og_description":"Para amplificar o alcance do ISP e promover maiores ganhos socioambientais, o uso de novos instrumentos financeiros passa a ser chave, abrindo um horizonte de oportunidades para bancos e organiza\u00e7\u00f5es Por S\u00e9rgio Adeodato O desafio de mobilizar investidores para a cria\u00e7\u00e3o de bancos nada convencionais, com opera\u00e7\u00f5es baseadas em causas, prop\u00f3sitos e valores para al\u00e9m&hellip;","og_url":"https:\/\/www.p22on.com.br\/2019\/08\/16\/o-valor-das-causas\/","og_site_name":"P22_ON","article_publisher":"https:\/\/www.facebook.com\/p22on","article_published_time":"2019-08-16T20:53:42+00:00","article_modified_time":"2022-02-22T11:20:46+00:00","og_image":[{"width":1024,"height":683,"url":"https:\/\/www.p22on.com.br\/wp-content\/uploads\/2019\/08\/ESCALAIIvyDawned-1024x683.jpg","type":"image\/jpeg"}],"author":"P\u00e1gina22","twitter_card":"summary_large_image","twitter_creator":"@p22on","twitter_site":"@p22on","twitter_misc":{"Written by":"P\u00e1gina22","Est. reading time":"12 minutes"},"schema":{"@context":"https:\/\/schema.org","@graph":[{"@type":"WebPage","@id":"https:\/\/www.p22on.com.br\/2019\/08\/16\/o-valor-das-causas\/","url":"https:\/\/www.p22on.com.br\/2019\/08\/16\/o-valor-das-causas\/","name":"O valor das causas - P22_ON","isPartOf":{"@id":"https:\/\/www.p22on.com.br\/#website"},"datePublished":"2019-08-16T20:53:42+00:00","dateModified":"2022-02-22T11:20:46+00:00","author":{"@id":"https:\/\/www.p22on.com.br\/#\/schema\/person\/7fc895a9bd2ec411fd1454b133e7b0da"},"breadcrumb":{"@id":"https:\/\/www.p22on.com.br\/2019\/08\/16\/o-valor-das-causas\/#breadcrumb"},"inLanguage":"en-US","potentialAction":[{"@type":"ReadAction","target":["https:\/\/www.p22on.com.br\/2019\/08\/16\/o-valor-das-causas\/"]}]},{"@type":"BreadcrumbList","@id":"https:\/\/www.p22on.com.br\/2019\/08\/16\/o-valor-das-causas\/#breadcrumb","itemListElement":[{"@type":"ListItem","position":1,"name":"In\u00edcio","item":"https:\/\/www.p22on.com.br\/"},{"@type":"ListItem","position":2,"name":"O valor das causas"}]},{"@type":"WebSite","@id":"https:\/\/www.p22on.com.br\/#website","url":"https:\/\/www.p22on.com.br\/","name":"P22_ON","description":"","potentialAction":[{"@type":"SearchAction","target":{"@type":"EntryPoint","urlTemplate":"https:\/\/www.p22on.com.br\/?s={search_term_string}"},"query-input":"required name=search_term_string"}],"inLanguage":"en-US"},{"@type":"Person","@id":"https:\/\/www.p22on.com.br\/#\/schema\/person\/7fc895a9bd2ec411fd1454b133e7b0da","name":"P\u00e1gina22","image":{"@type":"ImageObject","inLanguage":"en-US","@id":"https:\/\/www.p22on.com.br\/#\/schema\/person\/image\/","url":"https:\/\/secure.gravatar.com\/avatar\/75bff9c570b228ec0455ff0788a3e2f4?s=96&d=mm&r=g","contentUrl":"https:\/\/secure.gravatar.com\/avatar\/75bff9c570b228ec0455ff0788a3e2f4?s=96&d=mm&r=g","caption":"P\u00e1gina22"},"url":"https:\/\/www.p22on.com.br\/author\/pagina22\/"}]}},"_links":{"self":[{"href":"https:\/\/www.p22on.com.br\/wp-json\/wp\/v2\/posts\/2847"}],"collection":[{"href":"https:\/\/www.p22on.com.br\/wp-json\/wp\/v2\/posts"}],"about":[{"href":"https:\/\/www.p22on.com.br\/wp-json\/wp\/v2\/types\/post"}],"author":[{"embeddable":true,"href":"https:\/\/www.p22on.com.br\/wp-json\/wp\/v2\/users\/3"}],"replies":[{"embeddable":true,"href":"https:\/\/www.p22on.com.br\/wp-json\/wp\/v2\/comments?post=2847"}],"version-history":[{"count":14,"href":"https:\/\/www.p22on.com.br\/wp-json\/wp\/v2\/posts\/2847\/revisions"}],"predecessor-version":[{"id":3752,"href":"https:\/\/www.p22on.com.br\/wp-json\/wp\/v2\/posts\/2847\/revisions\/3752"}],"wp:featuredmedia":[{"embeddable":true,"href":"https:\/\/www.p22on.com.br\/wp-json\/wp\/v2\/media\/2875"}],"wp:attachment":[{"href":"https:\/\/www.p22on.com.br\/wp-json\/wp\/v2\/media?parent=2847"}],"wp:term":[{"taxonomy":"category","embeddable":true,"href":"https:\/\/www.p22on.com.br\/wp-json\/wp\/v2\/categories?post=2847"},{"taxonomy":"post_tag","embeddable":true,"href":"https:\/\/www.p22on.com.br\/wp-json\/wp\/v2\/tags?post=2847"}],"curies":[{"name":"wp","href":"https:\/\/api.w.org\/{rel}","templated":true}]}}