{"id":2854,"date":"2019-08-16T18:12:38","date_gmt":"2019-08-16T21:12:38","guid":{"rendered":"http:\/\/www.p22on.com.br\/?p=2854"},"modified":"2022-02-22T08:18:51","modified_gmt":"2022-02-22T11:18:51","slug":"como-o-investimento-social-privado-pode-contribuir-para-as-agendas-de-clima-agua-e-energia-renovavel","status":"publish","type":"post","link":"https:\/\/www.p22on.com.br\/2019\/08\/16\/como-o-investimento-social-privado-pode-contribuir-para-as-agendas-de-clima-agua-e-energia-renovavel\/","title":{"rendered":"Como o Investimento Social Privado pode contribuir para as agendas de clima, \u00e1gua e energias renov\u00e1veis?"},"content":{"rendered":"<p><iframe loading=\"lazy\" title=\"Investimento Social Privado em clima, \u00e1gua e energias renov\u00e1veis\" width=\"800\" height=\"450\" src=\"https:\/\/www.youtube.com\/embed\/mTwbCjdZfko?feature=oembed\" frameborder=\"0\" allow=\"accelerometer; autoplay; clipboard-write; encrypted-media; gyroscope; picture-in-picture\" allowfullscreen><\/iframe><\/p>\n<p><em>Roteiro, montagem e locu\u00e7\u00e3o: Magali Cabral;\u00a0<\/em><em>Grava\u00e7\u00e3o: Jorge Novais<\/em><\/p>\n<p>Como o Investimento Social Privado pode contribuir para as agendas de clima, \u00e1gua e energia renov\u00e1vel?<\/p>\n<p>\u00c9 a pergunta que norteia esta edi\u00e7\u00e3o de P22_ON.<\/p>\n<p>Mas antes de buscar essa reposta, vamos entender o que \u00e9 Investimento Social Privado.<\/p>\n<p>Antigamente, se uma empresa, uma fam\u00edlia ou um indiv\u00edduo quisesse contribuir para um projeto de interesse p\u00fablico \u2013 por exemplo, construir uma escola ou um hospital \u2013, doava seu dinheiro para igrejas ou institui\u00e7\u00f5es de caridade cuidarem da tarefa. Fazia filantropia, uma palavra de origem grega que significa amor ao ser humano.<\/p>\n<p>O Investimento Social Privado, ou apenas ISP, \u00e9 uma ressignifica\u00e7\u00e3o da filantropia.<\/p>\n<p>Nas \u00faltimas d\u00e9cadas, doadores com recursos para investir em a\u00e7\u00f5es de impacto socioambiental passaram tamb\u00e9m a criar funda\u00e7\u00f5es ou institutos a fim de dar um car\u00e1ter mais profissional \u00e0 gest\u00e3o dos recursos e das a\u00e7\u00f5es.<\/p>\n<p>Formalmente, o ISP \u00e9 definido como: uso volunt\u00e1rio, planejado e monitorado de recursos privados em projetos sociais, ambientais, cient\u00edficos e culturais de interesse p\u00fablico.<\/p>\n<p>Dito isso, voltamos \u00e0 pergunta inicial:<\/p>\n<p>Como o Investimento Social Privado pode contribuir para as agendas de clima, \u00e1gua e energia renov\u00e1vel?<\/p>\n<p>Em 2016, o ISP somou R$ 2,9 bilh\u00f5es em projetos, segundo o Grupo Institutos, Funda\u00e7\u00f5es e Empresas (Gife), associa\u00e7\u00e3o que \u00e9 refer\u00eancia nesse tema.<\/p>\n<p>A educa\u00e7\u00e3o vem sendo a \u00e1rea que mais recebe investimentos ao longo dos anos. O meio ambiente, que engloba assuntos como \u00e1gua, clima e energia renov\u00e1vel, est\u00e1 em sexto lugar na prefer\u00eancia.<\/p>\n<p>A mudan\u00e7a clim\u00e1tica, tida como a m\u00e3e de todas as crises ambientais, ainda n\u00e3o aparece especificada no ranking das a\u00e7\u00f5es do ISP. Trazer essa pauta \u00e0 tona \u00e9 proposta do Gife.<\/p>\n<p>Est\u00e1 cientificamente comprovado que a cada dia que passa, o desafio da mitiga\u00e7\u00e3o \u00e0 mudan\u00e7a do clima fica maior. Se n\u00e3o houver uma rea\u00e7\u00e3o para valer, em alguns anos caber\u00e1 ao ser humano apenas tentar se adaptar aos piores cen\u00e1rios. Investir em educa\u00e7\u00e3o continuar\u00e1 essencial, mas n\u00e3o ser\u00e1 suficiente, porque as pessoas nem ter\u00e3o os recursos naturais e as condi\u00e7\u00f5es elementares para viverem.<\/p>\n<p>O desafio para integrar e aumentar a ambi\u00e7\u00e3o da agenda ambiental no ISP \u00e9 imenso e muitas ideias est\u00e3o expostas nesta edi\u00e7\u00e3o.<\/p>\n<p>Para come\u00e7ar, vamos trazer o panorama atual da crise ambiental, os potenciais e as limita\u00e7\u00f5es do ISP para enfrentar esses problemas, mas tamb\u00e9m encontrar oportunidades.<\/p>\n<p>Tamb\u00e9m abordaremos a articula\u00e7\u00e3o de redes, trazendo exemplos de como a a\u00e7\u00e3o conjunta, com sinergia entre as empresas, institui\u00e7\u00f5es e sociedade civil, pode melhorar a qualidade dos impactos das a\u00e7\u00f5es de ISP relacionadas ao clima e \u00e0 agenda da \u00e1gua e das fontes renov\u00e1veis \u2013 energia \u00e9 um assunto que tamb\u00e9m merece aten\u00e7\u00e3o nesse campo.<\/p>\n<p>H\u00e1 muitas quest\u00f5es no ar. Como aumentar o alcance e o impacto das a\u00e7\u00f5es socioambientais? Como disseminar as mensagens de forma que engajem os investidores e ganhem a aten\u00e7\u00e3o do grande p\u00fablico? E que respostas as inova\u00e7\u00f5es sociais e tecnol\u00f3gicas podem nos dar?<\/p>\n<p>Tudo isso nesta edi\u00e7\u00e3o de P22_ON. Boa leitura!<\/p>\n","protected":false},"excerpt":{"rendered":"<p>Roteiro, montagem e locu\u00e7\u00e3o: Magali Cabral;\u00a0Grava\u00e7\u00e3o: Jorge Novais Como o Investimento Social Privado pode contribuir para as agendas de clima, \u00e1gua e energia renov\u00e1vel? \u00c9 a pergunta que norteia esta edi\u00e7\u00e3o de P22_ON. Mas antes de buscar essa reposta, vamos entender o que \u00e9 Investimento Social Privado. Antigamente, se uma empresa, uma fam\u00edlia ou um [&hellip;]<\/p>\n","protected":false},"author":3,"featured_media":2911,"comment_status":"closed","ping_status":"closed","sticky":false,"template":"","format":"standard","meta":{"footnotes":""},"categories":[2077],"tags":[598,2112,2097,2114,2098,2086,2087,2113,70,764,1899],"yoast_head":"<!-- This site is optimized with the Yoast SEO plugin v21.5 - https:\/\/yoast.com\/wordpress\/plugins\/seo\/ -->\n<title>Como o Investimento Social Privado pode contribuir para as agendas de clima, \u00e1gua e energias renov\u00e1veis?<\/title>\n<meta name=\"description\" content=\"[embed]https:\/\/www.youtube.com\/watch?v=mTwbCjdZfko[\/embed] Roteiro, montagem e locu\u00e7\u00e3o: Magali Cabral;\u00a0Grava\u00e7\u00e3o: Jorge Novais Como o Investimento Social Privado pode contribuir para as agendas de clima, \u00e1gua e energia renov\u00e1vel? \u00c9 a pergunta que norteia esta edi\u00e7\u00e3o de P22_ON. Mas antes de buscar essa reposta, vamos entender o que \u00e9 Investimento Social Privado. Antigamente, se uma empresa, uma fam\u00edlia ou&hellip;\" \/>\n<meta name=\"robots\" content=\"index, follow, max-snippet:-1, max-image-preview:large, max-video-preview:-1\" \/>\n<link rel=\"canonical\" href=\"https:\/\/www.p22on.com.br\/2019\/08\/16\/como-o-investimento-social-privado-pode-contribuir-para-as-agendas-de-clima-agua-e-energia-renovavel\/\" \/>\n<meta property=\"og:locale\" content=\"en_US\" \/>\n<meta property=\"og:type\" content=\"article\" \/>\n<meta property=\"og:title\" content=\"Como o Investimento Social Privado pode contribuir para as agendas de clima, \u00e1gua e energias renov\u00e1veis?\" \/>\n<meta property=\"og:description\" content=\"[embed]https:\/\/www.youtube.com\/watch?v=mTwbCjdZfko[\/embed] Roteiro, montagem e locu\u00e7\u00e3o: Magali Cabral;\u00a0Grava\u00e7\u00e3o: Jorge Novais Como o Investimento Social Privado pode contribuir para as agendas de clima, \u00e1gua e energia renov\u00e1vel? \u00c9 a pergunta que norteia esta edi\u00e7\u00e3o de P22_ON. Mas antes de buscar essa reposta, vamos entender o que \u00e9 Investimento Social Privado. Antigamente, se uma empresa, uma fam\u00edlia ou&hellip;\" \/>\n<meta property=\"og:url\" content=\"https:\/\/www.p22on.com.br\/2019\/08\/16\/como-o-investimento-social-privado-pode-contribuir-para-as-agendas-de-clima-agua-e-energia-renovavel\/\" \/>\n<meta property=\"og:site_name\" content=\"P22_ON\" \/>\n<meta property=\"article:publisher\" content=\"https:\/\/www.facebook.com\/p22on\" \/>\n<meta property=\"article:published_time\" content=\"2019-08-16T21:12:38+00:00\" \/>\n<meta property=\"article:modified_time\" content=\"2022-02-22T11:18:51+00:00\" \/>\n<meta property=\"og:image\" content=\"https:\/\/www.p22on.com.br\/wp-content\/uploads\/2019\/08\/Screen-Shot-2019-08-25-at-4.16.59-PM.png\" \/>\n\t<meta property=\"og:image:width\" content=\"1056\" \/>\n\t<meta property=\"og:image:height\" content=\"584\" \/>\n\t<meta property=\"og:image:type\" content=\"image\/png\" \/>\n<meta name=\"author\" content=\"P\u00e1gina22\" \/>\n<meta name=\"twitter:card\" content=\"summary_large_image\" \/>\n<meta name=\"twitter:creator\" content=\"@p22on\" \/>\n<meta name=\"twitter:site\" content=\"@p22on\" \/>\n<meta name=\"twitter:label1\" content=\"Written by\" \/>\n\t<meta name=\"twitter:data1\" content=\"P\u00e1gina22\" \/>\n\t<meta name=\"twitter:label2\" content=\"Est. reading time\" \/>\n\t<meta name=\"twitter:data2\" content=\"3 minutes\" \/>\n<script type=\"application\/ld+json\" class=\"yoast-schema-graph\">{\"@context\":\"https:\/\/schema.org\",\"@graph\":[{\"@type\":\"WebPage\",\"@id\":\"https:\/\/www.p22on.com.br\/2019\/08\/16\/como-o-investimento-social-privado-pode-contribuir-para-as-agendas-de-clima-agua-e-energia-renovavel\/\",\"url\":\"https:\/\/www.p22on.com.br\/2019\/08\/16\/como-o-investimento-social-privado-pode-contribuir-para-as-agendas-de-clima-agua-e-energia-renovavel\/\",\"name\":\"Como o Investimento Social Privado pode contribuir para as agendas de clima, \u00e1gua e energias renov\u00e1veis? - P22_ON\",\"isPartOf\":{\"@id\":\"https:\/\/www.p22on.com.br\/#website\"},\"datePublished\":\"2019-08-16T21:12:38+00:00\",\"dateModified\":\"2022-02-22T11:18:51+00:00\",\"author\":{\"@id\":\"https:\/\/www.p22on.com.br\/#\/schema\/person\/7fc895a9bd2ec411fd1454b133e7b0da\"},\"breadcrumb\":{\"@id\":\"https:\/\/www.p22on.com.br\/2019\/08\/16\/como-o-investimento-social-privado-pode-contribuir-para-as-agendas-de-clima-agua-e-energia-renovavel\/#breadcrumb\"},\"inLanguage\":\"en-US\",\"potentialAction\":[{\"@type\":\"ReadAction\",\"target\":[\"https:\/\/www.p22on.com.br\/2019\/08\/16\/como-o-investimento-social-privado-pode-contribuir-para-as-agendas-de-clima-agua-e-energia-renovavel\/\"]}]},{\"@type\":\"BreadcrumbList\",\"@id\":\"https:\/\/www.p22on.com.br\/2019\/08\/16\/como-o-investimento-social-privado-pode-contribuir-para-as-agendas-de-clima-agua-e-energia-renovavel\/#breadcrumb\",\"itemListElement\":[{\"@type\":\"ListItem\",\"position\":1,\"name\":\"In\u00edcio\",\"item\":\"https:\/\/www.p22on.com.br\/\"},{\"@type\":\"ListItem\",\"position\":2,\"name\":\"Como o Investimento Social Privado pode contribuir para as agendas de clima, \u00e1gua e energias renov\u00e1veis?\"}]},{\"@type\":\"WebSite\",\"@id\":\"https:\/\/www.p22on.com.br\/#website\",\"url\":\"https:\/\/www.p22on.com.br\/\",\"name\":\"P22_ON\",\"description\":\"\",\"potentialAction\":[{\"@type\":\"SearchAction\",\"target\":{\"@type\":\"EntryPoint\",\"urlTemplate\":\"https:\/\/www.p22on.com.br\/?s={search_term_string}\"},\"query-input\":\"required name=search_term_string\"}],\"inLanguage\":\"en-US\"},{\"@type\":\"Person\",\"@id\":\"https:\/\/www.p22on.com.br\/#\/schema\/person\/7fc895a9bd2ec411fd1454b133e7b0da\",\"name\":\"P\u00e1gina22\",\"image\":{\"@type\":\"ImageObject\",\"inLanguage\":\"en-US\",\"@id\":\"https:\/\/www.p22on.com.br\/#\/schema\/person\/image\/\",\"url\":\"https:\/\/secure.gravatar.com\/avatar\/75bff9c570b228ec0455ff0788a3e2f4?s=96&d=mm&r=g\",\"contentUrl\":\"https:\/\/secure.gravatar.com\/avatar\/75bff9c570b228ec0455ff0788a3e2f4?s=96&d=mm&r=g\",\"caption\":\"P\u00e1gina22\"},\"url\":\"https:\/\/www.p22on.com.br\/author\/pagina22\/\"}]}<\/script>\n<!-- \/ Yoast SEO plugin. -->","yoast_head_json":{"title":"Como o Investimento Social Privado pode contribuir para as agendas de clima, \u00e1gua e energias renov\u00e1veis?","description":"[embed]https:\/\/www.youtube.com\/watch?v=mTwbCjdZfko[\/embed] Roteiro, montagem e locu\u00e7\u00e3o: Magali Cabral;\u00a0Grava\u00e7\u00e3o: Jorge Novais Como o Investimento Social Privado pode contribuir para as agendas de clima, \u00e1gua e energia renov\u00e1vel? \u00c9 a pergunta que norteia esta edi\u00e7\u00e3o de P22_ON. Mas antes de buscar essa reposta, vamos entender o que \u00e9 Investimento Social Privado. Antigamente, se uma empresa, uma fam\u00edlia ou&hellip;","robots":{"index":"index","follow":"follow","max-snippet":"max-snippet:-1","max-image-preview":"max-image-preview:large","max-video-preview":"max-video-preview:-1"},"canonical":"https:\/\/www.p22on.com.br\/2019\/08\/16\/como-o-investimento-social-privado-pode-contribuir-para-as-agendas-de-clima-agua-e-energia-renovavel\/","og_locale":"en_US","og_type":"article","og_title":"Como o Investimento Social Privado pode contribuir para as agendas de clima, \u00e1gua e energias renov\u00e1veis?","og_description":"[embed]https:\/\/www.youtube.com\/watch?v=mTwbCjdZfko[\/embed] Roteiro, montagem e locu\u00e7\u00e3o: Magali Cabral;\u00a0Grava\u00e7\u00e3o: Jorge Novais Como o Investimento Social Privado pode contribuir para as agendas de clima, \u00e1gua e energia renov\u00e1vel? \u00c9 a pergunta que norteia esta edi\u00e7\u00e3o de P22_ON. Mas antes de buscar essa reposta, vamos entender o que \u00e9 Investimento Social Privado. Antigamente, se uma empresa, uma fam\u00edlia ou&hellip;","og_url":"https:\/\/www.p22on.com.br\/2019\/08\/16\/como-o-investimento-social-privado-pode-contribuir-para-as-agendas-de-clima-agua-e-energia-renovavel\/","og_site_name":"P22_ON","article_publisher":"https:\/\/www.facebook.com\/p22on","article_published_time":"2019-08-16T21:12:38+00:00","article_modified_time":"2022-02-22T11:18:51+00:00","og_image":[{"width":1056,"height":584,"url":"https:\/\/www.p22on.com.br\/wp-content\/uploads\/2019\/08\/Screen-Shot-2019-08-25-at-4.16.59-PM.png","type":"image\/png"}],"author":"P\u00e1gina22","twitter_card":"summary_large_image","twitter_creator":"@p22on","twitter_site":"@p22on","twitter_misc":{"Written by":"P\u00e1gina22","Est. reading time":"3 minutes"},"schema":{"@context":"https:\/\/schema.org","@graph":[{"@type":"WebPage","@id":"https:\/\/www.p22on.com.br\/2019\/08\/16\/como-o-investimento-social-privado-pode-contribuir-para-as-agendas-de-clima-agua-e-energia-renovavel\/","url":"https:\/\/www.p22on.com.br\/2019\/08\/16\/como-o-investimento-social-privado-pode-contribuir-para-as-agendas-de-clima-agua-e-energia-renovavel\/","name":"Como o Investimento Social Privado pode contribuir para as agendas de clima, \u00e1gua e energias renov\u00e1veis? - P22_ON","isPartOf":{"@id":"https:\/\/www.p22on.com.br\/#website"},"datePublished":"2019-08-16T21:12:38+00:00","dateModified":"2022-02-22T11:18:51+00:00","author":{"@id":"https:\/\/www.p22on.com.br\/#\/schema\/person\/7fc895a9bd2ec411fd1454b133e7b0da"},"breadcrumb":{"@id":"https:\/\/www.p22on.com.br\/2019\/08\/16\/como-o-investimento-social-privado-pode-contribuir-para-as-agendas-de-clima-agua-e-energia-renovavel\/#breadcrumb"},"inLanguage":"en-US","potentialAction":[{"@type":"ReadAction","target":["https:\/\/www.p22on.com.br\/2019\/08\/16\/como-o-investimento-social-privado-pode-contribuir-para-as-agendas-de-clima-agua-e-energia-renovavel\/"]}]},{"@type":"BreadcrumbList","@id":"https:\/\/www.p22on.com.br\/2019\/08\/16\/como-o-investimento-social-privado-pode-contribuir-para-as-agendas-de-clima-agua-e-energia-renovavel\/#breadcrumb","itemListElement":[{"@type":"ListItem","position":1,"name":"In\u00edcio","item":"https:\/\/www.p22on.com.br\/"},{"@type":"ListItem","position":2,"name":"Como o Investimento Social Privado pode contribuir para as agendas de clima, \u00e1gua e energias renov\u00e1veis?"}]},{"@type":"WebSite","@id":"https:\/\/www.p22on.com.br\/#website","url":"https:\/\/www.p22on.com.br\/","name":"P22_ON","description":"","potentialAction":[{"@type":"SearchAction","target":{"@type":"EntryPoint","urlTemplate":"https:\/\/www.p22on.com.br\/?s={search_term_string}"},"query-input":"required name=search_term_string"}],"inLanguage":"en-US"},{"@type":"Person","@id":"https:\/\/www.p22on.com.br\/#\/schema\/person\/7fc895a9bd2ec411fd1454b133e7b0da","name":"P\u00e1gina22","image":{"@type":"ImageObject","inLanguage":"en-US","@id":"https:\/\/www.p22on.com.br\/#\/schema\/person\/image\/","url":"https:\/\/secure.gravatar.com\/avatar\/75bff9c570b228ec0455ff0788a3e2f4?s=96&d=mm&r=g","contentUrl":"https:\/\/secure.gravatar.com\/avatar\/75bff9c570b228ec0455ff0788a3e2f4?s=96&d=mm&r=g","caption":"P\u00e1gina22"},"url":"https:\/\/www.p22on.com.br\/author\/pagina22\/"}]}},"_links":{"self":[{"href":"https:\/\/www.p22on.com.br\/wp-json\/wp\/v2\/posts\/2854"}],"collection":[{"href":"https:\/\/www.p22on.com.br\/wp-json\/wp\/v2\/posts"}],"about":[{"href":"https:\/\/www.p22on.com.br\/wp-json\/wp\/v2\/types\/post"}],"author":[{"embeddable":true,"href":"https:\/\/www.p22on.com.br\/wp-json\/wp\/v2\/users\/3"}],"replies":[{"embeddable":true,"href":"https:\/\/www.p22on.com.br\/wp-json\/wp\/v2\/comments?post=2854"}],"version-history":[{"count":10,"href":"https:\/\/www.p22on.com.br\/wp-json\/wp\/v2\/posts\/2854\/revisions"}],"predecessor-version":[{"id":3746,"href":"https:\/\/www.p22on.com.br\/wp-json\/wp\/v2\/posts\/2854\/revisions\/3746"}],"wp:featuredmedia":[{"embeddable":true,"href":"https:\/\/www.p22on.com.br\/wp-json\/wp\/v2\/media\/2911"}],"wp:attachment":[{"href":"https:\/\/www.p22on.com.br\/wp-json\/wp\/v2\/media?parent=2854"}],"wp:term":[{"taxonomy":"category","embeddable":true,"href":"https:\/\/www.p22on.com.br\/wp-json\/wp\/v2\/categories?post=2854"},{"taxonomy":"post_tag","embeddable":true,"href":"https:\/\/www.p22on.com.br\/wp-json\/wp\/v2\/tags?post=2854"}],"curies":[{"name":"wp","href":"https:\/\/api.w.org\/{rel}","templated":true}]}}