{"id":2989,"date":"2020-10-24T12:09:18","date_gmt":"2020-10-24T15:09:18","guid":{"rendered":"http:\/\/www.p22on.com.br\/?p=2989"},"modified":"2020-10-28T21:40:31","modified_gmt":"2020-10-29T00:40:31","slug":"dicionario-e-notas","status":"publish","type":"post","link":"https:\/\/www.p22on.com.br\/2020\/10\/24\/dicionario-e-notas\/","title":{"rendered":"Dicion\u00e1rio & notas"},"content":{"rendered":"\n<h4 class=\"wp-block-heading\"><em>Conhe\u00e7a o significado de nomes, siglas e express\u00f5es usados nesta edi\u00e7\u00e3o<\/em><\/h4>\n\n\n\n<p><strong>B2B<\/strong> \u2013 abrevia\u00e7\u00e3o para o termo em ingl\u00eas <em>Business to Business<\/em>, que se atribui \u00e0s rela\u00e7\u00f5es comerciais entre\nempresas.<\/p>\n\n\n\n<p><strong>Cadastro\nAmbiental Rural (CAR)<\/strong> \u2013 registro p\u00fablico eletr\u00f4nico\nnacional, obrigat\u00f3rio para todos os im\u00f3veis rurais, que integra informa\u00e7\u00f5es\nambientais das propriedades e posses rurais referentes \u00e0 situa\u00e7\u00e3o de \u00e1reas\nprotegidas como \u00c1reas de Preserva\u00e7\u00e3o Permanente e Reserva Legal, compondo base\nde dados para controle, monitoramento, planejamento ambiental e econ\u00f4mico e\ncombate ao desmatamento. (Fonte: Servi\u00e7o Florestal)<\/p>\n\n\n\n<p><strong>BlackRock<\/strong> \u2013 maior gestora de investimentos do mundo, com US$ 7 trilh\u00f5es em\nativos. Em 2019, seu presidente Larry Fink, em sua carta anual aos CEO globais,\nconvidou os executivos a reavaliarem os pressupostos b\u00e1sicos de suas empresas,\nconsiderando os riscos clim\u00e1ticos e seus impactos sobre o mundo tang\u00edvel e o\nsistema que financia o crescimento econ\u00f4mico.&nbsp;\n<\/p>\n\n\n\n<p><strong>Coaliz\u00e3o\nBrasil Clima, Florestas e Agricultura<\/strong> \u00ad\u2013 movimento\nmultissetorial que nasceu em 2015, \u00e0s v\u00e9speras da Confer\u00eancia do Clima que\nestabeleceu o Acordo de Paris para o combate \u00e0 mudan\u00e7a clim\u00e1tica. O grupo foi\ncriado para promover o di\u00e1logo entre ambientalistas e agropecuaristas. \u00c9\ncomposto por entidades do agroneg\u00f3cio no Brasil, organiza\u00e7\u00f5es civis da \u00e1rea de\nmeio ambiente e clima, representantes do meio acad\u00eamico, associa\u00e7\u00f5es setoriais\ne companhias.<\/p>\n\n\n\n<p><strong><em>Compliance<\/em> <\/strong>\u2013 estar em conformidade com leis, normas, controles internos e\nexternos, al\u00e9m de todas as pol\u00edticas e diretrizes estabelecidas para o seu\nneg\u00f3cio. Isso vale para as esferas trabalhista, fiscal, cont\u00e1bil, financeira,\nambiental, jur\u00eddica, previdenci\u00e1ria e \u00e9tica. (Fonte: Endeavor)<\/p>\n\n\n\n<p><strong><em>Disclosure<\/em><\/strong> \u2013 significa\ntornar algo conhecido. Nos neg\u00f3cios, refere-se \u00e0 divulga\u00e7\u00e3o, por exemplo, de um\nrisco que pode ser relevante para o p\u00fablico.<\/p>\n\n\n\n<p><strong>Documento\nde Origem Florestal (DOF)<\/strong> \u2013 licen\u00e7a obrigat\u00f3ria\npara o controle do transporte e armazenamento de produtos e subprodutos\nflorestais de origem nativa. O documento deve conter informa\u00e7\u00f5es sobre as\nesp\u00e9cies, tipo do material, volume, valor do carregamento, placa do ve\u00edculo,\norigem, destino, al\u00e9m da rota detalhada do transporte. (Fonte: Ibama)<\/p>\n\n\n\n<p><strong>ESG <\/strong>\u2013 sigla em ingl\u00eas para ambiental, social e governan\u00e7a (ASG),\ncrit\u00e9rios aplic\u00e1veis \u00e0s decis\u00f5es de investimentos.<\/p>\n\n\n\n<p><strong>European\nGreen Deal<\/strong> \u2013 conceito que j\u00e1 havia sido tema de\nrelat\u00f3rio da Organiza\u00e7\u00e3o das Na\u00e7\u00f5es Unidas no final da d\u00e9cada passada, sob o <em>slogan<\/em> Green New Deal, e entrou na pauta\nda Comiss\u00e3o Europeia em dezembro de 2019. Nos Estados Unidos, congressistas\nintroduziram o Green New Deal na agenda pol\u00edtica por meio de uma proposta\nlegislativa em que pedem ao governo federal um desinvestimento em combust\u00edveis\nf\u00f3sseis para reduzir as emiss\u00f5es de gases de efeito estufa.<\/p>\n\n\n\n<p><strong>Externalidades<\/strong> \u2013 reflexos negativos ou positivos de uma atividade que s\u00e3o sentidos por aqueles que pouco ou nada contribu\u00edram para ger\u00e1-los. No caso de externalidades negativas, os preju\u00edzos impostos \u00e0 sociedade n\u00e3o s\u00e3o arcados por aqueles que os provocam, e sim pagos por todos.<\/p>\n\n\n\n<p><strong>Guia de Transporte Animal (GTA)<\/strong> \u2013 documento obrigat\u00f3rio para o tr\u00e2nsito interestadual de gado para abate, recria, engorda e reprodu\u00e7\u00e3o, por exemplo.&nbsp;<\/p>\n\n\n\n<p><strong>\u00cdndice\nde Sustentabilidade Empresarial (ISE)<\/strong> \u2013 carteira de\na\u00e7\u00f5es criada pela Bovespa, hoje B3, para direcionar investimentos para empresas\ncomprometidas com uma gest\u00e3o sustent\u00e1vel.<\/p>\n\n\n\n<p><strong>Pacto\nGlobal<\/strong> \u2013 lan\u00e7ado em 2000, o Pacto Global \u00e9 uma\nchamada das Na\u00e7\u00f5es Unidas para as empresas alinharem suas estrat\u00e9gias e\nopera\u00e7\u00f5es a 10 princ\u00edpios universais nas \u00e1reas de Direitos Humanos, Trabalho,\nMeio Ambiente e Anticorrup\u00e7\u00e3o. Possui cerca de 14 mil membros em 70 redes\nlocais, que abrangem 160 pa\u00edses. (Fonte: Pacto Global)<\/p>\n\n\n\n<p><strong>Princ\u00edpios do Equador<\/strong> \u2013 conjunto de princ\u00edpios desenvolvidos e adotados voluntariamente por algumas institui\u00e7\u00f5es financeiras internacionais e brasileiras na \u00e1rea de&nbsp;<em>project finance<\/em>, com o objetivo de compatibilizar investimentos e opera\u00e7\u00f5es financeiras com a sustentabilidade socioambiental. Mais em&nbsp;<a href=\"http:\/\/www.equator-principles.com\" target=\"_blank\" rel=\"noreferrer noopener\" aria-label=\"www.equator-principles.com (abre numa nova aba)\">www.equator-principles.com<\/a>.<\/p>\n\n\n\n<p><strong>Prodes<\/strong> \u2013 sistema de monitoramento por sat\u00e9lites do desmatamento por corte raso na Amaz\u00f4nia Legal que produz, desde 1988, as taxas anuais de desmatamento na regi\u00e3o, usadas pelo governo para o estabelecimento de pol\u00edticas p\u00fablicas.<\/p>\n\n\n\n<p><strong>MapBiomas <\/strong>\u2013 plataforma que re\u00fane perfis de 65 institui\u00e7\u00f5es para emiss\u00e3o de relat\u00f3rios de desmatamento, com um total de 600 usu\u00e1rios cadastrados, como \u00f3rg\u00e3os de controle, governos e empresas.<\/p>\n\n\n\n<p><strong>Monitoramento da Amaz\u00f4nia<\/strong> \u2013 no auge das queimadas em 2019, o presidente da Rep\u00fablica, Jair Bolsonaro, acusou o Instituto Nacional de Pesquisas Espaciais (Inpe) a mentir sobre os dados obtidos por sat\u00e9lite, epis\u00f3dio que levou \u00e0 exonera\u00e7\u00e3o do diretor Ricardo Galv\u00e3o.<\/p>\n\n\n\n<p><strong>Sistema\nB<\/strong> \u2013 movimento global, nascido nos EUA, que busca\nredefinir o conceito de sucesso nos neg\u00f3cios e identificar empresas que\nutilizem seu poder de mercado para solucionar quest\u00f5es sociais e ambientais. No\nBrasil, s\u00e3o 163 empresas B certificadas, de todos os portes.<\/p>\n\n\n\n<p><strong><em>Stakeholders<\/em> <\/strong>\u2013 termo traduzido como \u201cpartes interessadas\u201d, designa as pessoas e\nos grupos mais importantes e estrat\u00e9gicos para o relacionamento de uma empresa,\ntais como funcion\u00e1rios, fornecedores, clientes, investidores etc.&nbsp;<\/p>\n\n\n\n<p><strong>TCFD<\/strong> \u2013 For\u00e7a-Tarefa sobre Divulga\u00e7\u00f5es Financeiras Relacionadas ao Clima,\nna sigla em ingl\u00eas. Padr\u00e3o criado pelo Conselho de Estabilidade Financeira,\nligado ao G20, para quantificar os riscos e oportunidades associados \u00e0 mudan\u00e7a\nclim\u00e1tica para os neg\u00f3cios. O entendimento da for\u00e7a-tarefa \u00e9 de que as mudan\u00e7as\ndo clima amea\u00e7am a estabilidade do sistema financeiro global.<\/p>\n\n\n\n<p><strong>Termo de Ajustamento de Conduta (TAC)<\/strong> \u2013 instrumento de car\u00e1ter executivo extrajudicial que tem como objetivo a recupera\u00e7\u00e3o do meio ambiente degradado ou o condicionamento de situa\u00e7\u00e3o de risco potencial \u00e0s integridades ambientais, por meio da fixa\u00e7\u00e3o de obriga\u00e7\u00f5es e condicionantes t\u00e9cnicos.<\/p>\n\n\n\n<hr class=\"wp-block-separator\"\/>\n\n\n\n<h2 class=\"wp-block-heading\">NOTAS<\/h2>\n\n\n\n<p><strong>Por Am\u00e1lia Safatle <\/strong><\/p>\n\n\n\n<h2 class=\"wp-block-heading\">[RELAT\u00d3RIOS] <strong>M\u00e9tricas em comum<\/strong><\/h2>\n\n\n\n<p>O F\u00f3rum Econ\u00f4mico Mundial lan\u00e7ou em setembro um conjunto b\u00e1sico de m\u00e9tricas ESG e crit\u00e9rios de transpar\u00eancia que pode ser usado pelos membros do International Business Council. O IBC re\u00fane mais de 120 CEOs globais, com participa\u00e7\u00e3o do Bank of America e das chamadas Big Four (Deloitte, EY, KPMG e PwC). O documento \u00e9 intitulado <em><a href=\"http:\/\/www3.weforum.org\/docs\/WEF_IBC_Measuring_Stakeholder_Capitalism_Report_2020.pdf\" target=\"_blank\" rel=\"noreferrer noopener\" aria-label=\" (abre numa nova aba)\">Measuring Stakeholder Capitalism Towards Common Metrics and Consistent Reporting of Sustainable Value Creation<\/a>,<\/em> traduzido livremente como \u201cMedindo o capitalismo das partes interessadas em dire\u00e7\u00e3o a m\u00e9tricas comuns e relat\u00f3rios consistentes de cria\u00e7\u00f5es de valor sustent\u00e1vel\u201d.<\/p>\n\n\n\n<p>Com isso, ser\u00e1 poss\u00edvel alinhar os relat\u00f3rios sobre o desempenho em rela\u00e7\u00e3o a indicadores ambientais, sociais e de governan\u00e7a, e identificar contribui\u00e7\u00f5es para os Objetivos de Desenvolvimento Sustent\u00e1vel, por meio de uma base consistente e com maior converg\u00eancia.<\/p>\n\n\n\n<hr class=\"wp-block-separator\"\/>\n\n\n\n<h2 class=\"wp-block-heading\"><\/h2>\n\n\n\n<h2 class=\"wp-block-heading\">[FAKE NEWS] <strong>Pega na mentira<\/strong><\/h2>\n\n\n\n<p>Fal\u00e1cias, mentiras e meias-verdades s\u00e3o comuns na narrativa antiambientalista. Mas ganham express\u00e3o em um governo negacionista como o brasileiro. Diante disso, a plataforma <a href=\"https:\/\/fakebook.eco.br\/\" target=\"_blank\" rel=\"noreferrer noopener\" aria-label=\" (abre numa nova aba)\">Fakebook.eco<\/a> procura restabelecer os fatos e desfazer os principais mitos e desinforma\u00e7\u00f5es no campo ambiental. Recentemente, dissecou o discurso do presidente da Rep\u00fablica Jair Bolsonaro na abertura da Assembleia Geral da ONU em 22 de setembro.<\/p>\n\n\n\n<p>A plataforma traz ainda uma lista dos mitos ambientais mais frequentes e permite a intera\u00e7\u00e3o com o p\u00fablico, que pode sugerir a verifica\u00e7\u00e3o de informa\u00e7\u00f5es. Criada este ano, \u00e9 resultado da uni\u00e3o entre dois projetos anteriores: o Fakebook, produzido pelo Observat\u00f3rio do Clima (OC), Greenpeace e ClimaInfo, e o Agromit\u00f4metro, uma iniciativa de checagem de informa\u00e7\u00f5es ambientais do OC.<\/p>\n\n\n\n<hr class=\"wp-block-separator\"\/>\n\n\n\n<h2 class=\"wp-block-heading\"><\/h2>\n\n\n\n<h2 class=\"wp-block-heading\">[AGENDA 2030] <strong>Apag\u00e3o de dados<\/strong><\/h2>\n\n\n\n<p>O Relat\u00f3rio Luz da Sociedade Civil sobre a Agenda 2030, que acompanha o andamento dos 17 Objetivos de Desenvolvimento Sustent\u00e1vel (ODS) no Brasil, n\u00e3o traz boas not\u00edcias. <a href=\"https:\/\/gtagenda2030.org.br\/relatorio-luz\/relatorio-luz-2020\" target=\"_blank\" rel=\"noreferrer noopener\" aria-label=\" (abre numa nova aba)\">Nesta quarta edi\u00e7\u00e3o<\/a>, foram analisadas 145 das 169 metas da Agenda 2030, sendo que 17 metas nem sequer possuem dados para an\u00e1lise e sete n\u00e3o se aplicam ao Brasil. Mesmo na an\u00e1lise das 145 metas, especialistas tiveram dificuldades no levantamento de informa\u00e7\u00f5es devido ao \u201capag\u00e3o de dados\u201d no Pa\u00eds, refletindo a aus\u00eancia ou inefici\u00eancia de pol\u00edticas p\u00fablicas, inexist\u00eancia ou insufici\u00eancia de informa\u00e7\u00f5es ou de s\u00e9ries hist\u00f3ricas. <\/p>\n\n\n\n<p>Nos casos em que inexistem informa\u00e7\u00f5es\noficiais, foram utilizados estudos produzidos pela sociedade civil ou pesquisas\nacad\u00eamicas catalogadas na biblioteca SciELO ou no Portal Capes, observados os\ncrit\u00e9rios de s\u00e9rie hist\u00f3rica e metodologia consolidada.<\/p>\n\n\n\n<p>Nas p\u00e1ginas 96 e 97 do relat\u00f3rio, \u00e9 poss\u00edvel obter um panorama geral das metas dos 17 ODS, com desempenho classificado como \u201cretrocesso\u201d, \u201camea\u00e7ado\u201d, \u201cestagnado\u201d, \u201cinsuficiente\u201d ou \u201csatisfat\u00f3rio\u201d. A publica\u00e7\u00e3o foi lan\u00e7ada nacional e internacionalmente em julho, por meio de tr\u00eas eventos. <\/p>\n\n\n\n<hr class=\"wp-block-separator\"\/>\n\n\n\n<h2 class=\"wp-block-heading\"><\/h2>\n\n\n\n<h2 class=\"wp-block-heading\">[PANDEMIA] <strong>Transpar\u00eancia \u00e9 sa\u00fade<\/strong><\/h2>\n\n\n\n<p>Como parte de sua contribui\u00e7\u00e3o \u00e0 transpar\u00eancia empresarial durante a pandemia, o Instituto Ethos lan\u00e7ou o Covid Radar, um coletivo de mais de 40 empresas que se juntaram para enfrentar os desafios do sistema de sa\u00fade e auxiliar na retomada da economia. Entre os conte\u00fados dispon\u00edveis no site, h\u00e1 um guia com oito recomenda\u00e7\u00f5es relacionadas \u00e0 responsabilidade social no contexto da pandemia. Uma delas trata da transpar\u00eancia empresarial e abertura das decis\u00f5es, e pode ser acessada <a rel=\"noreferrer noopener\" aria-label=\" (abre numa nova aba)\" href=\"https:\/\/www.covidradar.org.br\/guia-recomendacoes\" target=\"_blank\">aqui<\/a>.<\/p>\n\n\n\n<hr class=\"wp-block-separator\"\/>\n\n\n\n<h2 class=\"wp-block-heading\"><\/h2>\n\n\n\n<h2 class=\"wp-block-heading\">[RASTREABILIDADE] <strong>Outra pecu\u00e1ria \u00e9 poss\u00edvel<\/strong><\/h2>\n\n\n\n<p>A origem da carne na Amaz\u00f4nia e no Cerrado\npode ser monitorada com a integra\u00e7\u00e3o de informa\u00e7\u00f5es entre a Guia de Transporte\nAnimal e o Cadastro Ambiental Rural, e os respectivos mecanismos legais que permitam\nsua valida\u00e7\u00e3o conjunta. Seguindo tamb\u00e9m as exig\u00eancias estabelecidas no \u00e2mbito\ndo Sistema Brasileiro de Rastreabilidade da Cadeia de Bovinos e Bubalinos e dos\nTermos de Ajuste de Conduta assinados entre o Minist\u00e9rio P\u00fablico Federal e os\nprocessadores de carne que operam na Amaz\u00f4nia Legal. <\/p>\n\n\n\n<p>Esta \u00e9 uma das conclus\u00f5es do estudo <em>A rastreabilidade da cadeia de carne bovina no Brasil, <\/em>publicado em setembro pela Coaliz\u00e3o Brasil Clima, Florestas e Agricultura, como resultado da iniciativa Amaz\u00f4nia Poss\u00edvel, lan\u00e7ada na Climate Week de Nova York de 2019. Al\u00e9m de reconhecer a complexidade da cadeia, o documento salienta os avan\u00e7os tecnol\u00f3gicos que podem contribuir para a rastreabilidade e traz uma s\u00e9rie de recomenda\u00e7\u00f5es para que as melhores pr\u00e1ticas se efetivem. Acesse o <a rel=\"noreferrer noopener\" aria-label=\" (abre numa nova aba)\" href=\"http:\/\/www.coalizaobr.com.br\/boletins\/pdf\/A-rastreabilidade-da-cadeia-da-carne-bovina-no-Brasil-desafios-e-oportunidades_relatorio-final-e-recomendacoes.pdf?utm_source=Mailee&amp;utm_medium=email&amp;utm_campaign=Coaliz%C3%A3o+lan%C3%A7a+estudo+de+rastreabilidade+da+carne+no+Brasil&amp;utm_term=&amp;utm_content=Coaliz%C3%A3o+lan%C3%A7a+estudo+de+rastreabilidade+da+carne+no+Brasil\" target=\"_blank\">estudo completo<\/a> e o <a rel=\"noreferrer noopener\" aria-label=\" (abre numa nova aba)\" href=\"http:\/\/www.coalizaobr.com.br\/boletins\/pdf\/A-rastreabilidade-da-cadeia-da-carne-bovina-no-Brasil-desafios-e-oportunidades_relatorio-final-e-recomendacoes.pdf?utm_source=Mailee&amp;utm_medium=email&amp;utm_campaign=Coaliz%C3%A3o+lan%C3%A7a+estudo+de+rastreabilidade+da+carne+no+Brasil&amp;utm_term=&amp;utm_content=Coaliz%C3%A3o+lan%C3%A7a+estudo+de+rastreabilidade+da+carne+no+Brasil\" target=\"_blank\">sum\u00e1rio executivo<\/a>.<\/p>\n\n\n\n<hr class=\"wp-block-separator\"\/>\n\n\n\n<h2 class=\"wp-block-heading\">[INTERVEN\u00c7\u00d5ES URBANAS] Veja atrav\u00e9s<\/h2>\n\n\n\n<figure class=\"wp-block-image\"><img loading=\"lazy\" decoding=\"async\" width=\"800\" height=\"534\" src=\"http:\/\/www.p22on.com.br\/wp-content\/uploads\/2020\/10\/Poro-fotos-pro-rio.jpg\" alt=\"\" class=\"wp-image-3049\" srcset=\"https:\/\/www.p22on.com.br\/wp-content\/uploads\/2020\/10\/Poro-fotos-pro-rio.jpg 800w, https:\/\/www.p22on.com.br\/wp-content\/uploads\/2020\/10\/Poro-fotos-pro-rio-300x200.jpg 300w, https:\/\/www.p22on.com.br\/wp-content\/uploads\/2020\/10\/Poro-fotos-pro-rio-768x513.jpg 768w\" sizes=\"(max-width: 800px) 100vw, 800px\" \/><figcaption>Interven\u00e7\u00e3o urbana do Poro que instalou uma s\u00e9rie de faixas com mensagens po\u00e9ticas nas ruas de Belo Horizonte\/MG. Para ver mais acesse: www.poro.redezero.org<\/figcaption><\/figure>\n\n\n\n<p><strong>A pandemia tirou o v\u00e9u de muita coisa \u2013 <\/strong>deu mais visibilidade \u00e0s desigualdades, jogou luz sobre o essencial, escancarou o car\u00e1ter dos governantes. A solidariedade tamb\u00e9m ganhou espa\u00e7o. Um a\u00e7\u00e3o articulada chamada <a href=\"https:\/\/fotosprorio.com\/\" target=\"_blank\" rel=\"noreferrer noopener\" aria-label=\"Fotos Pr\u00f3 Rio (abre numa nova aba)\">Fotos Pr\u00f3 Rio<\/a>, finalizada em outubro, arrecadou recursos para comunidades cariocas e tamb\u00e9m para artistas e fot\u00f3grafos em dificuldade por conta da Covid-19.<\/p>\n\n\n\n<p>O coletivo Poro \u2013 Interven\u00e7\u00f5es Urbanas e A\u00e7\u00f5es Ef\u00eameras participou da campanha doando os recursos obtidos com a venda da foto \u201cAtravesse as apar\u00eancias\u201d. A fotografia resulta da s\u00e9rie \u201c<a href=\"https:\/\/poro.redezero.org\/intervencao\/faixas-de-anti-sinalizacao\/\" target=\"_blank\" rel=\"noreferrer noopener\" aria-label=\"Faixas de Antissinaliza\u00e7\u00e3o (abre numa nova aba)\">Faixas de Antissinaliza\u00e7\u00e3o<\/a>\u201d, trabalho realizado em Belo Horizonte, Fortaleza, S\u00e3o Paulo, Bras\u00edlia, Londrina e no Rio de Janeiro. Apontar sutilezas, criar imagens po\u00e9ticas e trazer \u00e0 tona aspectos das cidades que se tornam invis\u00edveis pela vida acelerada nos grandes centros urbanos s\u00e3o algumas das provoca\u00e7\u00f5es do Poro desde 2002. <strong>(AS)<\/strong><\/p>\n","protected":false},"excerpt":{"rendered":"<p>Conhe\u00e7a o significado de nomes, siglas e express\u00f5es usados nesta edi\u00e7\u00e3o B2B \u2013 abrevia\u00e7\u00e3o para o termo em ingl\u00eas Business to Business, que se atribui \u00e0s rela\u00e7\u00f5es comerciais entre empresas. Cadastro Ambiental Rural (CAR) \u2013 registro p\u00fablico eletr\u00f4nico nacional, obrigat\u00f3rio para todos os im\u00f3veis rurais, que integra informa\u00e7\u00f5es ambientais das propriedades e posses rurais referentes [&hellip;]<\/p>\n","protected":false},"author":3,"featured_media":3047,"comment_status":"open","ping_status":"open","sticky":false,"template":"","format":"standard","meta":{"footnotes":""},"categories":[2210],"tags":[18],"yoast_head":"<!-- This site is optimized with the Yoast SEO plugin v21.5 - https:\/\/yoast.com\/wordpress\/plugins\/seo\/ -->\n<title>Dicion\u00e1rio &amp; notas<\/title>\n<meta name=\"description\" content=\"Conhe\u00e7a o significado de nomes, siglas e express\u00f5es usados nesta edi\u00e7\u00e3o B2B \u2013 abrevia\u00e7\u00e3o para o termo em ingl\u00eas Business to Business, que se atribui \u00e0s rela\u00e7\u00f5es comerciais entre empresas. Cadastro Ambiental Rural (CAR) \u2013 registro p\u00fablico eletr\u00f4nico nacional, obrigat\u00f3rio para todos os im\u00f3veis rurais, que integra informa\u00e7\u00f5es ambientais das propriedades e posses rurais referentes&hellip;\" \/>\n<meta name=\"robots\" content=\"index, follow, max-snippet:-1, max-image-preview:large, max-video-preview:-1\" \/>\n<link rel=\"canonical\" href=\"https:\/\/www.p22on.com.br\/2020\/10\/24\/dicionario-e-notas\/\" \/>\n<meta property=\"og:locale\" content=\"en_US\" \/>\n<meta property=\"og:type\" content=\"article\" \/>\n<meta property=\"og:title\" content=\"Dicion\u00e1rio &amp; notas\" \/>\n<meta property=\"og:description\" content=\"Conhe\u00e7a o significado de nomes, siglas e express\u00f5es usados nesta edi\u00e7\u00e3o B2B \u2013 abrevia\u00e7\u00e3o para o termo em ingl\u00eas Business to Business, que se atribui \u00e0s rela\u00e7\u00f5es comerciais entre empresas. Cadastro Ambiental Rural (CAR) \u2013 registro p\u00fablico eletr\u00f4nico nacional, obrigat\u00f3rio para todos os im\u00f3veis rurais, que integra informa\u00e7\u00f5es ambientais das propriedades e posses rurais referentes&hellip;\" \/>\n<meta property=\"og:url\" content=\"https:\/\/www.p22on.com.br\/2020\/10\/24\/dicionario-e-notas\/\" \/>\n<meta property=\"og:site_name\" content=\"P22_ON\" \/>\n<meta property=\"article:publisher\" content=\"https:\/\/www.facebook.com\/p22on\" \/>\n<meta property=\"article:published_time\" content=\"2020-10-24T15:09:18+00:00\" \/>\n<meta property=\"article:modified_time\" content=\"2020-10-29T00:40:31+00:00\" \/>\n<meta property=\"og:image\" content=\"https:\/\/www.p22on.com.br\/wp-content\/uploads\/2020\/10\/Screen-Shot-2020-10-24-at-4.30.13-PM.png\" \/>\n\t<meta property=\"og:image:width\" content=\"867\" \/>\n\t<meta property=\"og:image:height\" content=\"418\" \/>\n\t<meta property=\"og:image:type\" content=\"image\/png\" \/>\n<meta name=\"author\" content=\"P\u00e1gina22\" \/>\n<meta name=\"twitter:card\" content=\"summary_large_image\" \/>\n<meta name=\"twitter:creator\" content=\"@p22on\" \/>\n<meta name=\"twitter:site\" content=\"@p22on\" \/>\n<meta name=\"twitter:label1\" content=\"Written by\" \/>\n\t<meta name=\"twitter:data1\" content=\"P\u00e1gina22\" \/>\n\t<meta name=\"twitter:label2\" content=\"Est. reading time\" \/>\n\t<meta name=\"twitter:data2\" content=\"10 minutes\" \/>\n<script type=\"application\/ld+json\" class=\"yoast-schema-graph\">{\"@context\":\"https:\/\/schema.org\",\"@graph\":[{\"@type\":\"WebPage\",\"@id\":\"https:\/\/www.p22on.com.br\/2020\/10\/24\/dicionario-e-notas\/\",\"url\":\"https:\/\/www.p22on.com.br\/2020\/10\/24\/dicionario-e-notas\/\",\"name\":\"Dicion\u00e1rio & notas - P22_ON\",\"isPartOf\":{\"@id\":\"https:\/\/www.p22on.com.br\/#website\"},\"datePublished\":\"2020-10-24T15:09:18+00:00\",\"dateModified\":\"2020-10-29T00:40:31+00:00\",\"author\":{\"@id\":\"https:\/\/www.p22on.com.br\/#\/schema\/person\/7fc895a9bd2ec411fd1454b133e7b0da\"},\"breadcrumb\":{\"@id\":\"https:\/\/www.p22on.com.br\/2020\/10\/24\/dicionario-e-notas\/#breadcrumb\"},\"inLanguage\":\"en-US\",\"potentialAction\":[{\"@type\":\"ReadAction\",\"target\":[\"https:\/\/www.p22on.com.br\/2020\/10\/24\/dicionario-e-notas\/\"]}]},{\"@type\":\"BreadcrumbList\",\"@id\":\"https:\/\/www.p22on.com.br\/2020\/10\/24\/dicionario-e-notas\/#breadcrumb\",\"itemListElement\":[{\"@type\":\"ListItem\",\"position\":1,\"name\":\"In\u00edcio\",\"item\":\"https:\/\/www.p22on.com.br\/\"},{\"@type\":\"ListItem\",\"position\":2,\"name\":\"Dicion\u00e1rio & notas\"}]},{\"@type\":\"WebSite\",\"@id\":\"https:\/\/www.p22on.com.br\/#website\",\"url\":\"https:\/\/www.p22on.com.br\/\",\"name\":\"P22_ON\",\"description\":\"\",\"potentialAction\":[{\"@type\":\"SearchAction\",\"target\":{\"@type\":\"EntryPoint\",\"urlTemplate\":\"https:\/\/www.p22on.com.br\/?s={search_term_string}\"},\"query-input\":\"required name=search_term_string\"}],\"inLanguage\":\"en-US\"},{\"@type\":\"Person\",\"@id\":\"https:\/\/www.p22on.com.br\/#\/schema\/person\/7fc895a9bd2ec411fd1454b133e7b0da\",\"name\":\"P\u00e1gina22\",\"image\":{\"@type\":\"ImageObject\",\"inLanguage\":\"en-US\",\"@id\":\"https:\/\/www.p22on.com.br\/#\/schema\/person\/image\/\",\"url\":\"https:\/\/secure.gravatar.com\/avatar\/75bff9c570b228ec0455ff0788a3e2f4?s=96&d=mm&r=g\",\"contentUrl\":\"https:\/\/secure.gravatar.com\/avatar\/75bff9c570b228ec0455ff0788a3e2f4?s=96&d=mm&r=g\",\"caption\":\"P\u00e1gina22\"},\"url\":\"https:\/\/www.p22on.com.br\/author\/pagina22\/\"}]}<\/script>\n<!-- \/ Yoast SEO plugin. -->","yoast_head_json":{"title":"Dicion\u00e1rio & notas","description":"Conhe\u00e7a o significado de nomes, siglas e express\u00f5es usados nesta edi\u00e7\u00e3o B2B \u2013 abrevia\u00e7\u00e3o para o termo em ingl\u00eas Business to Business, que se atribui \u00e0s rela\u00e7\u00f5es comerciais entre empresas. Cadastro Ambiental Rural (CAR) \u2013 registro p\u00fablico eletr\u00f4nico nacional, obrigat\u00f3rio para todos os im\u00f3veis rurais, que integra informa\u00e7\u00f5es ambientais das propriedades e posses rurais referentes&hellip;","robots":{"index":"index","follow":"follow","max-snippet":"max-snippet:-1","max-image-preview":"max-image-preview:large","max-video-preview":"max-video-preview:-1"},"canonical":"https:\/\/www.p22on.com.br\/2020\/10\/24\/dicionario-e-notas\/","og_locale":"en_US","og_type":"article","og_title":"Dicion\u00e1rio & notas","og_description":"Conhe\u00e7a o significado de nomes, siglas e express\u00f5es usados nesta edi\u00e7\u00e3o B2B \u2013 abrevia\u00e7\u00e3o para o termo em ingl\u00eas Business to Business, que se atribui \u00e0s rela\u00e7\u00f5es comerciais entre empresas. Cadastro Ambiental Rural (CAR) \u2013 registro p\u00fablico eletr\u00f4nico nacional, obrigat\u00f3rio para todos os im\u00f3veis rurais, que integra informa\u00e7\u00f5es ambientais das propriedades e posses rurais referentes&hellip;","og_url":"https:\/\/www.p22on.com.br\/2020\/10\/24\/dicionario-e-notas\/","og_site_name":"P22_ON","article_publisher":"https:\/\/www.facebook.com\/p22on","article_published_time":"2020-10-24T15:09:18+00:00","article_modified_time":"2020-10-29T00:40:31+00:00","og_image":[{"width":867,"height":418,"url":"https:\/\/www.p22on.com.br\/wp-content\/uploads\/2020\/10\/Screen-Shot-2020-10-24-at-4.30.13-PM.png","type":"image\/png"}],"author":"P\u00e1gina22","twitter_card":"summary_large_image","twitter_creator":"@p22on","twitter_site":"@p22on","twitter_misc":{"Written by":"P\u00e1gina22","Est. reading time":"10 minutes"},"schema":{"@context":"https:\/\/schema.org","@graph":[{"@type":"WebPage","@id":"https:\/\/www.p22on.com.br\/2020\/10\/24\/dicionario-e-notas\/","url":"https:\/\/www.p22on.com.br\/2020\/10\/24\/dicionario-e-notas\/","name":"Dicion\u00e1rio & notas - P22_ON","isPartOf":{"@id":"https:\/\/www.p22on.com.br\/#website"},"datePublished":"2020-10-24T15:09:18+00:00","dateModified":"2020-10-29T00:40:31+00:00","author":{"@id":"https:\/\/www.p22on.com.br\/#\/schema\/person\/7fc895a9bd2ec411fd1454b133e7b0da"},"breadcrumb":{"@id":"https:\/\/www.p22on.com.br\/2020\/10\/24\/dicionario-e-notas\/#breadcrumb"},"inLanguage":"en-US","potentialAction":[{"@type":"ReadAction","target":["https:\/\/www.p22on.com.br\/2020\/10\/24\/dicionario-e-notas\/"]}]},{"@type":"BreadcrumbList","@id":"https:\/\/www.p22on.com.br\/2020\/10\/24\/dicionario-e-notas\/#breadcrumb","itemListElement":[{"@type":"ListItem","position":1,"name":"In\u00edcio","item":"https:\/\/www.p22on.com.br\/"},{"@type":"ListItem","position":2,"name":"Dicion\u00e1rio & notas"}]},{"@type":"WebSite","@id":"https:\/\/www.p22on.com.br\/#website","url":"https:\/\/www.p22on.com.br\/","name":"P22_ON","description":"","potentialAction":[{"@type":"SearchAction","target":{"@type":"EntryPoint","urlTemplate":"https:\/\/www.p22on.com.br\/?s={search_term_string}"},"query-input":"required name=search_term_string"}],"inLanguage":"en-US"},{"@type":"Person","@id":"https:\/\/www.p22on.com.br\/#\/schema\/person\/7fc895a9bd2ec411fd1454b133e7b0da","name":"P\u00e1gina22","image":{"@type":"ImageObject","inLanguage":"en-US","@id":"https:\/\/www.p22on.com.br\/#\/schema\/person\/image\/","url":"https:\/\/secure.gravatar.com\/avatar\/75bff9c570b228ec0455ff0788a3e2f4?s=96&d=mm&r=g","contentUrl":"https:\/\/secure.gravatar.com\/avatar\/75bff9c570b228ec0455ff0788a3e2f4?s=96&d=mm&r=g","caption":"P\u00e1gina22"},"url":"https:\/\/www.p22on.com.br\/author\/pagina22\/"}]}},"_links":{"self":[{"href":"https:\/\/www.p22on.com.br\/wp-json\/wp\/v2\/posts\/2989"}],"collection":[{"href":"https:\/\/www.p22on.com.br\/wp-json\/wp\/v2\/posts"}],"about":[{"href":"https:\/\/www.p22on.com.br\/wp-json\/wp\/v2\/types\/post"}],"author":[{"embeddable":true,"href":"https:\/\/www.p22on.com.br\/wp-json\/wp\/v2\/users\/3"}],"replies":[{"embeddable":true,"href":"https:\/\/www.p22on.com.br\/wp-json\/wp\/v2\/comments?post=2989"}],"version-history":[{"count":12,"href":"https:\/\/www.p22on.com.br\/wp-json\/wp\/v2\/posts\/2989\/revisions"}],"predecessor-version":[{"id":3108,"href":"https:\/\/www.p22on.com.br\/wp-json\/wp\/v2\/posts\/2989\/revisions\/3108"}],"wp:featuredmedia":[{"embeddable":true,"href":"https:\/\/www.p22on.com.br\/wp-json\/wp\/v2\/media\/3047"}],"wp:attachment":[{"href":"https:\/\/www.p22on.com.br\/wp-json\/wp\/v2\/media?parent=2989"}],"wp:term":[{"taxonomy":"category","embeddable":true,"href":"https:\/\/www.p22on.com.br\/wp-json\/wp\/v2\/categories?post=2989"},{"taxonomy":"post_tag","embeddable":true,"href":"https:\/\/www.p22on.com.br\/wp-json\/wp\/v2\/tags?post=2989"}],"curies":[{"name":"wp","href":"https:\/\/api.w.org\/{rel}","templated":true}]}}