{"id":2994,"date":"2020-10-24T12:17:46","date_gmt":"2020-10-24T15:17:46","guid":{"rendered":"http:\/\/www.p22on.com.br\/?p=2994"},"modified":"2022-02-22T08:10:25","modified_gmt":"2022-02-22T11:10:25","slug":"editorial-e-mensagem-da-gri","status":"publish","type":"post","link":"https:\/\/www.p22on.com.br\/2020\/10\/24\/editorial-e-mensagem-da-gri\/","title":{"rendered":"Editorial e Mensagem da GRI"},"content":{"rendered":"\r\n<h2 class=\"wp-block-heading\">Pr\u00f3ximo desafio: escala e velocidade<\/h2>\r\n\r\n\r\n\r\n<p class=\"has-drop-cap\">E<strong>m maio de 2008, a <\/strong>P\u00e1gina22<strong> publicou <a href=\"https:\/\/pagina22.com.br\/wp-content\/uploads\/2009\/07\/ed19.pdf\" target=\"_blank\" rel=\"noreferrer noopener\" aria-label=\"uma edi\u00e7\u00e3o (abre numa nova aba)\">uma edi\u00e7\u00e3o<\/a> explicando por que era t\u00e3o importante o mercado financeiro se integrar ao debate da sustentabilidade. Doze anos depois, \u00e9 gratificante noticiar que, antes tarde do que nunca, as finan\u00e7as n\u00e3o s\u00f3 embarcaram no tema, como est\u00e3o puxando a r\u00e9gua para cima, ao precificar o risco das m\u00e1s pr\u00e1ticas ambientais, sociais e de governan\u00e7a. As boas not\u00edcias, entretanto, depender\u00e3o da escala e da celeridade dessas mudan\u00e7as.<\/strong><\/p>\r\n\r\n\r\n\r\n<p>A sustentabilidade, que requer uma abordagem sist\u00eamica, est\u00e1 aprisionada a um debate polarizado que adiciona dificuldades. No Brasil, assim como em diversos pa\u00edses do mundo, governos de orienta\u00e7\u00e3o retr\u00f3grada agem como um freio de m\u00e3o, enquanto empresas que dependem de inser\u00e7\u00e3o internacional precisam desvincular sua imagem da agenda autorit\u00e1ria. Como diz Valdemar de Oliveira Neto, o Maneto, na reportagem de capa desta edi\u00e7\u00e3o, a melhor forma de fazer isso \u00e9 com mais transpar\u00eancia na gest\u00e3o e uma agenda ambiental forte.<\/p>\r\n\r\n\r\n\r\n<p>A Amaz\u00f4nia, fronteira de grandes disputas, \u00e9 um exemplo dessas agendas conflitantes. A clareza dos dados territoriais sobre ocupa\u00e7\u00e3o e uso do solo propiciada pelas imagens de sat\u00e9lite contrasta com obscuras transa\u00e7\u00f5es em meio a mentiras e meias-verdades. A regi\u00e3o \u00e9 marcada por um contexto de viol\u00eancia e ilegalidade: grilagem de terras, conflitos fundi\u00e1rios, tr\u00e1fico de drogas, animais e pessoas, desmatamento. Mas a crescente exposi\u00e7\u00e3o global da maior floresta tropical do mundo joga holofotes na escurid\u00e3o da floresta e pode, gradativamente, abrir as caixas-pretas de atividades como agropecu\u00e1ria, garimpo, explora\u00e7\u00e3o de madeira e minera\u00e7\u00e3o.<\/p>\r\n\r\n\r\n\r\n<p>Mais uma vez, o engajamento dos diversos atores da sociedade ser\u00e1 fundamental para vencer esses desafios e romper com a cultura patrimonialista e pouco transparente que historicamente caracteriza a sociedade brasileira. Embora o atual governo brasileiro esteja fora desse debate, a sociedade civil e a empresarial est\u00e3o mais dentro do que nunca e continuam pautando grande parte desse movimento, na avalia\u00e7\u00e3o de Roberto Silva Waack, integrante da iniciativa Uma Concerta\u00e7\u00e3o pela Amaz\u00f4nia.<\/p>\r\n\r\n\r\n\r\n<p>Na Entrevista, o professor Jos\u00e9 Eli da Veiga, da USP, enfatiza os movimentos puxados pelos jovens, que poder\u00e3o influenciar de forma poderosa e positiva o andamento dessa agenda. E recomenda que as empresas prestem muita aten\u00e7\u00e3o na mudan\u00e7a de comportamento e de valores que vem por a\u00ed.<\/p>\r\n\r\n\r\n\r\n<p>Boa leitura!<\/p>\r\n\r\n\r\n\r\n<p>&nbsp;<\/p>\r\n\r\n\r\n\r\n<h2 class=\"wp-block-heading\">E a r\u00e9gua subiu?<\/h2>\r\n\r\n\r\n\r\n<p class=\"has-drop-cap\">B<strong>em-vindos \u00e0 segunda edi\u00e7\u00e3o especial sobre transpar\u00eancia da <\/strong>P\u00e1gina22<strong>, idealizada em parceria com a Global Reporting Initiative (GRI). Este projeto traz uma avalia\u00e7\u00e3o geral do estado da transpar\u00eancia no Brasil na perspectiva de diversos setores da sociedade. Em que avan\u00e7amos e no que precisamos melhorar desde a primeira edi\u00e7\u00e3o, em 2019?<\/strong><\/p>\r\n\r\n\r\n\r\n<p>O debate sobre a necessidade de complementar as informa\u00e7\u00f5es das empresas para al\u00e9m dos costumeiros demonstrativos e balan\u00e7os financeiros n\u00e3o vem de hoje. Podemos dizer que o verdadeiro ano de nascimento da GRI foi 1989, por conta do acidente da Exxon Valdez no Alasca. O desastre levou investidores institucionais a questionarem suas pr\u00e1ticas, pois ficou clara a rela\u00e7\u00e3o entre a cria\u00e7\u00e3o de valor das empresas e o que hoje chamamos de ESG (crit\u00e9rios ambientais, sociais e de governan\u00e7a, na sigla em ingl\u00eas).<\/p>\r\n\r\n\r\n\r\n<p>Nos dias atuais, a diferen\u00e7a \u00e9 que o debate saiu de um nicho e ganhou tra\u00e7\u00e3o, ocupando espa\u00e7os em grandes f\u00f3runs de neg\u00f3cios, legisla\u00e7\u00f5es e fundos de investidores. Com a evolu\u00e7\u00e3o acelerada da tecnologia e o aumento do escrut\u00ednio p\u00fablico potencializado pela pandemia, a transpar\u00eancia deixa de ser volunt\u00e1ria para ocupar cada vez mais espa\u00e7os em agendas de governos e esferas reguladoras.<\/p>\r\n\r\n\r\n\r\n<p>\u00c9 preciso celebrar e agradecer a todos que est\u00e3o juntos nesta jornada desde o in\u00edcio. E lembrar que as grandes decis\u00f5es tomadas nas institui\u00e7\u00f5es s\u00e3o feitas por pessoas, nos seus pap\u00e9is de ativista, funcion\u00e1rio, m\u00e3e, pai, professor, jornalista, empres\u00e1rio, investidor, estudante etc. Ou seja, um futuro melhor tamb\u00e9m depende da evolu\u00e7\u00e3o pessoal de cada um.<\/p>\r\n\r\n\r\n\r\n<p>Leituras como esta contribuem para abrir a cabe\u00e7a e ampliar a vis\u00e3o. Por isso, agradecemos \u00e0 equipe da revista, que novamente provou seu profissionalismo e compromisso com a informa\u00e7\u00e3o, e tamb\u00e9m \u00e0 Ag\u00eancia Sueca de Coopera\u00e7\u00e3o Internacional (SIDA), patrocinadora deste projeto da GRI. Agradecimentos especiais aos entrevistados e membros do Comit\u00ea Editorial desta edi\u00e7\u00e3o.<\/p>\r\n\r\n\r\n\r\n<p><em><strong>Glaucia Terreo, diretora da GRI no Brasil<\/strong><\/em><\/p>\r\n\r\n\r\n\r\n<p>Foto: Jules A.\/ Unsplash<\/p>\r\n","protected":false},"excerpt":{"rendered":"<p>Pr\u00f3ximo desafio: escala e velocidade Em maio de 2008, a P\u00e1gina22 publicou uma edi\u00e7\u00e3o explicando por que era t\u00e3o importante o mercado financeiro se integrar ao debate da sustentabilidade. Doze anos depois, \u00e9 gratificante noticiar que, antes tarde do que nunca, as finan\u00e7as n\u00e3o s\u00f3 embarcaram no tema, como est\u00e3o puxando a r\u00e9gua para cima, [&hellip;]<\/p>\n","protected":false},"author":3,"featured_media":3023,"comment_status":"closed","ping_status":"closed","sticky":false,"template":"","format":"standard","meta":{"footnotes":""},"categories":[2215],"tags":[2238,1181,2220,2218,644,2237,237,2217,2208,2213,2239,2219,2221,2240,828],"yoast_head":"<!-- This site is optimized with the Yoast SEO plugin v21.5 - https:\/\/yoast.com\/wordpress\/plugins\/seo\/ -->\n<title>Editorial e Mensagem da GRI<\/title>\n<meta name=\"description\" content=\"Pr\u00f3ximo desafio: escala e velocidade Em maio de 2008, a P\u00e1gina22 publicou uma edi\u00e7\u00e3o explicando por que era t\u00e3o importante o mercado financeiro se integrar ao debate da sustentabilidade. Doze anos depois, \u00e9 gratificante noticiar que, antes tarde do que nunca, as finan\u00e7as n\u00e3o s\u00f3 embarcaram no tema, como est\u00e3o puxando a r\u00e9gua para cima,&hellip;\" \/>\n<meta name=\"robots\" content=\"index, follow, max-snippet:-1, max-image-preview:large, max-video-preview:-1\" \/>\n<link rel=\"canonical\" href=\"https:\/\/www.p22on.com.br\/2020\/10\/24\/editorial-e-mensagem-da-gri\/\" \/>\n<meta property=\"og:locale\" content=\"en_US\" \/>\n<meta property=\"og:type\" content=\"article\" \/>\n<meta property=\"og:title\" content=\"Editorial e Mensagem da GRI\" \/>\n<meta property=\"og:description\" content=\"Pr\u00f3ximo desafio: escala e velocidade Em maio de 2008, a P\u00e1gina22 publicou uma edi\u00e7\u00e3o explicando por que era t\u00e3o importante o mercado financeiro se integrar ao debate da sustentabilidade. Doze anos depois, \u00e9 gratificante noticiar que, antes tarde do que nunca, as finan\u00e7as n\u00e3o s\u00f3 embarcaram no tema, como est\u00e3o puxando a r\u00e9gua para cima,&hellip;\" \/>\n<meta property=\"og:url\" content=\"https:\/\/www.p22on.com.br\/2020\/10\/24\/editorial-e-mensagem-da-gri\/\" \/>\n<meta property=\"og:site_name\" content=\"P22_ON\" \/>\n<meta property=\"article:publisher\" content=\"https:\/\/www.facebook.com\/p22on\" \/>\n<meta property=\"article:published_time\" content=\"2020-10-24T15:17:46+00:00\" \/>\n<meta property=\"article:modified_time\" content=\"2022-02-22T11:10:25+00:00\" \/>\n<meta property=\"og:image\" content=\"https:\/\/www.p22on.com.br\/wp-content\/uploads\/2020\/10\/letter.png\" \/>\n\t<meta property=\"og:image:width\" content=\"971\" \/>\n\t<meta property=\"og:image:height\" content=\"519\" \/>\n\t<meta property=\"og:image:type\" content=\"image\/png\" \/>\n<meta name=\"author\" content=\"P\u00e1gina22\" \/>\n<meta name=\"twitter:card\" content=\"summary_large_image\" \/>\n<meta name=\"twitter:creator\" content=\"@p22on\" \/>\n<meta name=\"twitter:site\" content=\"@p22on\" \/>\n<meta name=\"twitter:label1\" content=\"Written by\" \/>\n\t<meta name=\"twitter:data1\" content=\"P\u00e1gina22\" \/>\n\t<meta name=\"twitter:label2\" content=\"Est. reading time\" \/>\n\t<meta name=\"twitter:data2\" content=\"4 minutes\" \/>\n<script type=\"application\/ld+json\" class=\"yoast-schema-graph\">{\"@context\":\"https:\/\/schema.org\",\"@graph\":[{\"@type\":\"WebPage\",\"@id\":\"https:\/\/www.p22on.com.br\/2020\/10\/24\/editorial-e-mensagem-da-gri\/\",\"url\":\"https:\/\/www.p22on.com.br\/2020\/10\/24\/editorial-e-mensagem-da-gri\/\",\"name\":\"Editorial e Mensagem da GRI - P22_ON\",\"isPartOf\":{\"@id\":\"https:\/\/www.p22on.com.br\/#website\"},\"datePublished\":\"2020-10-24T15:17:46+00:00\",\"dateModified\":\"2022-02-22T11:10:25+00:00\",\"author\":{\"@id\":\"https:\/\/www.p22on.com.br\/#\/schema\/person\/7fc895a9bd2ec411fd1454b133e7b0da\"},\"breadcrumb\":{\"@id\":\"https:\/\/www.p22on.com.br\/2020\/10\/24\/editorial-e-mensagem-da-gri\/#breadcrumb\"},\"inLanguage\":\"en-US\",\"potentialAction\":[{\"@type\":\"ReadAction\",\"target\":[\"https:\/\/www.p22on.com.br\/2020\/10\/24\/editorial-e-mensagem-da-gri\/\"]}]},{\"@type\":\"BreadcrumbList\",\"@id\":\"https:\/\/www.p22on.com.br\/2020\/10\/24\/editorial-e-mensagem-da-gri\/#breadcrumb\",\"itemListElement\":[{\"@type\":\"ListItem\",\"position\":1,\"name\":\"In\u00edcio\",\"item\":\"https:\/\/www.p22on.com.br\/\"},{\"@type\":\"ListItem\",\"position\":2,\"name\":\"Editorial e Mensagem da GRI\"}]},{\"@type\":\"WebSite\",\"@id\":\"https:\/\/www.p22on.com.br\/#website\",\"url\":\"https:\/\/www.p22on.com.br\/\",\"name\":\"P22_ON\",\"description\":\"\",\"potentialAction\":[{\"@type\":\"SearchAction\",\"target\":{\"@type\":\"EntryPoint\",\"urlTemplate\":\"https:\/\/www.p22on.com.br\/?s={search_term_string}\"},\"query-input\":\"required name=search_term_string\"}],\"inLanguage\":\"en-US\"},{\"@type\":\"Person\",\"@id\":\"https:\/\/www.p22on.com.br\/#\/schema\/person\/7fc895a9bd2ec411fd1454b133e7b0da\",\"name\":\"P\u00e1gina22\",\"image\":{\"@type\":\"ImageObject\",\"inLanguage\":\"en-US\",\"@id\":\"https:\/\/www.p22on.com.br\/#\/schema\/person\/image\/\",\"url\":\"https:\/\/secure.gravatar.com\/avatar\/75bff9c570b228ec0455ff0788a3e2f4?s=96&d=mm&r=g\",\"contentUrl\":\"https:\/\/secure.gravatar.com\/avatar\/75bff9c570b228ec0455ff0788a3e2f4?s=96&d=mm&r=g\",\"caption\":\"P\u00e1gina22\"},\"url\":\"https:\/\/www.p22on.com.br\/author\/pagina22\/\"}]}<\/script>\n<!-- \/ Yoast SEO plugin. -->","yoast_head_json":{"title":"Editorial e Mensagem da GRI","description":"Pr\u00f3ximo desafio: escala e velocidade Em maio de 2008, a P\u00e1gina22 publicou uma edi\u00e7\u00e3o explicando por que era t\u00e3o importante o mercado financeiro se integrar ao debate da sustentabilidade. Doze anos depois, \u00e9 gratificante noticiar que, antes tarde do que nunca, as finan\u00e7as n\u00e3o s\u00f3 embarcaram no tema, como est\u00e3o puxando a r\u00e9gua para cima,&hellip;","robots":{"index":"index","follow":"follow","max-snippet":"max-snippet:-1","max-image-preview":"max-image-preview:large","max-video-preview":"max-video-preview:-1"},"canonical":"https:\/\/www.p22on.com.br\/2020\/10\/24\/editorial-e-mensagem-da-gri\/","og_locale":"en_US","og_type":"article","og_title":"Editorial e Mensagem da GRI","og_description":"Pr\u00f3ximo desafio: escala e velocidade Em maio de 2008, a P\u00e1gina22 publicou uma edi\u00e7\u00e3o explicando por que era t\u00e3o importante o mercado financeiro se integrar ao debate da sustentabilidade. Doze anos depois, \u00e9 gratificante noticiar que, antes tarde do que nunca, as finan\u00e7as n\u00e3o s\u00f3 embarcaram no tema, como est\u00e3o puxando a r\u00e9gua para cima,&hellip;","og_url":"https:\/\/www.p22on.com.br\/2020\/10\/24\/editorial-e-mensagem-da-gri\/","og_site_name":"P22_ON","article_publisher":"https:\/\/www.facebook.com\/p22on","article_published_time":"2020-10-24T15:17:46+00:00","article_modified_time":"2022-02-22T11:10:25+00:00","og_image":[{"width":971,"height":519,"url":"https:\/\/www.p22on.com.br\/wp-content\/uploads\/2020\/10\/letter.png","type":"image\/png"}],"author":"P\u00e1gina22","twitter_card":"summary_large_image","twitter_creator":"@p22on","twitter_site":"@p22on","twitter_misc":{"Written by":"P\u00e1gina22","Est. reading time":"4 minutes"},"schema":{"@context":"https:\/\/schema.org","@graph":[{"@type":"WebPage","@id":"https:\/\/www.p22on.com.br\/2020\/10\/24\/editorial-e-mensagem-da-gri\/","url":"https:\/\/www.p22on.com.br\/2020\/10\/24\/editorial-e-mensagem-da-gri\/","name":"Editorial e Mensagem da GRI - P22_ON","isPartOf":{"@id":"https:\/\/www.p22on.com.br\/#website"},"datePublished":"2020-10-24T15:17:46+00:00","dateModified":"2022-02-22T11:10:25+00:00","author":{"@id":"https:\/\/www.p22on.com.br\/#\/schema\/person\/7fc895a9bd2ec411fd1454b133e7b0da"},"breadcrumb":{"@id":"https:\/\/www.p22on.com.br\/2020\/10\/24\/editorial-e-mensagem-da-gri\/#breadcrumb"},"inLanguage":"en-US","potentialAction":[{"@type":"ReadAction","target":["https:\/\/www.p22on.com.br\/2020\/10\/24\/editorial-e-mensagem-da-gri\/"]}]},{"@type":"BreadcrumbList","@id":"https:\/\/www.p22on.com.br\/2020\/10\/24\/editorial-e-mensagem-da-gri\/#breadcrumb","itemListElement":[{"@type":"ListItem","position":1,"name":"In\u00edcio","item":"https:\/\/www.p22on.com.br\/"},{"@type":"ListItem","position":2,"name":"Editorial e Mensagem da GRI"}]},{"@type":"WebSite","@id":"https:\/\/www.p22on.com.br\/#website","url":"https:\/\/www.p22on.com.br\/","name":"P22_ON","description":"","potentialAction":[{"@type":"SearchAction","target":{"@type":"EntryPoint","urlTemplate":"https:\/\/www.p22on.com.br\/?s={search_term_string}"},"query-input":"required name=search_term_string"}],"inLanguage":"en-US"},{"@type":"Person","@id":"https:\/\/www.p22on.com.br\/#\/schema\/person\/7fc895a9bd2ec411fd1454b133e7b0da","name":"P\u00e1gina22","image":{"@type":"ImageObject","inLanguage":"en-US","@id":"https:\/\/www.p22on.com.br\/#\/schema\/person\/image\/","url":"https:\/\/secure.gravatar.com\/avatar\/75bff9c570b228ec0455ff0788a3e2f4?s=96&d=mm&r=g","contentUrl":"https:\/\/secure.gravatar.com\/avatar\/75bff9c570b228ec0455ff0788a3e2f4?s=96&d=mm&r=g","caption":"P\u00e1gina22"},"url":"https:\/\/www.p22on.com.br\/author\/pagina22\/"}]}},"_links":{"self":[{"href":"https:\/\/www.p22on.com.br\/wp-json\/wp\/v2\/posts\/2994"}],"collection":[{"href":"https:\/\/www.p22on.com.br\/wp-json\/wp\/v2\/posts"}],"about":[{"href":"https:\/\/www.p22on.com.br\/wp-json\/wp\/v2\/types\/post"}],"author":[{"embeddable":true,"href":"https:\/\/www.p22on.com.br\/wp-json\/wp\/v2\/users\/3"}],"replies":[{"embeddable":true,"href":"https:\/\/www.p22on.com.br\/wp-json\/wp\/v2\/comments?post=2994"}],"version-history":[{"count":13,"href":"https:\/\/www.p22on.com.br\/wp-json\/wp\/v2\/posts\/2994\/revisions"}],"predecessor-version":[{"id":3737,"href":"https:\/\/www.p22on.com.br\/wp-json\/wp\/v2\/posts\/2994\/revisions\/3737"}],"wp:featuredmedia":[{"embeddable":true,"href":"https:\/\/www.p22on.com.br\/wp-json\/wp\/v2\/media\/3023"}],"wp:attachment":[{"href":"https:\/\/www.p22on.com.br\/wp-json\/wp\/v2\/media?parent=2994"}],"wp:term":[{"taxonomy":"category","embeddable":true,"href":"https:\/\/www.p22on.com.br\/wp-json\/wp\/v2\/categories?post=2994"},{"taxonomy":"post_tag","embeddable":true,"href":"https:\/\/www.p22on.com.br\/wp-json\/wp\/v2\/tags?post=2994"}],"curies":[{"name":"wp","href":"https:\/\/api.w.org\/{rel}","templated":true}]}}