{"id":3141,"date":"2021-06-01T15:50:51","date_gmt":"2021-06-01T18:50:51","guid":{"rendered":"http:\/\/www.p22on.com.br\/?p=3141"},"modified":"2022-02-22T08:03:48","modified_gmt":"2022-02-22T11:03:48","slug":"o-continuo-florestal-e-a-continuidade-das-florestas","status":"publish","type":"post","link":"https:\/\/www.p22on.com.br\/2021\/06\/01\/o-continuo-florestal-e-a-continuidade-das-florestas\/","title":{"rendered":"O cont\u00ednuo florestal \u2013 e a continuidade das florestas"},"content":{"rendered":"<p><strong><em>Muito j\u00e1 se debateu sobre conceitos ligados \u00e0 natureza. Mas n\u00e3o precisamos disso para um mergulho no mundo florestal. As crescentes perspectivas das Solu\u00e7\u00f5es baseadas na Natureza e o debate pol\u00edtico, fiscal e econ\u00f4mico sobre a bioeconomia indicam que as florestas oferecem um amplo espectro de possibilidades \u2013 monetiz\u00e1veis ou n\u00e3o<\/em><\/strong><\/p>\r\n\r\n\r\n\r\n<p><em>Por <strong>Roberto Silva Waack<\/strong>*<\/em><\/p>\r\n\r\n\r\n\r\n<p class=\"has-drop-cap\">Em 2005 desenvolveu-se, na Alta Corte Brit\u00e2nica, sob lideran\u00e7a do juiz Ross Cranston (atualmente professor na London School of Economics), uma longa disputa judicial imposta a respeito da preserva\u00e7\u00e3o de um local denominado Land at Bore Hole and Trenchmann\u2019s Wharf \u2013 nome intraduz\u00edvel para a manuten\u00e7\u00e3o de algum romantismo na hist\u00f3ria. O tema da contenda era a defini\u00e7\u00e3o de uma \u00e1rvore. O parecer do juiz Cranston conteve 12 mil palavras para concluir que n\u00e3o h\u00e1 uma defini\u00e7\u00e3o jur\u00eddica para uma \u00e1rvore. Ele declarou que uma \u00e1rvore \u00e9 mais do que uma muda de um indiv\u00edduo arb\u00f3reo futuro, e tamb\u00e9m inclui aquelas plantas que poder\u00e3o vir a germinar em um determinado bosque \u2013 que pode ainda n\u00e3o existir como tal. Ou seja, como passou a ser ironicamente tratada a decis\u00e3o, \u201cuma \u00e1rvore n\u00e3o precisa existir para ser uma \u00e1rvore\u201d.<\/p>\r\n\r\n\r\n\r\n<p>O caso bizarro contrap\u00f4s-se \u00e0 vis\u00e3o de outra imponente personalidade, Lord Denning, segundo a qual uma planta \u00e9 uma \u00e1rvore apenas se seu tronco tiver um di\u00e2metro de ao menos sete polegadas. Vale apontar que Lord Denning ocupava a posi\u00e7\u00e3o de Keeper or Master of the Rolls and Records of the Chancery of England (presidente da Corte de Apela\u00e7\u00e3o do Reino Unido), institui\u00e7\u00e3o existente desde 1286.<\/p>\r\n\r\n\r\n\r\n<p>O epis\u00f3dio envolveu tamb\u00e9m os comp\u00eandios da engenharia florestal, com boas explica\u00e7\u00f5es biol\u00f3gicas, em geral focadas em m\u00e9tricas e aspectos f\u00edsicos, como presen\u00e7a de tecido lenhoso, caule perene com di\u00e2metros e alturas especificadas e que usualmente produzem galhos. Apesar das in\u00fameras abordagens agroflorestais, curiosamente n\u00e3o h\u00e1 uma defini\u00e7\u00e3o cient\u00edfica taxon\u00f4mica para esse tipo de planta \u2013 assim como concluiu o juiz Cranston de que n\u00e3o existe uma defini\u00e7\u00e3o jur\u00eddica para uma \u00e1rvore.<\/p>\r\n\r\n\r\n\r\n<p>O mundo vive hoje um novo debate conceitual: o que s\u00e3o as Nature-based Solutions ou Solu\u00e7\u00f5es baseadas na Natureza (SBN)? Qual a abrang\u00eancia da bioeconomia? Uma abordagem gen\u00e9rica indica a converg\u00eancia entre SBN e bioeconomia. No entanto, um intenso debate se d\u00e1 em torno dessas defini\u00e7\u00f5es. Para organiza\u00e7\u00f5es do meio acad\u00eamico e da sociedade civil, SBN envolvem a\u00e7\u00f5es de prote\u00e7\u00e3o, gest\u00e3o sustent\u00e1vel, restaura\u00e7\u00e3o ou modifica\u00e7\u00e3o de ecossistemas que combinem benef\u00edcios \u00e0 biodiversidade e ao bem-estar humano. Atores envolvidos em pol\u00edticas p\u00fablicas, investidores e setor empresarial tendem a uma abordagem ampla, englobando atividades que envolvam a produ\u00e7\u00e3o de externalidades positivas oriundas da explora\u00e7\u00e3o de recursos naturais (<em>mais sobre SBN <a href=\"http:\/\/www.p22on.com.br\/sbn\/\" target=\"_blank\" rel=\"noreferrer noopener\" aria-label=\" (abre numa nova aba)\">nesta edi\u00e7\u00e3o<\/a><\/em>).<\/p>\r\n\r\n<blockquote>\r\n<p>Este tipo de discuss\u00e3o n\u00e3o \u00e9 irrelevante. A sociedade parece ter despertado para a revis\u00e3o de sua conex\u00e3o com a natureza de uma maneira mais profunda. Entre a abordagem ampla das Solu\u00e7\u00f5es baseadas na Natureza e o intenso debate sobre Green New Deal e bioeconomia, est\u00e3o as oportunidades que envolvem as florestas.<\/p>\r\n<\/blockquote>\r\n<!-- \/wp:paragraph -->\r\n\r\n<!-- wp:paragraph -->\r\n<p>Al\u00e9m do milenar uso desse tipo de ecossistema para finalidades energ\u00e9ticas e constru\u00e7\u00e3o, da secular aplica\u00e7\u00e3o na produ\u00e7\u00e3o de papel e tecidos, e das mais recentes aplica\u00e7\u00f5es em biomateriais de alto valor agregado, crescem as discuss\u00f5es sobre o impacto em mudan\u00e7a clim\u00e1tica, recursos h\u00eddricos, biodiversidade, respeito aos povos originais, demanda por restaura\u00e7\u00e3o para resolver passivos ambientais, descarboniza\u00e7\u00e3o de commodities (min\u00e9rios, gr\u00e3os, carne) e endere\u00e7amento de elementos reputacionais que afetam negocia\u00e7\u00f5es internacionais, organiza\u00e7\u00f5es financeiras e seguradoras.<\/p>\r\n<!-- \/wp:paragraph -->\r\n\r\n<!-- wp:paragraph -->\r\n<p>Mas&#8230; o que s\u00e3o florestas? Provavelmente, como nos casos anteriores, a defini\u00e7\u00e3o \u00e9 imprecisa, dependente de biomas, culturas e usos.<\/p>\r\n<!-- \/wp:paragraph -->\r\n\r\n<!-- wp:paragraph -->\r\n<p><strong>Formas de relacionamento<\/strong><\/p>\r\n<!-- \/wp:paragraph -->\r\n\r\n<!-- wp:paragraph -->\r\n<p>O conceito de cont\u00ednuo florestal \u00e9 uma alternativa para tratar, sob diferentes formas, do relacionamento humano com florestas. O cont\u00ednuo inicia-se com a preserva\u00e7\u00e3o permanente de maci\u00e7os florestais intocados, segue em um crescente de interven\u00e7\u00e3o humana com o manejo sustent\u00e1vel, passa ao enriquecimento silvicultural de florestas degradadas, avan\u00e7a na restaura\u00e7\u00e3o de \u00e1reas convertidas com o plantio biodiverso e depois para o plantio pouco diverso, inclui o plantio de esp\u00e9cies ex\u00f3ticas de ciclo longo (eventualmente combinadas com esp\u00e9cies nativas) e termina, no extremo, com o plantio de monoculturas de esp\u00e9cies como o eucalipto.<\/p>\r\n<!-- \/wp:paragraph -->\r\n\r\n<!-- wp:paragraph -->\r\n<p>Ao longo do cont\u00ednuo florestal, todas as alternativas geram algum tipo de impacto positivo. A conserva\u00e7\u00e3o pura garante a perman\u00eancia do carbono no ambiente, dentro de um padr\u00e3o natural de equil\u00edbrio, sem emiss\u00e3o de gases de efeito estufa. Assegura que recursos h\u00eddricos se mantenham. Do outro lado do cont\u00ednuo, os plantios intensos de \u00e1rvores em monoculturas integradas a \u00c1reas de Preserva\u00e7\u00e3o Permanente (mosaicos) proporcionam uma acelerada absor\u00e7\u00e3o de carbono atmosf\u00e9rico.<\/p>\r\n<!-- \/wp:paragraph -->\r\n\r\n<!-- wp:paragraph -->\r\n<p>Restaura\u00e7\u00f5es com repovoamento florestal com esp\u00e9cies nativas, al\u00e9m de recomposi\u00e7\u00e3o da biodiversidade, podem gerar produtos madeireiros e n\u00e3o madeireiros, com impactos socioecon\u00f4micos relevantes, al\u00e9m de prover servi\u00e7os ambientais. O manejo florestal sustent\u00e1vel, mesmo com a retirada de algumas \u00e1rvores, garante a perman\u00eancia da floresta em regi\u00f5es com alta press\u00e3o para convers\u00e3o, gerando renda e produtos com aplica\u00e7\u00f5es na movelaria e constru\u00e7\u00e3o civil, substituindo materiais altamente emissores de gases de efeito estufa, como concreto, pl\u00e1stico e metais. Estudos indicam que a germina\u00e7\u00e3o de sementes dormentes e o crescimento de indiv\u00edduos jovens nas clareiras e vias de acesso promovem absor\u00e7\u00e3o de carbono.<\/p>\r\n<!-- \/wp:paragraph -->\r\n\r\n<!-- wp:paragraph -->\r\n<p>O cont\u00ednuo florestal incorpora tamb\u00e9m sistemas agroflorestais e a Integra\u00e7\u00e3o Lavoura, Pecu\u00e1ria e Floresta (ILPF). Esses mosaicos de uso do solo se enquadram na abordagem mais ampla das Solu\u00e7\u00f5es Baseadas na Natureza, uma vez que garantem preserva\u00e7\u00e3o, restaura\u00e7\u00e3o e produ\u00e7\u00e3o combinada com benef\u00edcios \u00e0 biodiversidade e ao bem-estar humano (<em>leia mais sobre cont\u00ednuo florestal e restaura\u00e7\u00e3o <a href=\"https:\/\/pagina22.com.br\/2020\/05\/18\/restauracao-florestal-mudanca-de-escala-a-vista\/\" target=\"_blank\" rel=\"noreferrer noopener\" aria-label=\" (abre numa nova aba)\">neste artigo<\/a><\/em>).<\/p>\r\n<!-- \/wp:paragraph -->\r\n\r\n<!-- wp:paragraph -->\r\n<p>Considerando as mais de 60 mil esp\u00e9cies arb\u00f3reas existentes no planeta e as centenas de possibilidades de suas aplica\u00e7\u00f5es, para definir cont\u00ednuo florestal seriam necess\u00e1rias bem mais que as 12 mil palavras do juiz Cranson e o contraponto de Lord Denning. No entanto, n\u00e3o precisamos delas para um mergulho no mundo florestal. As crescentes perspectivas das SBN e o debate pol\u00edtico, fiscal e econ\u00f4mico sobre a bioeconomia indicam que as florestas oferecem um amplo espectro de possibilidades \u2013 monetiz\u00e1veis ou n\u00e3o (mas essa \u00e9 outra interessante hist\u00f3ria).<\/p>\r\n<!-- \/wp:paragraph -->\r\n\r\n<!-- wp:paragraph -->\r\n<p><em>* Bi\u00f3logo e empres\u00e1rio, \u00e9 membro da iniciativa Uma Concerta\u00e7\u00e3o pela Amaz\u00f4nia. Preside o Conselho do Instituto Arapya\u00fa e participa do Conselho Consultivo do WWF-Brasil e dos conselhos da Marfrig e da Coaliz\u00e3o Brasil Clima, Florestas e Agricultura. <\/em><\/p>\r\n<!-- \/wp:paragraph -->\r\n\r\n<!-- wp:paragraph --><!-- \/wp:paragraph -->","protected":false},"excerpt":{"rendered":"<p>Muito j\u00e1 se debateu sobre conceitos ligados \u00e0 natureza. Mas n\u00e3o precisamos disso para um mergulho no mundo florestal. As crescentes perspectivas das Solu\u00e7\u00f5es baseadas na Natureza e o debate pol\u00edtico, fiscal e econ\u00f4mico sobre a bioeconomia indicam que as florestas oferecem um amplo espectro de possibilidades \u2013 monetiz\u00e1veis ou n\u00e3o Por Roberto Silva Waack* [&hellip;]<\/p>\n","protected":false},"author":3,"featured_media":3237,"comment_status":"closed","ping_status":"closed","sticky":false,"template":"","format":"standard","meta":{"footnotes":""},"categories":[2421],"tags":[301,2425,2423,2352,2433,2422,1488,1857,2306,2426,2428,2437,2427,2424,1661,1878,1971,2240,197],"yoast_head":"<!-- This site is optimized with the Yoast SEO plugin v21.5 - https:\/\/yoast.com\/wordpress\/plugins\/seo\/ -->\n<title>O cont\u00ednuo florestal \u2013 e a continuidade das florestas<\/title>\n<meta name=\"description\" content=\"Muito j\u00e1 se debateu sobre conceitos ligados \u00e0 natureza. Mas n\u00e3o precisamos disso para um mergulho no mundo florestal. As crescentes perspectivas das Solu\u00e7\u00f5es baseadas na Natureza e o debate pol\u00edtico, fiscal e econ\u00f4mico sobre a bioeconomia indicam que as florestas oferecem um amplo espectro de possibilidades \u2013 monetiz\u00e1veis ou n\u00e3o Por Roberto Silva Waack*&hellip;\" \/>\n<meta name=\"robots\" content=\"index, follow, max-snippet:-1, max-image-preview:large, max-video-preview:-1\" \/>\n<link rel=\"canonical\" href=\"https:\/\/www.p22on.com.br\/2021\/06\/01\/o-continuo-florestal-e-a-continuidade-das-florestas\/\" \/>\n<meta property=\"og:locale\" content=\"en_US\" \/>\n<meta property=\"og:type\" content=\"article\" \/>\n<meta property=\"og:title\" content=\"O cont\u00ednuo florestal \u2013 e a continuidade das florestas\" \/>\n<meta property=\"og:description\" content=\"Muito j\u00e1 se debateu sobre conceitos ligados \u00e0 natureza. Mas n\u00e3o precisamos disso para um mergulho no mundo florestal. As crescentes perspectivas das Solu\u00e7\u00f5es baseadas na Natureza e o debate pol\u00edtico, fiscal e econ\u00f4mico sobre a bioeconomia indicam que as florestas oferecem um amplo espectro de possibilidades \u2013 monetiz\u00e1veis ou n\u00e3o Por Roberto Silva Waack*&hellip;\" \/>\n<meta property=\"og:url\" content=\"https:\/\/www.p22on.com.br\/2021\/06\/01\/o-continuo-florestal-e-a-continuidade-das-florestas\/\" \/>\n<meta property=\"og:site_name\" content=\"P22_ON\" \/>\n<meta property=\"article:publisher\" content=\"https:\/\/www.facebook.com\/p22on\" \/>\n<meta property=\"article:published_time\" content=\"2021-06-01T18:50:51+00:00\" \/>\n<meta property=\"article:modified_time\" content=\"2022-02-22T11:03:48+00:00\" \/>\n<meta property=\"og:image\" content=\"https:\/\/www.p22on.com.br\/wp-content\/uploads\/2021\/06\/Screen-Shot-2021-06-07-at-10.33.12.png\" \/>\n\t<meta property=\"og:image:width\" content=\"743\" \/>\n\t<meta property=\"og:image:height\" content=\"552\" \/>\n\t<meta property=\"og:image:type\" content=\"image\/png\" \/>\n<meta name=\"author\" content=\"P\u00e1gina22\" \/>\n<meta name=\"twitter:card\" content=\"summary_large_image\" \/>\n<meta name=\"twitter:creator\" content=\"@p22on\" \/>\n<meta name=\"twitter:site\" content=\"@p22on\" \/>\n<meta name=\"twitter:label1\" content=\"Written by\" \/>\n\t<meta name=\"twitter:data1\" content=\"P\u00e1gina22\" \/>\n\t<meta name=\"twitter:label2\" content=\"Est. reading time\" \/>\n\t<meta name=\"twitter:data2\" content=\"6 minutes\" \/>\n<script type=\"application\/ld+json\" class=\"yoast-schema-graph\">{\"@context\":\"https:\/\/schema.org\",\"@graph\":[{\"@type\":\"WebPage\",\"@id\":\"https:\/\/www.p22on.com.br\/2021\/06\/01\/o-continuo-florestal-e-a-continuidade-das-florestas\/\",\"url\":\"https:\/\/www.p22on.com.br\/2021\/06\/01\/o-continuo-florestal-e-a-continuidade-das-florestas\/\",\"name\":\"O cont\u00ednuo florestal \u2013 e a continuidade das florestas - P22_ON\",\"isPartOf\":{\"@id\":\"https:\/\/www.p22on.com.br\/#website\"},\"datePublished\":\"2021-06-01T18:50:51+00:00\",\"dateModified\":\"2022-02-22T11:03:48+00:00\",\"author\":{\"@id\":\"https:\/\/www.p22on.com.br\/#\/schema\/person\/7fc895a9bd2ec411fd1454b133e7b0da\"},\"breadcrumb\":{\"@id\":\"https:\/\/www.p22on.com.br\/2021\/06\/01\/o-continuo-florestal-e-a-continuidade-das-florestas\/#breadcrumb\"},\"inLanguage\":\"en-US\",\"potentialAction\":[{\"@type\":\"ReadAction\",\"target\":[\"https:\/\/www.p22on.com.br\/2021\/06\/01\/o-continuo-florestal-e-a-continuidade-das-florestas\/\"]}]},{\"@type\":\"BreadcrumbList\",\"@id\":\"https:\/\/www.p22on.com.br\/2021\/06\/01\/o-continuo-florestal-e-a-continuidade-das-florestas\/#breadcrumb\",\"itemListElement\":[{\"@type\":\"ListItem\",\"position\":1,\"name\":\"In\u00edcio\",\"item\":\"https:\/\/www.p22on.com.br\/\"},{\"@type\":\"ListItem\",\"position\":2,\"name\":\"O cont\u00ednuo florestal \u2013 e a continuidade das florestas\"}]},{\"@type\":\"WebSite\",\"@id\":\"https:\/\/www.p22on.com.br\/#website\",\"url\":\"https:\/\/www.p22on.com.br\/\",\"name\":\"P22_ON\",\"description\":\"\",\"potentialAction\":[{\"@type\":\"SearchAction\",\"target\":{\"@type\":\"EntryPoint\",\"urlTemplate\":\"https:\/\/www.p22on.com.br\/?s={search_term_string}\"},\"query-input\":\"required name=search_term_string\"}],\"inLanguage\":\"en-US\"},{\"@type\":\"Person\",\"@id\":\"https:\/\/www.p22on.com.br\/#\/schema\/person\/7fc895a9bd2ec411fd1454b133e7b0da\",\"name\":\"P\u00e1gina22\",\"image\":{\"@type\":\"ImageObject\",\"inLanguage\":\"en-US\",\"@id\":\"https:\/\/www.p22on.com.br\/#\/schema\/person\/image\/\",\"url\":\"https:\/\/secure.gravatar.com\/avatar\/75bff9c570b228ec0455ff0788a3e2f4?s=96&d=mm&r=g\",\"contentUrl\":\"https:\/\/secure.gravatar.com\/avatar\/75bff9c570b228ec0455ff0788a3e2f4?s=96&d=mm&r=g\",\"caption\":\"P\u00e1gina22\"},\"url\":\"https:\/\/www.p22on.com.br\/author\/pagina22\/\"}]}<\/script>\n<!-- \/ Yoast SEO plugin. -->","yoast_head_json":{"title":"O cont\u00ednuo florestal \u2013 e a continuidade das florestas","description":"Muito j\u00e1 se debateu sobre conceitos ligados \u00e0 natureza. Mas n\u00e3o precisamos disso para um mergulho no mundo florestal. As crescentes perspectivas das Solu\u00e7\u00f5es baseadas na Natureza e o debate pol\u00edtico, fiscal e econ\u00f4mico sobre a bioeconomia indicam que as florestas oferecem um amplo espectro de possibilidades \u2013 monetiz\u00e1veis ou n\u00e3o Por Roberto Silva Waack*&hellip;","robots":{"index":"index","follow":"follow","max-snippet":"max-snippet:-1","max-image-preview":"max-image-preview:large","max-video-preview":"max-video-preview:-1"},"canonical":"https:\/\/www.p22on.com.br\/2021\/06\/01\/o-continuo-florestal-e-a-continuidade-das-florestas\/","og_locale":"en_US","og_type":"article","og_title":"O cont\u00ednuo florestal \u2013 e a continuidade das florestas","og_description":"Muito j\u00e1 se debateu sobre conceitos ligados \u00e0 natureza. Mas n\u00e3o precisamos disso para um mergulho no mundo florestal. As crescentes perspectivas das Solu\u00e7\u00f5es baseadas na Natureza e o debate pol\u00edtico, fiscal e econ\u00f4mico sobre a bioeconomia indicam que as florestas oferecem um amplo espectro de possibilidades \u2013 monetiz\u00e1veis ou n\u00e3o Por Roberto Silva Waack*&hellip;","og_url":"https:\/\/www.p22on.com.br\/2021\/06\/01\/o-continuo-florestal-e-a-continuidade-das-florestas\/","og_site_name":"P22_ON","article_publisher":"https:\/\/www.facebook.com\/p22on","article_published_time":"2021-06-01T18:50:51+00:00","article_modified_time":"2022-02-22T11:03:48+00:00","og_image":[{"width":743,"height":552,"url":"https:\/\/www.p22on.com.br\/wp-content\/uploads\/2021\/06\/Screen-Shot-2021-06-07-at-10.33.12.png","type":"image\/png"}],"author":"P\u00e1gina22","twitter_card":"summary_large_image","twitter_creator":"@p22on","twitter_site":"@p22on","twitter_misc":{"Written by":"P\u00e1gina22","Est. reading time":"6 minutes"},"schema":{"@context":"https:\/\/schema.org","@graph":[{"@type":"WebPage","@id":"https:\/\/www.p22on.com.br\/2021\/06\/01\/o-continuo-florestal-e-a-continuidade-das-florestas\/","url":"https:\/\/www.p22on.com.br\/2021\/06\/01\/o-continuo-florestal-e-a-continuidade-das-florestas\/","name":"O cont\u00ednuo florestal \u2013 e a continuidade das florestas - P22_ON","isPartOf":{"@id":"https:\/\/www.p22on.com.br\/#website"},"datePublished":"2021-06-01T18:50:51+00:00","dateModified":"2022-02-22T11:03:48+00:00","author":{"@id":"https:\/\/www.p22on.com.br\/#\/schema\/person\/7fc895a9bd2ec411fd1454b133e7b0da"},"breadcrumb":{"@id":"https:\/\/www.p22on.com.br\/2021\/06\/01\/o-continuo-florestal-e-a-continuidade-das-florestas\/#breadcrumb"},"inLanguage":"en-US","potentialAction":[{"@type":"ReadAction","target":["https:\/\/www.p22on.com.br\/2021\/06\/01\/o-continuo-florestal-e-a-continuidade-das-florestas\/"]}]},{"@type":"BreadcrumbList","@id":"https:\/\/www.p22on.com.br\/2021\/06\/01\/o-continuo-florestal-e-a-continuidade-das-florestas\/#breadcrumb","itemListElement":[{"@type":"ListItem","position":1,"name":"In\u00edcio","item":"https:\/\/www.p22on.com.br\/"},{"@type":"ListItem","position":2,"name":"O cont\u00ednuo florestal \u2013 e a continuidade das florestas"}]},{"@type":"WebSite","@id":"https:\/\/www.p22on.com.br\/#website","url":"https:\/\/www.p22on.com.br\/","name":"P22_ON","description":"","potentialAction":[{"@type":"SearchAction","target":{"@type":"EntryPoint","urlTemplate":"https:\/\/www.p22on.com.br\/?s={search_term_string}"},"query-input":"required name=search_term_string"}],"inLanguage":"en-US"},{"@type":"Person","@id":"https:\/\/www.p22on.com.br\/#\/schema\/person\/7fc895a9bd2ec411fd1454b133e7b0da","name":"P\u00e1gina22","image":{"@type":"ImageObject","inLanguage":"en-US","@id":"https:\/\/www.p22on.com.br\/#\/schema\/person\/image\/","url":"https:\/\/secure.gravatar.com\/avatar\/75bff9c570b228ec0455ff0788a3e2f4?s=96&d=mm&r=g","contentUrl":"https:\/\/secure.gravatar.com\/avatar\/75bff9c570b228ec0455ff0788a3e2f4?s=96&d=mm&r=g","caption":"P\u00e1gina22"},"url":"https:\/\/www.p22on.com.br\/author\/pagina22\/"}]}},"_links":{"self":[{"href":"https:\/\/www.p22on.com.br\/wp-json\/wp\/v2\/posts\/3141"}],"collection":[{"href":"https:\/\/www.p22on.com.br\/wp-json\/wp\/v2\/posts"}],"about":[{"href":"https:\/\/www.p22on.com.br\/wp-json\/wp\/v2\/types\/post"}],"author":[{"embeddable":true,"href":"https:\/\/www.p22on.com.br\/wp-json\/wp\/v2\/users\/3"}],"replies":[{"embeddable":true,"href":"https:\/\/www.p22on.com.br\/wp-json\/wp\/v2\/comments?post=3141"}],"version-history":[{"count":21,"href":"https:\/\/www.p22on.com.br\/wp-json\/wp\/v2\/posts\/3141\/revisions"}],"predecessor-version":[{"id":3730,"href":"https:\/\/www.p22on.com.br\/wp-json\/wp\/v2\/posts\/3141\/revisions\/3730"}],"wp:featuredmedia":[{"embeddable":true,"href":"https:\/\/www.p22on.com.br\/wp-json\/wp\/v2\/media\/3237"}],"wp:attachment":[{"href":"https:\/\/www.p22on.com.br\/wp-json\/wp\/v2\/media?parent=3141"}],"wp:term":[{"taxonomy":"category","embeddable":true,"href":"https:\/\/www.p22on.com.br\/wp-json\/wp\/v2\/categories?post=3141"},{"taxonomy":"post_tag","embeddable":true,"href":"https:\/\/www.p22on.com.br\/wp-json\/wp\/v2\/tags?post=3141"}],"curies":[{"name":"wp","href":"https:\/\/api.w.org\/{rel}","templated":true}]}}