{"id":3143,"date":"2021-06-01T15:52:38","date_gmt":"2021-06-01T18:52:38","guid":{"rendered":"http:\/\/www.p22on.com.br\/?p=3143"},"modified":"2022-02-22T08:02:35","modified_gmt":"2022-02-22T11:02:35","slug":"videodepoimentos-cerrado-mata-atlantica-pantanal-e-florestas-urbanas","status":"publish","type":"post","link":"https:\/\/www.p22on.com.br\/2021\/06\/01\/videodepoimentos-cerrado-mata-atlantica-pantanal-e-florestas-urbanas\/","title":{"rendered":"Videodepoimentos: Cerrado, Mata Atl\u00e2ntica, Pantanal e florestas urbanas"},"content":{"rendered":"\r\n<p><em><strong>Assista aqui aos depoimentos de pessoas que colocam a m\u00e3o na massa da restaura\u00e7\u00e3o, em diferentes biomas e tamb\u00e9m no espa\u00e7o urbano<\/strong><\/em><\/p>\r\n\r\n\r\n\r\n<h4 class=\"wp-block-heading\">Gente que Planta Cerrado:<\/h4>\r\n\r\n\r\n\r\n<figure><iframe loading=\"lazy\" src=\"https:\/\/www.youtube.com\/embed\/sv0RYw3dLHI\" width=\"560\" height=\"315\" allowfullscreen=\"allowfullscreen\"><\/iframe><\/figure>\r\n\r\n\r\n\r\n<h4 class=\"wp-block-heading\">Gente que Planta Mata Atl\u00e2ntica:<\/h4>\r\n\r\n\r\n\r\n<p><iframe loading=\"lazy\" title=\"YouTube video player\" src=\"https:\/\/www.youtube.com\/embed\/kDLFSDGcasg\" width=\"560\" height=\"315\" frameborder=\"0\" allowfullscreen=\"allowfullscreen\"><\/iframe><\/p>\r\n\r\n\r\n\r\n<h4 class=\"wp-block-heading\">Gente que Planta Pantanal:<\/h4>\r\n\r\n\r\n\r\n<p><iframe loading=\"lazy\" title=\"YouTube video player\" src=\"https:\/\/www.youtube.com\/embed\/qoqVr1l_JLQ\" width=\"560\" height=\"315\" frameborder=\"0\" allowfullscreen=\"allowfullscreen\"><\/iframe><\/p>\r\n\r\n\r\n\r\n<h4 class=\"wp-block-heading\">Gente que Planta florestas urbanas:<\/h4>\r\n\r\n\r\n\r\n<p><iframe loading=\"lazy\" title=\"YouTube video player\" src=\"https:\/\/www.youtube.com\/embed\/j0KbrDiNnho\" width=\"560\" height=\"315\" frameborder=\"0\" allowfullscreen=\"allowfullscreen\"><\/iframe><\/p>\r\n\r\n\r\n<!-- \/wp:html -->\r\n\r\n<!-- wp:paragraph -->","protected":false},"excerpt":{"rendered":"<p>Assista aqui aos depoimentos de pessoas que colocam a m\u00e3o na massa da restaura\u00e7\u00e3o, em diferentes biomas e tamb\u00e9m no espa\u00e7o urbano Gente que Planta Cerrado: Gente que Planta Mata Atl\u00e2ntica: Gente que Planta Pantanal: Gente que Planta florestas urbanas:<\/p>\n","protected":false},"author":3,"featured_media":3170,"comment_status":"closed","ping_status":"closed","sticky":false,"template":"","format":"standard","meta":{"footnotes":""},"categories":[2418],"tags":[2380,1758,2385,873,2432,2381,2431,2372,2375,1878,1971,2430,2389,2429,22],"yoast_head":"<!-- This site is optimized with the Yoast SEO plugin v21.5 - https:\/\/yoast.com\/wordpress\/plugins\/seo\/ -->\n<title>Videodepoimentos: Cerrado, Mata Atl\u00e2ntica, Pantanal e florestas urbanas<\/title>\n<meta name=\"description\" content=\"Assista aqui aos depoimentos de pessoas que colocam a m\u00e3o na massa da restaura\u00e7\u00e3o, em diferentes biomas e tamb\u00e9m no espa\u00e7o urbano Gente que Planta Cerrado: Gente que Planta Mata Atl\u00e2ntica: Gente que Planta Pantanal: Gente que Planta florestas urbanas:\" \/>\n<meta name=\"robots\" content=\"index, follow, max-snippet:-1, max-image-preview:large, max-video-preview:-1\" \/>\n<link rel=\"canonical\" href=\"https:\/\/www.p22on.com.br\/2021\/06\/01\/videodepoimentos-cerrado-mata-atlantica-pantanal-e-florestas-urbanas\/\" \/>\n<meta property=\"og:locale\" content=\"en_US\" \/>\n<meta property=\"og:type\" content=\"article\" \/>\n<meta property=\"og:title\" content=\"Videodepoimentos: Cerrado, Mata Atl\u00e2ntica, Pantanal e florestas urbanas\" \/>\n<meta property=\"og:description\" content=\"Assista aqui aos depoimentos de pessoas que colocam a m\u00e3o na massa da restaura\u00e7\u00e3o, em diferentes biomas e tamb\u00e9m no espa\u00e7o urbano Gente que Planta Cerrado: Gente que Planta Mata Atl\u00e2ntica: Gente que Planta Pantanal: Gente que Planta florestas urbanas:\" \/>\n<meta property=\"og:url\" content=\"https:\/\/www.p22on.com.br\/2021\/06\/01\/videodepoimentos-cerrado-mata-atlantica-pantanal-e-florestas-urbanas\/\" \/>\n<meta property=\"og:site_name\" content=\"P22_ON\" \/>\n<meta property=\"article:publisher\" content=\"https:\/\/www.facebook.com\/p22on\" \/>\n<meta property=\"article:published_time\" content=\"2021-06-01T18:52:38+00:00\" \/>\n<meta property=\"article:modified_time\" content=\"2022-02-22T11:02:35+00:00\" \/>\n<meta property=\"og:image\" content=\"https:\/\/www.p22on.com.br\/wp-content\/uploads\/2021\/06\/yarenci-hdz-ubwPZ7MMaXI-unsplash.jpeg\" \/>\n\t<meta property=\"og:image:width\" content=\"3343\" \/>\n\t<meta property=\"og:image:height\" content=\"2229\" \/>\n\t<meta property=\"og:image:type\" content=\"image\/jpeg\" \/>\n<meta name=\"author\" content=\"P\u00e1gina22\" \/>\n<meta name=\"twitter:card\" content=\"summary_large_image\" \/>\n<meta name=\"twitter:creator\" content=\"@p22on\" \/>\n<meta name=\"twitter:site\" content=\"@p22on\" \/>\n<meta name=\"twitter:label1\" content=\"Written by\" \/>\n\t<meta name=\"twitter:data1\" content=\"P\u00e1gina22\" \/>\n<script type=\"application\/ld+json\" class=\"yoast-schema-graph\">{\"@context\":\"https:\/\/schema.org\",\"@graph\":[{\"@type\":\"WebPage\",\"@id\":\"https:\/\/www.p22on.com.br\/2021\/06\/01\/videodepoimentos-cerrado-mata-atlantica-pantanal-e-florestas-urbanas\/\",\"url\":\"https:\/\/www.p22on.com.br\/2021\/06\/01\/videodepoimentos-cerrado-mata-atlantica-pantanal-e-florestas-urbanas\/\",\"name\":\"Videodepoimentos: Cerrado, Mata Atl\u00e2ntica, Pantanal e florestas urbanas - P22_ON\",\"isPartOf\":{\"@id\":\"https:\/\/www.p22on.com.br\/#website\"},\"datePublished\":\"2021-06-01T18:52:38+00:00\",\"dateModified\":\"2022-02-22T11:02:35+00:00\",\"author\":{\"@id\":\"https:\/\/www.p22on.com.br\/#\/schema\/person\/7fc895a9bd2ec411fd1454b133e7b0da\"},\"breadcrumb\":{\"@id\":\"https:\/\/www.p22on.com.br\/2021\/06\/01\/videodepoimentos-cerrado-mata-atlantica-pantanal-e-florestas-urbanas\/#breadcrumb\"},\"inLanguage\":\"en-US\",\"potentialAction\":[{\"@type\":\"ReadAction\",\"target\":[\"https:\/\/www.p22on.com.br\/2021\/06\/01\/videodepoimentos-cerrado-mata-atlantica-pantanal-e-florestas-urbanas\/\"]}]},{\"@type\":\"BreadcrumbList\",\"@id\":\"https:\/\/www.p22on.com.br\/2021\/06\/01\/videodepoimentos-cerrado-mata-atlantica-pantanal-e-florestas-urbanas\/#breadcrumb\",\"itemListElement\":[{\"@type\":\"ListItem\",\"position\":1,\"name\":\"In\u00edcio\",\"item\":\"https:\/\/www.p22on.com.br\/\"},{\"@type\":\"ListItem\",\"position\":2,\"name\":\"Videodepoimentos: Cerrado, Mata Atl\u00e2ntica, Pantanal e florestas urbanas\"}]},{\"@type\":\"WebSite\",\"@id\":\"https:\/\/www.p22on.com.br\/#website\",\"url\":\"https:\/\/www.p22on.com.br\/\",\"name\":\"P22_ON\",\"description\":\"\",\"potentialAction\":[{\"@type\":\"SearchAction\",\"target\":{\"@type\":\"EntryPoint\",\"urlTemplate\":\"https:\/\/www.p22on.com.br\/?s={search_term_string}\"},\"query-input\":\"required name=search_term_string\"}],\"inLanguage\":\"en-US\"},{\"@type\":\"Person\",\"@id\":\"https:\/\/www.p22on.com.br\/#\/schema\/person\/7fc895a9bd2ec411fd1454b133e7b0da\",\"name\":\"P\u00e1gina22\",\"image\":{\"@type\":\"ImageObject\",\"inLanguage\":\"en-US\",\"@id\":\"https:\/\/www.p22on.com.br\/#\/schema\/person\/image\/\",\"url\":\"https:\/\/secure.gravatar.com\/avatar\/75bff9c570b228ec0455ff0788a3e2f4?s=96&d=mm&r=g\",\"contentUrl\":\"https:\/\/secure.gravatar.com\/avatar\/75bff9c570b228ec0455ff0788a3e2f4?s=96&d=mm&r=g\",\"caption\":\"P\u00e1gina22\"},\"url\":\"https:\/\/www.p22on.com.br\/author\/pagina22\/\"}]}<\/script>\n<!-- \/ Yoast SEO plugin. -->","yoast_head_json":{"title":"Videodepoimentos: Cerrado, Mata Atl\u00e2ntica, Pantanal e florestas urbanas","description":"Assista aqui aos depoimentos de pessoas que colocam a m\u00e3o na massa da restaura\u00e7\u00e3o, em diferentes biomas e tamb\u00e9m no espa\u00e7o urbano Gente que Planta Cerrado: Gente que Planta Mata Atl\u00e2ntica: Gente que Planta Pantanal: Gente que Planta florestas urbanas:","robots":{"index":"index","follow":"follow","max-snippet":"max-snippet:-1","max-image-preview":"max-image-preview:large","max-video-preview":"max-video-preview:-1"},"canonical":"https:\/\/www.p22on.com.br\/2021\/06\/01\/videodepoimentos-cerrado-mata-atlantica-pantanal-e-florestas-urbanas\/","og_locale":"en_US","og_type":"article","og_title":"Videodepoimentos: Cerrado, Mata Atl\u00e2ntica, Pantanal e florestas urbanas","og_description":"Assista aqui aos depoimentos de pessoas que colocam a m\u00e3o na massa da restaura\u00e7\u00e3o, em diferentes biomas e tamb\u00e9m no espa\u00e7o urbano Gente que Planta Cerrado: Gente que Planta Mata Atl\u00e2ntica: Gente que Planta Pantanal: Gente que Planta florestas urbanas:","og_url":"https:\/\/www.p22on.com.br\/2021\/06\/01\/videodepoimentos-cerrado-mata-atlantica-pantanal-e-florestas-urbanas\/","og_site_name":"P22_ON","article_publisher":"https:\/\/www.facebook.com\/p22on","article_published_time":"2021-06-01T18:52:38+00:00","article_modified_time":"2022-02-22T11:02:35+00:00","og_image":[{"width":3343,"height":2229,"url":"https:\/\/www.p22on.com.br\/wp-content\/uploads\/2021\/06\/yarenci-hdz-ubwPZ7MMaXI-unsplash.jpeg","type":"image\/jpeg"}],"author":"P\u00e1gina22","twitter_card":"summary_large_image","twitter_creator":"@p22on","twitter_site":"@p22on","twitter_misc":{"Written by":"P\u00e1gina22"},"schema":{"@context":"https:\/\/schema.org","@graph":[{"@type":"WebPage","@id":"https:\/\/www.p22on.com.br\/2021\/06\/01\/videodepoimentos-cerrado-mata-atlantica-pantanal-e-florestas-urbanas\/","url":"https:\/\/www.p22on.com.br\/2021\/06\/01\/videodepoimentos-cerrado-mata-atlantica-pantanal-e-florestas-urbanas\/","name":"Videodepoimentos: Cerrado, Mata Atl\u00e2ntica, Pantanal e florestas urbanas - P22_ON","isPartOf":{"@id":"https:\/\/www.p22on.com.br\/#website"},"datePublished":"2021-06-01T18:52:38+00:00","dateModified":"2022-02-22T11:02:35+00:00","author":{"@id":"https:\/\/www.p22on.com.br\/#\/schema\/person\/7fc895a9bd2ec411fd1454b133e7b0da"},"breadcrumb":{"@id":"https:\/\/www.p22on.com.br\/2021\/06\/01\/videodepoimentos-cerrado-mata-atlantica-pantanal-e-florestas-urbanas\/#breadcrumb"},"inLanguage":"en-US","potentialAction":[{"@type":"ReadAction","target":["https:\/\/www.p22on.com.br\/2021\/06\/01\/videodepoimentos-cerrado-mata-atlantica-pantanal-e-florestas-urbanas\/"]}]},{"@type":"BreadcrumbList","@id":"https:\/\/www.p22on.com.br\/2021\/06\/01\/videodepoimentos-cerrado-mata-atlantica-pantanal-e-florestas-urbanas\/#breadcrumb","itemListElement":[{"@type":"ListItem","position":1,"name":"In\u00edcio","item":"https:\/\/www.p22on.com.br\/"},{"@type":"ListItem","position":2,"name":"Videodepoimentos: Cerrado, Mata Atl\u00e2ntica, Pantanal e florestas urbanas"}]},{"@type":"WebSite","@id":"https:\/\/www.p22on.com.br\/#website","url":"https:\/\/www.p22on.com.br\/","name":"P22_ON","description":"","potentialAction":[{"@type":"SearchAction","target":{"@type":"EntryPoint","urlTemplate":"https:\/\/www.p22on.com.br\/?s={search_term_string}"},"query-input":"required name=search_term_string"}],"inLanguage":"en-US"},{"@type":"Person","@id":"https:\/\/www.p22on.com.br\/#\/schema\/person\/7fc895a9bd2ec411fd1454b133e7b0da","name":"P\u00e1gina22","image":{"@type":"ImageObject","inLanguage":"en-US","@id":"https:\/\/www.p22on.com.br\/#\/schema\/person\/image\/","url":"https:\/\/secure.gravatar.com\/avatar\/75bff9c570b228ec0455ff0788a3e2f4?s=96&d=mm&r=g","contentUrl":"https:\/\/secure.gravatar.com\/avatar\/75bff9c570b228ec0455ff0788a3e2f4?s=96&d=mm&r=g","caption":"P\u00e1gina22"},"url":"https:\/\/www.p22on.com.br\/author\/pagina22\/"}]}},"_links":{"self":[{"href":"https:\/\/www.p22on.com.br\/wp-json\/wp\/v2\/posts\/3143"}],"collection":[{"href":"https:\/\/www.p22on.com.br\/wp-json\/wp\/v2\/posts"}],"about":[{"href":"https:\/\/www.p22on.com.br\/wp-json\/wp\/v2\/types\/post"}],"author":[{"embeddable":true,"href":"https:\/\/www.p22on.com.br\/wp-json\/wp\/v2\/users\/3"}],"replies":[{"embeddable":true,"href":"https:\/\/www.p22on.com.br\/wp-json\/wp\/v2\/comments?post=3143"}],"version-history":[{"count":14,"href":"https:\/\/www.p22on.com.br\/wp-json\/wp\/v2\/posts\/3143\/revisions"}],"predecessor-version":[{"id":3729,"href":"https:\/\/www.p22on.com.br\/wp-json\/wp\/v2\/posts\/3143\/revisions\/3729"}],"wp:featuredmedia":[{"embeddable":true,"href":"https:\/\/www.p22on.com.br\/wp-json\/wp\/v2\/media\/3170"}],"wp:attachment":[{"href":"https:\/\/www.p22on.com.br\/wp-json\/wp\/v2\/media?parent=3143"}],"wp:term":[{"taxonomy":"category","embeddable":true,"href":"https:\/\/www.p22on.com.br\/wp-json\/wp\/v2\/categories?post=3143"},{"taxonomy":"post_tag","embeddable":true,"href":"https:\/\/www.p22on.com.br\/wp-json\/wp\/v2\/tags?post=3143"}],"curies":[{"name":"wp","href":"https:\/\/api.w.org\/{rel}","templated":true}]}}