{"id":3149,"date":"2021-06-01T16:11:47","date_gmt":"2021-06-01T19:11:47","guid":{"rendered":"http:\/\/www.p22on.com.br\/?p=3149"},"modified":"2022-02-22T07:59:22","modified_gmt":"2022-02-22T10:59:22","slug":"o-barulho-da-restauracao","status":"publish","type":"post","link":"https:\/\/www.p22on.com.br\/2021\/06\/01\/o-barulho-da-restauracao\/","title":{"rendered":"O barulho da restaura\u00e7\u00e3o"},"content":{"rendered":"<p><em>Por <strong>Am\u00e1lia Safatle<\/strong><\/em><\/p>\r\n<!-- \/wp:paragraph -->\r\n\r\n<!-- wp:paragraph {\"dropCap\":true} -->\r\n<p class=\"has-drop-cap\">Ambientes silenciosos s\u00e3o tudo o que a D\u00e9cada da Restaura\u00e7\u00e3o n\u00e3o quer. A iniciativa da Organiza\u00e7\u00e3o das Na\u00e7\u00f5es Unidas lan\u00e7ada em 5 de junho deseja ouvir o alarido da fauna repovoando seus habitats, para que se cumpram todas as fun\u00e7\u00f5es ecol\u00f3gicas da restaura\u00e7\u00e3o dos ecossistemas. Da mesma forma, a D\u00e9cada quer fazer barulho nas redes e nos meios de comunica\u00e7\u00e3o, para que as boas iniciativas nesse campo ecoem tal qual sementes germinando por toda a parte, e estas se revertam tamb\u00e9m em frutos sociais e econ\u00f4micos.<\/p>\r\n<!-- \/wp:paragraph -->\r\n\r\n<!-- wp:paragraph -->\r\n<p>A D\u00e9cada que come\u00e7a em ano de pandemia tem um desafio extra: o de chamar aten\u00e7\u00e3o para o meio ambiente e angariar recursos quando os esfor\u00e7os dos pa\u00edses est\u00e3o voltados sobretudo a combater novas ondas do coronav\u00edrus. Com isso, o financiamento por parte do setor privado ser\u00e1 especialmente importante neste momento, na avalia\u00e7\u00e3o de Matheus Couto, o ponto focal brasileiro da D\u00e9cada da Restaura\u00e7\u00e3o no Programa das Na\u00e7\u00f5es Unidas para o Meio Ambiente (Pnuma).<\/p>\r\n<!-- \/wp:paragraph -->\r\n\r\n<!-- wp:paragraph -->\r\n<p>Para Couto, o Brasil encontra-se bem posicionado mundialmente neste tema, pois j\u00e1 acumula um hist\u00f3rico de pr\u00e1ticas e de conhecimento, al\u00e9m de movimentos em rede que re\u00fanem os mais diversos atores. No entanto, restaurar enquanto se desmata \u00e9 como enxugar gelo, e o Brasil vem colecionando altas em desflorestamento. \u201cTrocar o estoque de uma floresta supermadura ou bem conservada por uma floresta que est\u00e1 em est\u00e1gio inicial de conserva\u00e7\u00e3o n\u00e3o faz sentido. Os investimentos que est\u00e3o indo para a restaura\u00e7\u00e3o tamb\u00e9m devem continuar para a conserva\u00e7\u00e3o dos ecossistemas\u201d, afirma.<\/p>\r\n<!-- \/wp:paragraph -->\r\n\r\n<!-- wp:paragraph -->\r\n<p>Ap\u00f3s o malogro da D\u00e9cada da Biodiversidade (2011-2020) \u2013 nenhuma das 20 Metas de Aichi para a biodiversidade foi atingida e seis foram parcialmente atingidas, conforme <a href=\"https:\/\/www.cbd.int\/gbo5\" target=\"_blank\" rel=\"noreferrer noopener\" aria-label=\" (abre numa nova aba)\">relat\u00f3rio<\/a> \u2013, a D\u00e9cada da Restaura\u00e7\u00e3o pretende apoiar-se na conflu\u00eancia entre as tr\u00eas confer\u00eancias globais. Isso porque as confer\u00eancias sobre Mudan\u00e7a Clim\u00e1tica, Diversidade Biol\u00f3gica e Desertifica\u00e7\u00e3o dependem da restaura\u00e7\u00e3o para atingirem suas metas.<\/p>\r\n<!-- \/wp:paragraph -->\r\n\r\n<!-- wp:quote -->\r\n<blockquote class=\"wp-block-quote\">\r\n<p><strong>Matheus Couto <\/strong>\u00e9 mestre em Ci\u00eancia Florestal pela Universidade de Yale, mestre em Conserva\u00e7\u00e3o da Biodiversidade e Sustentabilidade pelo Escas-Ip\u00ea, e Engenheiro Florestal pela Esalq-USP. Atua desde 2017 como Oficial de Programa do Centro para Monitoramento da Conserva\u00e7\u00e3o Mundial do Pnuma (UNEP-WCMC). Possui experi\u00eancia profissional de 12 anos em projetos ligados a uso da terra, sustentabilidade e restaura\u00e7\u00e3o de ecossistemas.<\/p>\r\n<\/blockquote>\r\n<!-- wp:paragraph -->\r\n<p><strong>Como e por que surgiu a iniciativa da D\u00e9cada da Restaura\u00e7\u00e3o?<\/strong><\/p>\r\n<!-- \/wp:paragraph -->\r\n\r\n<!-- wp:paragraph -->\r\n<p>O conceito da D\u00e9cada da Restaura\u00e7\u00e3o dos Ecossistemas foi apresentado por El Salvador e endossado por 71 pa\u00edses. A proposta foi aceita na Assembleia Geral da ONU de 2019, e a FAO [Organiza\u00e7\u00e3o das Na\u00e7\u00f5es Unidas para a Alimenta\u00e7\u00e3o e a Agricultura] e o Pnuma foram convidados para serem as ag\u00eancias l\u00edderes dessa D\u00e9cada. O que motivou? As tr\u00eas principais confer\u00eancias ambientais s\u00e3o a de Diversidade Biol\u00f3gica, a de Mudan\u00e7a Clim\u00e1tica e a de Desertifica\u00e7\u00e3o, e percebemos que a restaura\u00e7\u00e3o \u00e9 importante para cumprir a meta dessas tr\u00eas confer\u00eancias.<\/p>\r\n<!-- \/wp:paragraph -->\r\n\r\n<!-- wp:paragraph -->\r\n<p>No \u00e2mbito da biodiversidade, a gente percebe que n\u00e3o basta apenas ter \u00e1reas protegidas, Unidades de Conserva\u00e7\u00e3o, que incluem Terras Ind\u00edgenas, quilombolas e tudo mais. Isso n\u00e3o basta para garantir a redu\u00e7\u00e3o da perda de esp\u00e9cies, ou seja, os n\u00edveis de extin\u00e7\u00e3o continuar\u00e3o subindo. \u00c9 preciso restaurar os ecossistemas degradados. E, para a mudan\u00e7a clim\u00e1tica, a mesma coisa. O Brasil colocou, inicialmente, como metas de NDC [Contribui\u00e7\u00e3o Nacionalmente Determinada] a restaura\u00e7\u00e3o de 12 milh\u00f5es de hectares, mas tamb\u00e9m possui metas de agricultura de baixo carbono \u2013 isso tamb\u00e9m pode ser considerado restaura\u00e7\u00e3o em uma defini\u00e7\u00e3o mais ampla. E o combate \u00e0 desertifica\u00e7\u00e3o tem uma meta de neutralidade de degrada\u00e7\u00e3o de terra, ent\u00e3o \u00e9 muito evidente que a restaura\u00e7\u00e3o tem a contribuir.<\/p>\r\n<!-- \/wp:paragraph -->\r\n\r\n<!-- wp:paragraph -->\r\n<p><strong>Qual \u00e9 a diferen\u00e7a entre restaura\u00e7\u00e3o florestal, recomposi\u00e7\u00e3o e reflorestamento?<\/strong><\/p>\r\n<!-- \/wp:paragraph -->\r\n\r\n<!-- wp:paragraph -->\r\n<p>Recomposi\u00e7\u00e3o significa recompor exatamente as esp\u00e9cies que existiam no sistema original. A restaura\u00e7\u00e3o tem um sentido mais amplo, pois leva em conta as fun\u00e7\u00f5es do sistema, ou seja, trata da sua funcionalidade. Pois h\u00e1 \u00e1rvores que estocam carbono, h\u00e1 \u00e1rvores que atraem fauna e uma outra s\u00e9rie de fun\u00e7\u00f5es. J\u00e1 o reflorestamento pode ser apenas de uma floresta de eucalipto, por exemplo.<\/p>\r\n<!-- \/wp:paragraph -->\r\n\r\n<!-- wp:paragraph -->\r\n<p><strong>A D\u00e9cada da Restaura\u00e7\u00e3o foi lan\u00e7ada no Paquist\u00e3o no dia 5 de junho, Dia Mundial do Meio Ambiente. Mas podemos dizer que j\u00e1 tem frutos sendo colhidos mesmo antes do lan\u00e7amento?<\/strong><\/p>\r\n<!-- \/wp:paragraph -->\r\n\r\n<!-- wp:paragraph -->\r\n<p>J\u00e1 tem havido movimenta\u00e7\u00f5es, principalmente no \u00e2mbito do financiamento, com aceno dos pa\u00edses e do setor privado para mais investimentos, pois se observa que a restaura\u00e7\u00e3o pode ser uma solu\u00e7\u00e3o para diversos problemas ambientais. A D\u00e9cada procura fazer parcerias globais e locais, e j\u00e1 temos um coletivo com mais de 100 parceiros que se re\u00fanem mensalmente para discutir os desafios da D\u00e9cada no mundo inteiro, em ecossistemas terrestres e aqu\u00e1ticos. Esse j\u00e1 \u00e9 um benef\u00edcio<\/p>\r\n<!-- \/wp:paragraph -->\r\n\r\n<!-- wp:paragraph -->\r\n<p>A gente j\u00e1 est\u00e1 trocando conhecimento, gerando mais informa\u00e7\u00e3o e estabelecendo m\u00e9tricas e par\u00e2metros para monitorar as restaura\u00e7\u00f5es dos diferentes ecossistemas, principalmente porque h\u00e1 interesse em colocar a restaura\u00e7\u00e3o como uma forma tamb\u00e9m para reconstru\u00e7\u00e3o p\u00f3s-Covid. Pesquisas mostram que nos Estados Unidos j\u00e1 existem mais empregos na cadeia da restaura\u00e7\u00e3o, de maneira mais ampla \u2013 at\u00e9 para o manejo florestal de madeira para constru\u00e7\u00e3o \u2013 do que do ferro e do a\u00e7o. Essas pesquisas tamb\u00e9m identificam qual desses setores gera mais emprego por milh\u00e3o de d\u00f3lares investidos, e o setor de restaura\u00e7\u00e3o \u00e9 muito eficiente. Por isso \u00e9 estrat\u00e9gico investir em restaura\u00e7\u00e3o, pelo retorno direto de cria\u00e7\u00e3o de empregos e pelo retorno indireto de benef\u00edcios ambientais para a sociedade.<\/p>\r\n<!-- \/wp:paragraph -->\r\n\r\n<!-- wp:paragraph -->\r\n<p><strong>A quantidade de terras j\u00e1 dispon\u00edveis no mundo para agricultura \u00e9 suficiente para prover alimentos para bilh\u00f5es de pessoas, considerando o aumento populacional<\/strong><strong>,<\/strong><strong> sem precisar avan\u00e7ar mais sobre os ecossistemas naturais?<\/strong><\/p>\r\n<!-- \/wp:paragraph -->\r\n\r\n<!-- wp:paragraph -->\r\n<p>A gente tem um projeto de pesquisa que procura responder a essa pergunta. Existem diferentes modelos da economia global e voc\u00ea consegue projetar no futuro a demanda de alimentos e consequentemente o uso da terra no Brasil e nos diferentes pa\u00edses. <a href=\"https:\/\/tradehub.earth\/\" target=\"_blank\" rel=\"noreferrer noopener\" aria-label=\" (abre numa nova aba)\">Neste projeto<\/a>, a gente usa um modelo parcial da economia, ou seja, n\u00e3o abarca todos os setores, mas os que a gente considera como essenciais. A partir de algumas an\u00e1lises, \u00e9 poss\u00edvel fazer escolhas de pol\u00edticas p\u00fablicas.<\/p>\r\n<!-- \/wp:paragraph -->\r\n\r\n<!-- wp:paragraph -->\r\n<p>No Brasil, tem bastante \u00e1rea aberta que \u00e9 utilizada para a pastagem, s\u00e3o mais de 100 milh\u00f5es de hectares. O Pa\u00eds tem muitas \u00e1reas j\u00e1 abertas para produ\u00e7\u00e3o de alimentos at\u00e9 2050. Se forem adotadas pol\u00edticas p\u00fablicas de uso mais eficiente da terra, nas quais se incluem as tecnologias da Integra\u00e7\u00e3o Lavoura, Pecu\u00e1ria e Floresta (ILPF) e outras tecnologias de agricultura de baixo carbono, e isso for feito de forma eficiente, n\u00e3o precisa mais desmatar. \u00c9 uma tarefa dif\u00edcil pois envolve atividades que muitas vezes s\u00e3o legais e tamb\u00e9m ilegais. \u00c9 uma linha dif\u00edcil de controlar.<\/p>\r\n<!-- \/wp:paragraph -->\r\n\r\n<!-- wp:paragraph -->\r\n<p><strong>Como o Brasil est\u00e1 situado no cen\u00e1rio internacional da restaura\u00e7\u00e3o? Est\u00e1 fazendo bem a li\u00e7\u00e3o de casa?<\/strong><\/p>\r\n<!-- \/wp:paragraph -->\r\n\r\n<!-- wp:paragraph -->\r\n<p>O Brasil est\u00e1 muito bem posicionado para realizar as a\u00e7\u00f5es da D\u00e9cada porque a gente j\u00e1 tem pesquisas que j\u00e1 est\u00e3o a\u00ed h\u00e1 muito tempo. O Pa\u00eds tem \u00e1reas restauradas h\u00e1 mais de 40 anos e universidades que desenvolveram pesquisas capazes de influenciar o mundo. A Floresta da Tijuca, no Rio de Janeiro, por exemplo, foi um dos primeiros casos em grande escala de restaura\u00e7\u00e3o. O Brasil tem a cadeia produtiva organizada em alguns lugares \u2013 \u00e9 mais forte na Mata Atl\u00e2ntica, mas isso gera conhecimento para ser trocado com os outros biomas tamb\u00e9m. Vejo que o Brasil tem condi\u00e7\u00e3o de se posicionar como ator central na D\u00e9cada de Restaura\u00e7\u00e3o.<\/p>\r\n<!-- \/wp:paragraph -->\r\n\r\n<!-- wp:paragraph -->\r\n<p>O Brasil tem feito pesquisas e projetos de larga escala e mostrado esses projetos ao mundo. O mapa global de \u00e1reas priorit\u00e1rias da restaura\u00e7\u00e3o, por exemplo, est\u00e1 sendo produzido por cientistas brasileiros. O Pacto para Restaura\u00e7\u00e3o da Mata Atl\u00e2ntica re\u00fane um grupo de atores bem diversos que inclui empresas e tem realizado restaura\u00e7\u00e3o h\u00e1 muito tempo (<em>saiba mais <a href=\"http:\/\/www.p22on.com.br\/2021\/06\/01\/conexoes-em-rede\/\" target=\"_blank\" rel=\"noopener noreferrer\">nesta reportagem<\/a><\/em>). Outros mecanismos s\u00e3o a<a href=\"http:\/\/coalizaobr.com.br\/home\/index.php\/notas-extras\/786-vitrine-da-restauracao\" target=\"_blank\" rel=\"noreferrer noopener\" aria-label=\" (abre numa nova aba)\"> Vitrine da Restaura\u00e7\u00e3o<\/a> que a Sociedade Brasileira de Restaura\u00e7\u00e3o Ecol\u00f3gica e a Coaliz\u00e3o Brasil Clima, Florestas e Agricultura est\u00e3o disponibilizando, que \u00e9 o mapeamento dos atores da cadeia. Muitos pa\u00edses n\u00e3o est\u00e3o nem perto disso.<\/p>\r\n<!-- \/wp:paragraph -->\r\n\r\n<!-- wp:paragraph -->\r\n<p>Outro exemplo \u00e9 o<a href=\"https:\/\/www.youtube.com\/watch?v=yksz-4v8V4I\" target=\"_blank\" rel=\"noreferrer noopener\" aria-label=\" (abre numa nova aba)\"> Observat\u00f3rio da Restaura\u00e7\u00e3o e do Reflorestamento<\/a>, desenvolvido pela Coaliz\u00e3o, que mostra para o usu\u00e1rio quem restaurou as \u00e1reas e onde elas est\u00e3o. No \u00e2mbito federal, tem um projeto muito interessante, o programa<a href=\"https:\/\/www.gov.br\/mdr\/pt-br\/assuntos\/seguranca-hidrica\/programa-aguas-brasileiras\" target=\"_blank\" rel=\"noreferrer noopener\" aria-label=\" (abre numa nova aba)\"> \u00c1guas Brasileiras<\/a>, que conseguiu financiamento de mais de R$ 600 milh\u00f5es junto ao setor privado para 26 projetos. H\u00e1 ainda governos estaduais e municipais desenvolvendo planos para restaura\u00e7\u00e3o e para conserva\u00e7\u00e3o de florestas.<\/p>\r\n<!-- \/wp:paragraph -->\r\n\r\n<!-- wp:paragraph -->\r\n<p>Uma coisa que coloca o Brasil em uma posi\u00e7\u00e3o de vanguarda s\u00e3o as organiza\u00e7\u00f5es em rede nos biomas. Al\u00e9m do Pacto pela Restaura\u00e7\u00e3o da Mata Atl\u00e2ntica, est\u00e1 se iniciando a Alian\u00e7a pela Restaura\u00e7\u00e3o da Amaz\u00f4nia e tem um grupo do Cerrado que se chama Araticum. Por meio desses grupos de composi\u00e7\u00e3o mista, que envolvem diferentes interessados, \u00e9 poss\u00edvel criar uma troca de conhecimento e uma capacidade maior de trabalho do que se atuassem sozinhos (<em>saiba mais <a href=\"http:\/\/www.p22on.com.br\/2021\/06\/01\/vitrines-inspiradoras\/\" target=\"_blank\" rel=\"noreferrer noopener\" aria-label=\"nesta reportagem (abre numa nova aba)\">nesta reportagem<\/a><\/em>).<\/p>\r\n<!-- \/wp:paragraph -->\r\n\r\n<!-- wp:paragraph -->\r\n<p>E um dos campos mais ricos no Pa\u00eds s\u00e3o as iniciativas que olham a restaura\u00e7\u00e3o como forma de neg\u00f3cio, pensando em um modelo que seja produtivo tamb\u00e9m. Quando a gente pensa em restaura\u00e7\u00e3o de paisagens, tem lugar para tudo. Tanto a restaura\u00e7\u00e3o mais conservacionista \u2013 ou seja, restaurar aquela mata ciliar, a \u00c1rea de Preserva\u00e7\u00e3o Permanente com apenas esp\u00e9cies nativas, pensando na conectividade entre os fragmentos \u2013, como tamb\u00e9m para o propriet\u00e1rio rural fazer o uso da terra que seja regenerativo, usando esp\u00e9cies nativas e ex\u00f3ticas, mistas, agroflorestas e sistemas integrados.<\/p>\r\n<!-- \/wp:paragraph -->\r\n\r\n<!-- wp:paragraph -->\r\n<p><strong>E quanto ao investimento em Pesquisa &amp; Desenvolvimento no Brasil?<\/strong><\/p>\r\n<!-- \/wp:paragraph -->\r\n\r\n<!-- wp:paragraph -->\r\n<p>A gente precisa ter mais investimentos, at\u00e9 porque existem diferentes contextos. Restaurar uma \u00e1rea que foi usada por minera\u00e7\u00e3o \u00e9 muito diferente de restaurar uma \u00e1rea que estava sob pastagem. Quando voc\u00ea pensa em ecossistemas marinhos ou de \u00e1gua doce, a gente est\u00e1 s\u00f3 come\u00e7ando. Na linha da restaura\u00e7\u00e3o florestal, tem algumas inova\u00e7\u00f5es bem interessantes. A quest\u00e3o \u00e9 que, para se entender se a metodologia obteve sucesso, leva muito tempo, algo como 20 anos para se monitorar e entender se surtiu o efeito desejado, ent\u00e3o s\u00e3o pequisas de longo prazo.<\/p>\r\n<!-- \/wp:paragraph -->\r\n\r\n<!-- wp:paragraph -->\r\n<p>Algumas alternativas interessantes s\u00e3o as redes de sementes e o plantio a partir da muvuca, que \u00e9 um plantio mecanizado utilizando sementes florestais, sem uso de mudas. Isso tem mostrado que reduz o custo e ganha escala. O momento inicial de convencimento \u00e9 dif\u00edcil, mas depois que voc\u00ea passa a mostrar o resultado, come\u00e7a a aparecer muita gente interessada em fazer.<\/p>\r\n<!-- \/wp:paragraph -->\r\n\r\n<!-- wp:paragraph -->\r\n<p><strong>Quem mais procura? Comunidades, produtores rurais?<\/strong><\/p>\r\n<!-- \/wp:paragraph -->\r\n\r\n<!-- wp:paragraph -->\r\n<p>Principalmente os propriet\u00e1rios rurais. Na Serra do Espinha\u00e7o, tem uma organiza\u00e7\u00e3o que conseguiu crescer muito em pouco tempo: o Instituto Espinha\u00e7o. O instituto iniciou um processo de restaura\u00e7\u00e3o e hoje os produtores da regi\u00e3o j\u00e1 v\u00e3o procur\u00e1-los no escrit\u00f3rio. J\u00e1 restauraram mais de 2 mil hectares e est\u00e3o com contrato para mais 2 mil, \u00e9 uma escala significativa. E tem cooperativas e grupos de pesquisa que querem entender melhor. H\u00e1 uma gama de atores buscando esse tipo de solu\u00e7\u00e3o.<\/p>\r\n<!-- \/wp:paragraph -->\r\n\r\n<!-- wp:paragraph -->\r\n<p><strong>Essa demanda dos produtores rurais \u00e9 para cumprimento de C\u00f3digo Florestal ou isso se deve ao fato de que as pessoas veem um ganho para a pr\u00f3pria produ\u00e7\u00e3o?<\/strong><\/p>\r\n<!-- \/wp:paragraph -->\r\n\r\n<!-- wp:paragraph -->\r\n<p>Penso que o C\u00f3digo Florestal seja o principal vetor de procura por parte dos propriet\u00e1rios. Faz o CAR [Cadastro Ambiental Rural] e, se existe passivo, vai buscar a restaura\u00e7\u00e3o. Mas tamb\u00e9m h\u00e1 casos de produtores que percebem o benef\u00edcio. No Vale do Rio Doce, onde o Instituto Terra atua, h\u00e1 produtores que viram a nascente voltar. Ali tem per\u00edodos de escassez h\u00eddrica muito acentuada, e os que fizeram a restaura\u00e7\u00e3o de nascentes est\u00e3o sofrendo menos, o que incentiva os vizinhos a buscarem organiza\u00e7\u00f5es que apoiam a restaura\u00e7\u00e3o.<\/p>\r\n<!-- \/wp:paragraph -->\r\n\r\n<!-- wp:paragraph -->\r\n<p><strong>O Brasil apresenta altos \u00edndices de desmatamento em v\u00e1rios biomas. Restaurar enquanto ainda se est\u00e1 desmatando \u00e9 como enxugar gelo?<\/strong><\/p>\r\n<!-- \/wp:paragraph -->\r\n\r\n<!-- wp:paragraph -->\r\n<p>A gente n\u00e3o pode trocar a conserva\u00e7\u00e3o pela restaura\u00e7\u00e3o, ou seja, n\u00e3o pode trocar um hectare de floresta desmatada por um hectare em restaura\u00e7\u00e3o porque n\u00e3o \u00e9 a mesma coisa. A ONU tem um trabalho sobre contabilidade ambiental, com estat\u00edsticas compar\u00e1veis entre os pa\u00edses, para que a contribui\u00e7\u00e3o da natureza na sociedade seja, de certa forma, mensurada. A natureza \u00e9 um elemento central da economia e contribui para os diferentes setores. Um dos primeiros elementos \u00e9 entender o quanto existe em termos de estoque dos ecossistemas e o segundo passo \u00e9 saber a condi\u00e7\u00e3o do ecossistema. Ent\u00e3o, trocar o estoque de uma floresta supermadura ou bem conservada por uma floresta que est\u00e1 em est\u00e1gio inicial de restaura\u00e7\u00e3o n\u00e3o faz sentido. Esses investimentos que est\u00e3o indo para a restaura\u00e7\u00e3o tamb\u00e9m devem continuar para a conserva\u00e7\u00e3o dos ecossistemas. A D\u00e9cada da Restaura\u00e7\u00e3o surgiu dessa necessidade de complementar a conserva\u00e7\u00e3o, e n\u00e3o de substitu\u00ed-la.<\/p>\r\n<!-- \/wp:paragraph -->\r\n\r\n<!-- wp:paragraph -->\r\n<p>Outra quest\u00e3o \u00e9: qual o grau de seguran\u00e7a para essas \u00e1reas de vegeta\u00e7\u00e3o secund\u00e1ria que foram regeneradas? Atualmente, n\u00e3o \u00e9 t\u00e3o forte. A gente quer discutir no \u00e2mbito dos parceiros nacionais da D\u00e9cada como garantir que essas \u00e1reas de regenera\u00e7\u00e3o possam chegar em uma floresta madura. O desafio \u00e9 como a gente contabiliza isso para as metas internacionais. \u00c9 preciso ter essa qualidade do dado. A gente est\u00e1 falando para o mundo que a Amaz\u00f4nia regenerou tantos milh\u00f5es de hectares, mas ser\u00e1 que vai permanecer regenerando at\u00e9 2030?<\/p>\r\n<!-- \/wp:paragraph -->\r\n\r\n<!-- wp:paragraph -->\r\n<p><strong>Qual o papel do setor privado sob o aspecto da restaura\u00e7\u00e3o da paisagem? A gente ainda v\u00ea muitas empresas dando \u00eanfase \u00e0 quantidade de \u00e1rvores plantadas e de hectares restaurados, e menos se fala na melhora dos processos ecol\u00f3gicos.<\/strong><\/p>\r\n<!-- \/wp:paragraph -->\r\n\r\n<!-- wp:paragraph -->\r\n<p>O papel das empresas \u00e9 o mais importante neste momento em que o mundo est\u00e1 lidando com uma crise de sa\u00fade e o meio ambiente n\u00e3o \u00e9 a prioridade. Mas, para as empresas que est\u00e3o buscando responsabilidade socioambiental e querem fazer a\u00e7\u00f5es de sustentabilidade, a restaura\u00e7\u00e3o ecol\u00f3gica pode ser uma solu\u00e7\u00e3o para algumas a\u00e7\u00f5es e estrat\u00e9gias. Para as empresas que est\u00e3o buscando a neutralidade de emiss\u00f5es \u2013 por exemplo, no movimento da<a href=\"https:\/\/unfccc.int\/climate-action\/race-to-zero-campaign\" target=\"_blank\" rel=\"noreferrer noopener\" aria-label=\" (abre numa nova aba)\"> Race To Zero<\/a> \u2013, investir em restaura\u00e7\u00e3o \u00e9 uma forma de chegar \u00e0 neutralidade de emiss\u00f5es. Quando ela n\u00e3o consegue mais reduzir, pode investir em formas de compensar essas emiss\u00f5es. Tem uma empresa que eu acho muito interessante, que \u00e9 um mecanismo de busca na internet onde eles colocam a restaura\u00e7\u00e3o na frente do lucro \u2013 pelo menos a mensagem deles \u00e9 essa. Chama-se<a href=\"https:\/\/www.ecosia.org\/\" target=\"_blank\" rel=\"noreferrer noopener\" aria-label=\" (abre numa nova aba)\"> Ecosia<\/a>. Para cada 45 buscas, eles plantam uma \u00e1rvore, e j\u00e1 financiaram alguns projetos no Brasil, em diferentes regi\u00f5es.<\/p>\r\n<!-- \/wp:paragraph -->\r\n\r\n<!-- wp:paragraph -->\r\n<p><strong>Mas se a meta primordial for a neutralidade de emiss\u00f5es, a empresa pode colocar esp\u00e9cies que capturam mais carbono mais rapidamente e isso pode prejudicar outras fun\u00e7\u00f5es ecol\u00f3gicas?<\/strong><\/p>\r\n<!-- \/wp:paragraph -->\r\n\r\n<!-- wp:paragraph -->\r\n<p>A gente precisa de projetos que fa\u00e7am sentido ecologicamente e que recuperem as fun\u00e7\u00f5es do ecossistema, que realmente contribuam para a diversidade e outros elementos, e v\u00e3o al\u00e9m do carbono. Tem um elemento que \u00e9 o servi\u00e7o ambiental da \u00e1gua, restaurar nascentes e matas ciliares, o que \u00e9 benef\u00edcio para a sociedade mas tamb\u00e9m estrat\u00e9gico para as empresas, pois a maioria usa \u00e1gua no processo produtivo. Al\u00e9m disso, tem que olhar o [aspecto] social, o humano, quem \u00e9 a pessoa dentro da \u00e1rea que voc\u00ea vai restaurar, como ela vai se beneficiar dessas a\u00e7\u00f5es, qual \u00e9 a gera\u00e7\u00e3o de empregos, quais s\u00e3o os benef\u00edcios socioecon\u00f4micos. \u00c9 preciso considerar tudo isso. No \u00e2mbito da D\u00e9cada, a gente est\u00e1 procurando dar mais evid\u00eancia ao lado socioecon\u00f4mico porque \u00e9 onde tem mais campo para se avan\u00e7ar. \u00c9 a interface entre o social e o ambiental.<\/p>\r\n<!-- \/wp:paragraph -->\r\n\r\n<!-- wp:paragraph -->\r\n<p><strong>O que precisa avan\u00e7ar nesse campo?<\/strong><\/p>\r\n<!-- \/wp:paragraph -->\r\n\r\n<!-- wp:paragraph -->\r\n<p>Entender as escolhas, a economia comportamental dos propriet\u00e1rios de terra, o que o faz tomar certas decis\u00f5es, o que pode fazer esse propriet\u00e1rio optar por um uso mais regenerativo, ou pela agricultura regenerativa, e tamb\u00e9m entender os benef\u00edcios gerados pela cadeia de regenera\u00e7\u00e3o. H\u00e1 poucas informa\u00e7\u00f5es sobre isso, sobre os coletores de sementes, os viveiros, as organiza\u00e7\u00f5es de apoio. \u00c9 preciso entender toda essa cadeia para perceber os benef\u00edcios socioecon\u00f4micos e como isso se reflete para a sociedade na forma de servi\u00e7os ecossist\u00eamicos, como produ\u00e7\u00e3o e qualidade de \u00e1gua, sequestro de carbono, redu\u00e7\u00e3o da polui\u00e7\u00e3o. A quest\u00e3o da arboriza\u00e7\u00e3o urbana tamb\u00e9m est\u00e1 dentro da D\u00e9cada, porque cidades com mais \u00e1rvores t\u00eam mais conforto clim\u00e1tico e permeabilidade, e menos enchentes e polui\u00e7\u00e3o. Tem bastante campo de estudo (<em>sobre arboriza\u00e7\u00e3o urbana, assista ao <a href=\"https:\/\/youtu.be\/j0KbrDiNnho\" target=\"_blank\" rel=\"noreferrer noopener\" aria-label=\"videopoimento de Ricardo Cardim (abre numa nova aba)\">videodepoimento de Ricardo Cardim<\/a><\/em>).<\/p>\r\n<!-- \/wp:paragraph -->\r\n\r\n<!-- wp:paragraph -->\r\n<p><strong>Toda essa parte da comunica\u00e7\u00e3o, mobiliza\u00e7\u00e3o e engajamento dos produtores rurais \u00e9 um mundo a desbravar?<\/strong><\/p>\r\n<!-- \/wp:paragraph -->\r\n\r\n<!-- wp:paragraph -->\r\n<p>Esse \u00e9 o pilar do movimento global da D\u00e9cada: fazer com que a restaura\u00e7\u00e3o esteja nos diferentes meios de comunica\u00e7\u00e3o, que sejam mais percept\u00edveis os benef\u00edcios da restaura\u00e7\u00e3o. Isso inclui fazer document\u00e1rios, fazer com que apare\u00e7a nas redes, que esteja mais frequente nos programas de TV, jornais. A gente quer ver a restaura\u00e7\u00e3o integrada tanto nas a\u00e7\u00f5es de pol\u00edticas p\u00fablicas quanto privadas e nos meios de comunica\u00e7\u00e3o. Por isso, a gente precisa ter as vozes da restaura\u00e7\u00e3o, ou seja, projetos bem-sucedidos para influenciar mais pessoas.<\/p>\r\n<!-- \/wp:paragraph -->\r\n\r\n<!-- wp:paragraph -->\r\n<p><strong>Que exemplos de restaura\u00e7\u00e3o no Brasil s\u00e3o inspiradores? Tem algum bem emblem\u00e1tico, na sua opini\u00e3o?<\/strong><\/p>\r\n<!-- \/wp:paragraph -->\r\n\r\n<!-- wp:paragraph -->\r\n<p>Tem alguns. Um deles \u00e9 a restaura\u00e7\u00e3o das \u00e1reas marinhas protegidas e o papel que elas possuem em restaurar as popula\u00e7\u00f5es de peixes, at\u00e9 os amea\u00e7ados de extin\u00e7\u00e3o. As \u00e1reas marinhas servem de ber\u00e7\u00e1rios e, onde a pesca \u00e9 controlada ou n\u00e3o \u00e9 permitida, s\u00e3o gerados benef\u00edcios para a restaura\u00e7\u00e3o dos ecossistemas marinhos que v\u00e3o al\u00e9m daquela pequena \u00e1rea.<\/p>\r\n<!-- \/wp:paragraph -->\r\n\r\n<!-- wp:paragraph -->\r\n<p>Um outro exemplo, que foi premiado ano passado, \u00e9 a Rede de Sementes do Xingu. \u00c9 um projeto muito bonito que aliou o conhecimento tradicional de popula\u00e7\u00f5es ind\u00edgenas de coletas de sementes na Bacia do Xingu ao conhecimento da agricultura mecanizada, gerando esse sistema de plantios que \u00e9 a muvuca, com restaura\u00e7\u00e3o florestal em larga escala. Serve para a gente entender os benef\u00edcios socioecon\u00f4micos al\u00e9m dos ambientais.<\/p>\r\n<!-- \/wp:paragraph -->\r\n\r\n<!-- wp:paragraph -->\r\n<p>Outros exemplos s\u00e3o o Instituto Terra, no Vale do Rio Doce, o trabalho da TNC na regi\u00e3o da Mantiqueira e o trabalho do WRI na Regi\u00e3o Metropolitana de S\u00e3o Paulo. Tem a Symbiosis Investimentos em Trancoso (BA), que faz um plantio misto de esp\u00e9cies de madeira nativa e ex\u00f3tica e que conseguiu fazer um modelo de neg\u00f3cio lucrativo para a empresa usando a restaura\u00e7\u00e3o como o lema (<em>mais sobre a Symbiosis<a href=\"https:\/\/pagina22.com.br\/2021\/05\/13\/o-filao-das-novas-florestas\/\" target=\"_blank\" rel=\"noreferrer noopener\" aria-label=\" (abre numa nova aba)\"> nesta reportagem<\/a><\/em>). No Par\u00e1, que hoje em dia \u00e9 l\u00edder em produ\u00e7\u00e3o de cacau, a maioria das fazendas de cacau produz em agrofloresta, em \u00e1reas que antes eram de pastagem e agora est\u00e3o sequestrando carbono, enquanto as esp\u00e9cies que fazem sombra para o cacaueiro servem de habitat para aves.\u00a0<\/p>\r\n<!-- \/wp:paragraph -->\r\n\r\n<!-- wp:paragraph -->\r\n<p><strong>E mundialmente falando?<\/strong><\/p>\r\n<!-- \/wp:paragraph -->\r\n\r\n<!-- wp:paragraph -->\r\n<p>Tem um movimento bem ambicioso em pa\u00edses subsaarianos em fazer um cintur\u00e3o verde ao sul do Deserto do Saara, que tem ganhado bastante evid\u00eancia. Outra li\u00e7\u00e3o a ser aprendida \u00e9 com a China, que fez um movimento bem ambicioso de restaura\u00e7\u00e3o dos ecossistemas. A gente precisa aprender com isso, porque eles ganharam uma escala muito grande, mas talvez nem todas as a\u00e7\u00f5es de restaura\u00e7\u00f5es tiveram tantos benef\u00edcios ecol\u00f3gicos no sentido de ter uma diversidade de esp\u00e9cies, \u00e9 uma simplifica\u00e7\u00e3o da restaura\u00e7\u00e3o (<em>acesse mapa com algumas iniciativas internacionais <a href=\"http:\/\/www.p22on.com.br\/2021\/06\/01\/muito-alem-de-plantar-arvores\/\" target=\"_blank\" rel=\"noreferrer noopener\" aria-label=\" (abre numa nova aba)\">nesta reportagem<\/a><\/em>).<\/p>\r\n<!-- \/wp:paragraph -->\r\n\r\n<!-- wp:paragraph -->\r\n<p>Uma quest\u00e3o \u00e9 a defauna\u00e7\u00e3o. A gente est\u00e1 fazendo restaura\u00e7\u00f5es n\u00e3o para criar ecossistemas silenciosos, sem fauna. \u00c9 preciso entender quais s\u00e3o as esp\u00e9cies-chave que t\u00eam fun\u00e7\u00e3o regenerativa e de conserva\u00e7\u00e3o nesses ecossistemas e trabalhar as popula\u00e7\u00f5es dessas esp\u00e9cies. Existe um papel interessante para zool\u00f3gicos, aqu\u00e1rios e institui\u00e7\u00f5es de pesquisa em entender as ecologias das esp\u00e9cies amea\u00e7adas para que, junto com a restaura\u00e7\u00e3o vegetal, os ecossistemas tamb\u00e9m sejam povoados por esp\u00e9cies animais silvestres.<\/p>\r\n<!-- \/wp:paragraph -->\r\n\r\n<!-- wp:paragraph -->\r\n<p><strong>Tem esp\u00e9cies que ajudam mais a propagar sementes?<\/strong><\/p>\r\n<!-- \/wp:paragraph -->\r\n\r\n<!-- wp:paragraph -->\r\n<p>Sim, aqui no Brasil, inclusive, tem uma com fama n\u00e3o muito boa, que s\u00e3o os morcegos. Os morcegos s\u00e3o centrais na regenera\u00e7\u00e3o de florestas no Brasil. Na Mata Atl\u00e2ntica, em algumas \u00e1rvores com formato de copa de guarda-chuva que servem de abrigo para morcegos, \u00e9 poss\u00edvel encontrar embaixo uma diversidade incr\u00edvel de outras esp\u00e9cies de \u00e1rvores, porque o morcego come frutas e onde ele dorme nasce um monte de mudas. E tem tamb\u00e9m as aves e os mam\u00edferos.<\/p>\r\n<!-- \/wp:paragraph -->\r\n\r\n<!-- wp:paragraph -->\r\n<p><strong>H\u00e1 recursos suficientes para a restaura\u00e7\u00e3o, inclusive para financiar a pr\u00f3pria iniciativa da D\u00e9cada?<\/strong><\/p>\r\n<!-- \/wp:paragraph -->\r\n\r\n<!-- wp:paragraph -->\r\n<p>O financiamento \u00e9 extremamente importante para as a\u00e7\u00f5es de restaura\u00e7\u00e3o florestal. Um hectare de floresta pode custar de R$ 12 mil a R$ 25 mil ou at\u00e9 mais, dependendo da condi\u00e7\u00e3o inicial. Ent\u00e3o, para restaurar 12 milh\u00f5es de hectares, a gente est\u00e1 falando de bilh\u00f5es. Para isso, a gente precisa do compromisso dos pa\u00edses, dos governos federais e subnacionais, mas tamb\u00e9m das empresas. A D\u00e9cada est\u00e1 fazendo um engajamento com os pa\u00edses doadores da ONU e criou o<a href=\"https:\/\/wedocs.unep.org\/handle\/20.500.11822\/34405\" target=\"_blank\" rel=\"noreferrer noopener\" aria-label=\" (abre numa nova aba)\"> Multi-Partner Trust Fund for the Decade on Ecosystem Restoration<\/a>, que \u00e9 um fundo para o qual os pa\u00edses v\u00e3o fazer doa\u00e7\u00f5es e isso ser\u00e1 investido em projetos de tr\u00eas janelas. A primeira s\u00e3o de projetos regionais, que envolvem diversos pa\u00edses; a segunda s\u00e3o projetos inovadores; e a terceira, voltada para o monitoramento de projetos no mundo inteiro. Mas esse fundo n\u00e3o conseguir\u00e1 suprir toda a demanda da restaura\u00e7\u00e3o, por isso a gente tamb\u00e9m est\u00e1 trabalhando com o setor privado, para que invista mais em restaura\u00e7\u00e3o florestal. Uma das iniciativas que j\u00e1 surgiram \u00e9 o programa<a href=\"https:\/\/www.1t.org\/\" target=\"_blank\" rel=\"noreferrer noopener\" aria-label=\" (abre numa nova aba)\"> 1 Trilh\u00e3o de \u00c1rvores<\/a>, com o F\u00f3rum Econ\u00f4mico Mundial, e com isso j\u00e1 surgiram os primeiros projetos.<\/p>\r\n<!-- \/wp:paragraph -->\r\n\r\n<!-- wp:paragraph -->\r\n<p><strong>Quanto precisa ser investido em restaura\u00e7\u00e3o? Existe um n\u00famero?<\/strong><\/p>\r\n<!-- \/wp:paragraph -->\r\n\r\n<!-- wp:paragraph -->\r\n<p>Eu n\u00e3o tenho esse n\u00famero. Mas existem algumas pesquisas, como<a href=\"https:\/\/www.iis-rio.org\/publicacoes\/abordagens-estrategicas-para-restaurar-ecossistemas-podem-triplicar-os-ganhos-de-conservacao-e-reduzir-custos-pela-metade\/\" target=\"_blank\" rel=\"noreferrer noopener\" aria-label=\" (abre numa nova aba)\"> esta feita pelo IIS<\/a> [Instituto Internacional para Sustentabilidade], a qual mostra a rela\u00e7\u00e3o custo-benef\u00edcio da restaura\u00e7\u00e3o.<\/p>\r\n<!-- \/wp:paragraph -->\r\n\r\n<!-- wp:heading {\"level\":4} -->\r\n<h4><em>Acesse trechos em v\u00eddeo da Entrevista<\/em>:<\/h4>\r\n<!-- \/wp:heading -->\r\n<p>&nbsp;<\/p>\r\n<!-- wp:html -->\r\n<p><iframe loading=\"lazy\" title=\"YouTube video player\" src=\"https:\/\/www.youtube.com\/embed\/Xdr7i7Ubi1I\" width=\"560\" height=\"315\" frameborder=\"0\" allowfullscreen=\"allowfullscreen\"><\/iframe><\/p>\r\n<!-- \/wp:html -->","protected":false},"excerpt":{"rendered":"<p>Por Am\u00e1lia Safatle Ambientes silenciosos s\u00e3o tudo o que a D\u00e9cada da Restaura\u00e7\u00e3o n\u00e3o quer. A iniciativa da Organiza\u00e7\u00e3o das Na\u00e7\u00f5es Unidas lan\u00e7ada em 5 de junho deseja ouvir o alarido da fauna repovoando seus habitats, para que se cumpram todas as fun\u00e7\u00f5es ecol\u00f3gicas da restaura\u00e7\u00e3o dos ecossistemas. Da mesma forma, a D\u00e9cada quer fazer [&hellip;]<\/p>\n","protected":false},"author":3,"featured_media":3184,"comment_status":"closed","ping_status":"closed","sticky":false,"template":"","format":"standard","meta":{"footnotes":""},"categories":[2419],"tags":[43,2359,2442,151,2352,1523,1231,766,2351,2321,2353,2357,2186,2350,214,2360,2443,1610,2420,852,2349,2354,1611,2355,2356,2441,1971,2358,1763,2328],"yoast_head":"<!-- This site is optimized with the Yoast SEO plugin v21.5 - https:\/\/yoast.com\/wordpress\/plugins\/seo\/ -->\n<title>O barulho da restaura\u00e7\u00e3o<\/title>\n<meta name=\"description\" content=\"Por Am\u00e1lia Safatle Ambientes silenciosos s\u00e3o tudo o que a D\u00e9cada da Restaura\u00e7\u00e3o n\u00e3o quer. A iniciativa da Organiza\u00e7\u00e3o das Na\u00e7\u00f5es Unidas lan\u00e7ada em 5 de junho deseja ouvir o alarido da fauna repovoando seus habitats, para que se cumpram todas as fun\u00e7\u00f5es ecol\u00f3gicas da restaura\u00e7\u00e3o dos ecossistemas. Da mesma forma, a D\u00e9cada quer fazer&hellip;\" \/>\n<meta name=\"robots\" content=\"index, follow, max-snippet:-1, max-image-preview:large, max-video-preview:-1\" \/>\n<link rel=\"canonical\" href=\"https:\/\/www.p22on.com.br\/2021\/06\/01\/o-barulho-da-restauracao\/\" \/>\n<meta property=\"og:locale\" content=\"en_US\" \/>\n<meta property=\"og:type\" content=\"article\" \/>\n<meta property=\"og:title\" content=\"O barulho da restaura\u00e7\u00e3o\" \/>\n<meta property=\"og:description\" content=\"Por Am\u00e1lia Safatle Ambientes silenciosos s\u00e3o tudo o que a D\u00e9cada da Restaura\u00e7\u00e3o n\u00e3o quer. A iniciativa da Organiza\u00e7\u00e3o das Na\u00e7\u00f5es Unidas lan\u00e7ada em 5 de junho deseja ouvir o alarido da fauna repovoando seus habitats, para que se cumpram todas as fun\u00e7\u00f5es ecol\u00f3gicas da restaura\u00e7\u00e3o dos ecossistemas. Da mesma forma, a D\u00e9cada quer fazer&hellip;\" \/>\n<meta property=\"og:url\" content=\"https:\/\/www.p22on.com.br\/2021\/06\/01\/o-barulho-da-restauracao\/\" \/>\n<meta property=\"og:site_name\" content=\"P22_ON\" \/>\n<meta property=\"article:publisher\" content=\"https:\/\/www.facebook.com\/p22on\" \/>\n<meta property=\"article:published_time\" content=\"2021-06-01T19:11:47+00:00\" \/>\n<meta property=\"article:modified_time\" content=\"2022-02-22T10:59:22+00:00\" \/>\n<meta property=\"og:image\" content=\"https:\/\/www.p22on.com.br\/wp-content\/uploads\/2021\/06\/foto-matheus-couto.png\" \/>\n\t<meta property=\"og:image:width\" content=\"998\" \/>\n\t<meta property=\"og:image:height\" content=\"564\" \/>\n\t<meta property=\"og:image:type\" content=\"image\/png\" \/>\n<meta name=\"author\" content=\"P\u00e1gina22\" \/>\n<meta name=\"twitter:card\" content=\"summary_large_image\" \/>\n<meta name=\"twitter:creator\" content=\"@p22on\" \/>\n<meta name=\"twitter:site\" content=\"@p22on\" \/>\n<meta name=\"twitter:label1\" content=\"Written by\" \/>\n\t<meta name=\"twitter:data1\" content=\"P\u00e1gina22\" \/>\n\t<meta name=\"twitter:label2\" content=\"Est. reading time\" \/>\n\t<meta name=\"twitter:data2\" content=\"20 minutes\" \/>\n<script type=\"application\/ld+json\" class=\"yoast-schema-graph\">{\"@context\":\"https:\/\/schema.org\",\"@graph\":[{\"@type\":\"WebPage\",\"@id\":\"https:\/\/www.p22on.com.br\/2021\/06\/01\/o-barulho-da-restauracao\/\",\"url\":\"https:\/\/www.p22on.com.br\/2021\/06\/01\/o-barulho-da-restauracao\/\",\"name\":\"O barulho da restaura\u00e7\u00e3o - P22_ON\",\"isPartOf\":{\"@id\":\"https:\/\/www.p22on.com.br\/#website\"},\"datePublished\":\"2021-06-01T19:11:47+00:00\",\"dateModified\":\"2022-02-22T10:59:22+00:00\",\"author\":{\"@id\":\"https:\/\/www.p22on.com.br\/#\/schema\/person\/7fc895a9bd2ec411fd1454b133e7b0da\"},\"breadcrumb\":{\"@id\":\"https:\/\/www.p22on.com.br\/2021\/06\/01\/o-barulho-da-restauracao\/#breadcrumb\"},\"inLanguage\":\"en-US\",\"potentialAction\":[{\"@type\":\"ReadAction\",\"target\":[\"https:\/\/www.p22on.com.br\/2021\/06\/01\/o-barulho-da-restauracao\/\"]}]},{\"@type\":\"BreadcrumbList\",\"@id\":\"https:\/\/www.p22on.com.br\/2021\/06\/01\/o-barulho-da-restauracao\/#breadcrumb\",\"itemListElement\":[{\"@type\":\"ListItem\",\"position\":1,\"name\":\"In\u00edcio\",\"item\":\"https:\/\/www.p22on.com.br\/\"},{\"@type\":\"ListItem\",\"position\":2,\"name\":\"O barulho da restaura\u00e7\u00e3o\"}]},{\"@type\":\"WebSite\",\"@id\":\"https:\/\/www.p22on.com.br\/#website\",\"url\":\"https:\/\/www.p22on.com.br\/\",\"name\":\"P22_ON\",\"description\":\"\",\"potentialAction\":[{\"@type\":\"SearchAction\",\"target\":{\"@type\":\"EntryPoint\",\"urlTemplate\":\"https:\/\/www.p22on.com.br\/?s={search_term_string}\"},\"query-input\":\"required name=search_term_string\"}],\"inLanguage\":\"en-US\"},{\"@type\":\"Person\",\"@id\":\"https:\/\/www.p22on.com.br\/#\/schema\/person\/7fc895a9bd2ec411fd1454b133e7b0da\",\"name\":\"P\u00e1gina22\",\"image\":{\"@type\":\"ImageObject\",\"inLanguage\":\"en-US\",\"@id\":\"https:\/\/www.p22on.com.br\/#\/schema\/person\/image\/\",\"url\":\"https:\/\/secure.gravatar.com\/avatar\/75bff9c570b228ec0455ff0788a3e2f4?s=96&d=mm&r=g\",\"contentUrl\":\"https:\/\/secure.gravatar.com\/avatar\/75bff9c570b228ec0455ff0788a3e2f4?s=96&d=mm&r=g\",\"caption\":\"P\u00e1gina22\"},\"url\":\"https:\/\/www.p22on.com.br\/author\/pagina22\/\"}]}<\/script>\n<!-- \/ Yoast SEO plugin. -->","yoast_head_json":{"title":"O barulho da restaura\u00e7\u00e3o","description":"Por Am\u00e1lia Safatle Ambientes silenciosos s\u00e3o tudo o que a D\u00e9cada da Restaura\u00e7\u00e3o n\u00e3o quer. A iniciativa da Organiza\u00e7\u00e3o das Na\u00e7\u00f5es Unidas lan\u00e7ada em 5 de junho deseja ouvir o alarido da fauna repovoando seus habitats, para que se cumpram todas as fun\u00e7\u00f5es ecol\u00f3gicas da restaura\u00e7\u00e3o dos ecossistemas. Da mesma forma, a D\u00e9cada quer fazer&hellip;","robots":{"index":"index","follow":"follow","max-snippet":"max-snippet:-1","max-image-preview":"max-image-preview:large","max-video-preview":"max-video-preview:-1"},"canonical":"https:\/\/www.p22on.com.br\/2021\/06\/01\/o-barulho-da-restauracao\/","og_locale":"en_US","og_type":"article","og_title":"O barulho da restaura\u00e7\u00e3o","og_description":"Por Am\u00e1lia Safatle Ambientes silenciosos s\u00e3o tudo o que a D\u00e9cada da Restaura\u00e7\u00e3o n\u00e3o quer. A iniciativa da Organiza\u00e7\u00e3o das Na\u00e7\u00f5es Unidas lan\u00e7ada em 5 de junho deseja ouvir o alarido da fauna repovoando seus habitats, para que se cumpram todas as fun\u00e7\u00f5es ecol\u00f3gicas da restaura\u00e7\u00e3o dos ecossistemas. Da mesma forma, a D\u00e9cada quer fazer&hellip;","og_url":"https:\/\/www.p22on.com.br\/2021\/06\/01\/o-barulho-da-restauracao\/","og_site_name":"P22_ON","article_publisher":"https:\/\/www.facebook.com\/p22on","article_published_time":"2021-06-01T19:11:47+00:00","article_modified_time":"2022-02-22T10:59:22+00:00","og_image":[{"width":998,"height":564,"url":"https:\/\/www.p22on.com.br\/wp-content\/uploads\/2021\/06\/foto-matheus-couto.png","type":"image\/png"}],"author":"P\u00e1gina22","twitter_card":"summary_large_image","twitter_creator":"@p22on","twitter_site":"@p22on","twitter_misc":{"Written by":"P\u00e1gina22","Est. reading time":"20 minutes"},"schema":{"@context":"https:\/\/schema.org","@graph":[{"@type":"WebPage","@id":"https:\/\/www.p22on.com.br\/2021\/06\/01\/o-barulho-da-restauracao\/","url":"https:\/\/www.p22on.com.br\/2021\/06\/01\/o-barulho-da-restauracao\/","name":"O barulho da restaura\u00e7\u00e3o - P22_ON","isPartOf":{"@id":"https:\/\/www.p22on.com.br\/#website"},"datePublished":"2021-06-01T19:11:47+00:00","dateModified":"2022-02-22T10:59:22+00:00","author":{"@id":"https:\/\/www.p22on.com.br\/#\/schema\/person\/7fc895a9bd2ec411fd1454b133e7b0da"},"breadcrumb":{"@id":"https:\/\/www.p22on.com.br\/2021\/06\/01\/o-barulho-da-restauracao\/#breadcrumb"},"inLanguage":"en-US","potentialAction":[{"@type":"ReadAction","target":["https:\/\/www.p22on.com.br\/2021\/06\/01\/o-barulho-da-restauracao\/"]}]},{"@type":"BreadcrumbList","@id":"https:\/\/www.p22on.com.br\/2021\/06\/01\/o-barulho-da-restauracao\/#breadcrumb","itemListElement":[{"@type":"ListItem","position":1,"name":"In\u00edcio","item":"https:\/\/www.p22on.com.br\/"},{"@type":"ListItem","position":2,"name":"O barulho da restaura\u00e7\u00e3o"}]},{"@type":"WebSite","@id":"https:\/\/www.p22on.com.br\/#website","url":"https:\/\/www.p22on.com.br\/","name":"P22_ON","description":"","potentialAction":[{"@type":"SearchAction","target":{"@type":"EntryPoint","urlTemplate":"https:\/\/www.p22on.com.br\/?s={search_term_string}"},"query-input":"required name=search_term_string"}],"inLanguage":"en-US"},{"@type":"Person","@id":"https:\/\/www.p22on.com.br\/#\/schema\/person\/7fc895a9bd2ec411fd1454b133e7b0da","name":"P\u00e1gina22","image":{"@type":"ImageObject","inLanguage":"en-US","@id":"https:\/\/www.p22on.com.br\/#\/schema\/person\/image\/","url":"https:\/\/secure.gravatar.com\/avatar\/75bff9c570b228ec0455ff0788a3e2f4?s=96&d=mm&r=g","contentUrl":"https:\/\/secure.gravatar.com\/avatar\/75bff9c570b228ec0455ff0788a3e2f4?s=96&d=mm&r=g","caption":"P\u00e1gina22"},"url":"https:\/\/www.p22on.com.br\/author\/pagina22\/"}]}},"_links":{"self":[{"href":"https:\/\/www.p22on.com.br\/wp-json\/wp\/v2\/posts\/3149"}],"collection":[{"href":"https:\/\/www.p22on.com.br\/wp-json\/wp\/v2\/posts"}],"about":[{"href":"https:\/\/www.p22on.com.br\/wp-json\/wp\/v2\/types\/post"}],"author":[{"embeddable":true,"href":"https:\/\/www.p22on.com.br\/wp-json\/wp\/v2\/users\/3"}],"replies":[{"embeddable":true,"href":"https:\/\/www.p22on.com.br\/wp-json\/wp\/v2\/comments?post=3149"}],"version-history":[{"count":26,"href":"https:\/\/www.p22on.com.br\/wp-json\/wp\/v2\/posts\/3149\/revisions"}],"predecessor-version":[{"id":3726,"href":"https:\/\/www.p22on.com.br\/wp-json\/wp\/v2\/posts\/3149\/revisions\/3726"}],"wp:featuredmedia":[{"embeddable":true,"href":"https:\/\/www.p22on.com.br\/wp-json\/wp\/v2\/media\/3184"}],"wp:attachment":[{"href":"https:\/\/www.p22on.com.br\/wp-json\/wp\/v2\/media?parent=3149"}],"wp:term":[{"taxonomy":"category","embeddable":true,"href":"https:\/\/www.p22on.com.br\/wp-json\/wp\/v2\/categories?post=3149"},{"taxonomy":"post_tag","embeddable":true,"href":"https:\/\/www.p22on.com.br\/wp-json\/wp\/v2\/tags?post=3149"}],"curies":[{"name":"wp","href":"https:\/\/api.w.org\/{rel}","templated":true}]}}