{"id":3155,"date":"2021-06-01T16:25:22","date_gmt":"2021-06-01T19:25:22","guid":{"rendered":"http:\/\/www.p22on.com.br\/?p=3155"},"modified":"2022-02-22T07:55:09","modified_gmt":"2022-02-22T10:55:09","slug":"restauracao-por-que-ampliar-o-olhar-para-a-paisagem","status":"publish","type":"post","link":"https:\/\/www.p22on.com.br\/2021\/06\/01\/restauracao-por-que-ampliar-o-olhar-para-a-paisagem\/","title":{"rendered":"Restaura\u00e7\u00e3o: por que ampliar o olhar para a paisagem"},"content":{"rendered":"\r\n<p><em>Roteiro e locu\u00e7\u00e3o: <strong>Magali Cabral<\/strong>. Produ\u00e7\u00e3o: <strong>Jorge Novais Telles<\/strong>. Legendas em ingl\u00eas: <strong>Maria Emilia Guttilla<\/strong><\/em><\/p>\r\n\r\n\r\n\r\n<p><iframe loading=\"lazy\" title=\"YouTube video player\" src=\"https:\/\/www.youtube.com\/embed\/G6JY3ktNtxI\" width=\"560\" height=\"315\" frameborder=\"0\" allowfullscreen=\"allowfullscreen\"><\/iframe><\/p>\r\n\r\n\r\n\r\n<p class=\"has-drop-cap\">Aqui havia uma floresta. Assim, conservada, a floresta prestava muitos servi\u00e7os ecossist\u00eamicos aos habitantes dos campos e das cidades. Por exemplo, autorregulava o clima, polinizava plantas para gerar frutos, purificava as \u00e1guas, fazia um controle biol\u00f3gico de pragas, de doen\u00e7as e muito mais.<\/p>\r\n\r\n\r\n\r\n<p>Hoje, de acordo com uma <a href=\"https:\/\/www.frontiersin.org\/articles\/10.3389\/ffgc.2021.626635\/full\" target=\"_blank\" rel=\"noreferrer noopener\" aria-label=\" (abre numa nova aba)\">pesquisa<\/a> recente, o planeta possui apenas cerca de 3% de seus ecossistemas intactos. Isso o coloca perigosamente pr\u00f3ximo de um <em>tipping point,<\/em> um ponto de inflex\u00e3o, de n\u00e3o retorno. \u00c9 o momento em que a capacidade de resili\u00eancia da natureza \u00e9 ultrapassada e as florestas e sua biodiversidade n\u00e3o conseguem mais se regenerar.<\/p>\r\n\r\n\r\n\r\n<p>Uma parcela dessa pequena fra\u00e7\u00e3o de ecossistemas originais est\u00e1 em biomas brasileiros, a maior parte em Terras Ind\u00edgenas protegidas. Apesar de o planeta ter chegado a uma situa\u00e7\u00e3o lim\u00edtrofe, o uso do solo em biomas como Amaz\u00f4nia, Mata Atl\u00e2ntica, Pantanal e Cerrado segue sob forte press\u00e3o, com os mecanismos de prote\u00e7\u00e3o sendo relaxados e os desmatamentos voltando a bater recordes.<\/p>\r\n\r\n\r\n\r\n<p>E o que fazer para consertar essa situa\u00e7\u00e3o? Ou concertar (no sentido de promover um arranjo)?<\/p>\r\n\r\n\r\n\r\n<p>Para chamar a aten\u00e7\u00e3o do mundo para o <em>tipping point<\/em>, a ONU decretou a D\u00e9cada da Restaura\u00e7\u00e3o de Ecossistemas. O objetivo \u00e9 \u201caumentar os esfor\u00e7os para restaurar ecossistemas degradados, por meio de medidas eficientes no combate \u00e0 crise clim\u00e1tica, alimentar, h\u00eddrica e \u00e0 perda de biodiversidade\u201d.<\/p>\r\n\r\n\r\n\r\n<p>O Brasil assumiu o compromisso de restaurar, dentro de crit\u00e9rios ecol\u00f3gicos, 12 milh\u00f5es de hectares de \u00e1reas florestais degradadas at\u00e9 o fim desta d\u00e9cada. Esse valor representa em torno de 10% da d\u00edvida que o Pa\u00eds tem com suas florestas, o equivalente \u00e0 soma dos estados da Bahia e de Minas Gerais.<\/p>\r\n\r\n\r\n\r\n<p>Nas \u00faltimas d\u00e9cadas, investiu-se muito em restaura\u00e7\u00e3o florestal no Brasil, mas com resultados pouco expressivos, principalmente diante do desafio global de combater a mudan\u00e7a clim\u00e1tica. Faltou \u00e0s t\u00e9cnicas de restaura\u00e7\u00e3o empregadas um componente essencial: o ganho de escala. \u00a0<\/p>\r\n\r\n\r\n\r\n<p>Mas, em 2011, o Desafio de Bonn (The Bonn Challenge) \u2013 meta global de\u00a0 restaura\u00e7\u00e3o de 350 milh\u00f5es de hectares at\u00e9 2030 \u2013 lan\u00e7ou uma nova abordagem: em vez de se trabalhar na escala de pequenos projetos, os pa\u00edses deveriam passar a planejar a restaura\u00e7\u00e3o na escala de paisagens. Geograficamente isso significa, por exemplo, restaurar a \u00e1rea de uma microbacia hidrogr\u00e1fica, de um munic\u00edpio, ou v\u00e1rios deles.<\/p>\r\n\r\n\r\n\r\n<p>A restaura\u00e7\u00e3o florestal em escala de paisagem n\u00e3o se limita a plantar \u00e1rvores em \u00e1reas desmatadas. O que se quer ver s\u00e3o florestas crescendo com biodiversidade e empregos sendo criados, o que, em \u00faltima inst\u00e2ncia, significa combater a pobreza e promover seguran\u00e7a alimentar e h\u00eddrica.<\/p>\r\n\r\n\r\n\r\n<p>Uma diferen\u00e7a fundamental dessa abordagem em rela\u00e7\u00e3o aos m\u00e9todos tradicionais \u00e9 a inclus\u00e3o do ser humano e suas atividades produtivas no centro da paisagem e no planejamento da transforma\u00e7\u00e3o que se quer.<\/p>\r\n\r\n\r\n\r\n<p>Mais detalhes sobre a hist\u00f3ria desse que pode ser um casamento feliz entre conserva\u00e7\u00e3o e agricultura voc\u00ea encontrar\u00e1 nesta edi\u00e7\u00e3o bil\u00edngue de P22ON, que traz tamb\u00e9m:<\/p>\r\n\r\n\r\n\r\n<p>Uma <a href=\"http:\/\/www.p22on.com.br\/2021\/06\/01\/o-barulho-da-restauracao\/\" target=\"_blank\" rel=\"noopener noreferrer\">entrevista com Matheus Couto<\/a>, do Centro de Monitoramento da Conserva\u00e7\u00e3o Mundial, ligado \u00e0 D\u00e9cada da Restaura\u00e7\u00e3o.<\/p>\r\n\r\n\r\n\r\n<p>As experi\u00eancias de restaura\u00e7\u00e3o de paisagem que j\u00e1 est\u00e3o acontecendo nos diferentes <a href=\"http:\/\/www.p22on.com.br\/2021\/06\/01\/vitrines-inspiradoras\/\" target=\"_blank\" rel=\"noopener noreferrer\">biomas brasileiros<\/a>.<\/p>\r\n\r\n\r\n\r\n<p>A <a href=\"http:\/\/www.p22on.com.br\/2021\/06\/01\/conexoes-em-rede\/\" target=\"_blank\" rel=\"noopener noreferrer\">atua\u00e7\u00e3o em rede<\/a> dos movimentos para a restaura\u00e7\u00e3o florestal.<\/p>\r\n\r\n\r\n\r\n<p>E <a href=\"http:\/\/www.p22on.com.br\/2021\/06\/01\/o-continuo-florestal-e-a-continuidade-das-florestas\/\" target=\"_blank\" rel=\"noopener noreferrer\">artigos<\/a>, <a href=\"http:\/\/www.p22on.com.br\/2021\/06\/01\/videodepoimentos-cerrado-mata-atlantica-pantanal-e-florestas-urbanas\/\" target=\"_blank\" rel=\"noopener noreferrer\">entrevistas em v\u00eddeos<\/a>, <a href=\"http:\/\/www.p22on.com.br\/2021\/06\/01\/dicionario-dicas-de-leitura-videos-afins\/\" target=\"_blank\" rel=\"noopener noreferrer\">indica\u00e7\u00f5es de sites e de estudos<\/a> para voc\u00ea mergulhar mais fundo no tema.<\/p>\r\n\r\n\r\n\r\n<p style=\"text-align: right;\">Boa leitura!<\/p>\r\n<!-- \/wp:paragraph -->\r\n<p>&nbsp;<\/p>","protected":false},"excerpt":{"rendered":"<p>Roteiro e locu\u00e7\u00e3o: Magali Cabral. Produ\u00e7\u00e3o: Jorge Novais Telles. Legendas em ingl\u00eas: Maria Emilia Guttilla Aqui havia uma floresta. Assim, conservada, a floresta prestava muitos servi\u00e7os ecossist\u00eamicos aos habitantes dos campos e das cidades. Por exemplo, autorregulava o clima, polinizava plantas para gerar frutos, purificava as \u00e1guas, fazia um controle biol\u00f3gico de pragas, de doen\u00e7as [&hellip;]<\/p>\n","protected":false},"author":3,"featured_media":3179,"comment_status":"closed","ping_status":"closed","sticky":false,"template":"","format":"standard","meta":{"footnotes":""},"categories":[2322],"tags":[2112,2321,2319,1878,1971,2320,1194],"yoast_head":"<!-- This site is optimized with the Yoast SEO plugin v21.5 - https:\/\/yoast.com\/wordpress\/plugins\/seo\/ -->\n<title>Restaura\u00e7\u00e3o: por que ampliar o olhar para a paisagem<\/title>\n<meta name=\"description\" content=\"Roteiro e locu\u00e7\u00e3o: Magali Cabral. Produ\u00e7\u00e3o: Jorge Novais Telles. Legendas em ingl\u00eas: Maria Emilia Guttilla Aqui havia uma floresta. Assim, conservada, a floresta prestava muitos servi\u00e7os ecossist\u00eamicos aos habitantes dos campos e das cidades. Por exemplo, autorregulava o clima, polinizava plantas para gerar frutos, purificava as \u00e1guas, fazia um controle biol\u00f3gico de pragas, de doen\u00e7as&hellip;\" \/>\n<meta name=\"robots\" content=\"index, follow, max-snippet:-1, max-image-preview:large, max-video-preview:-1\" \/>\n<link rel=\"canonical\" href=\"https:\/\/www.p22on.com.br\/2021\/06\/01\/restauracao-por-que-ampliar-o-olhar-para-a-paisagem\/\" \/>\n<meta property=\"og:locale\" content=\"en_US\" \/>\n<meta property=\"og:type\" content=\"article\" \/>\n<meta property=\"og:title\" content=\"Restaura\u00e7\u00e3o: por que ampliar o olhar para a paisagem\" \/>\n<meta property=\"og:description\" content=\"Roteiro e locu\u00e7\u00e3o: Magali Cabral. Produ\u00e7\u00e3o: Jorge Novais Telles. Legendas em ingl\u00eas: Maria Emilia Guttilla Aqui havia uma floresta. Assim, conservada, a floresta prestava muitos servi\u00e7os ecossist\u00eamicos aos habitantes dos campos e das cidades. Por exemplo, autorregulava o clima, polinizava plantas para gerar frutos, purificava as \u00e1guas, fazia um controle biol\u00f3gico de pragas, de doen\u00e7as&hellip;\" \/>\n<meta property=\"og:url\" content=\"https:\/\/www.p22on.com.br\/2021\/06\/01\/restauracao-por-que-ampliar-o-olhar-para-a-paisagem\/\" \/>\n<meta property=\"og:site_name\" content=\"P22_ON\" \/>\n<meta property=\"article:publisher\" content=\"https:\/\/www.facebook.com\/p22on\" \/>\n<meta property=\"article:published_time\" content=\"2021-06-01T19:25:22+00:00\" \/>\n<meta property=\"article:modified_time\" content=\"2022-02-22T10:55:09+00:00\" \/>\n<meta property=\"og:image\" content=\"https:\/\/www.p22on.com.br\/wp-content\/uploads\/2021\/06\/Screen-Shot-2021-06-02-at-16.57.03.png\" \/>\n\t<meta property=\"og:image:width\" content=\"1050\" \/>\n\t<meta property=\"og:image:height\" content=\"539\" \/>\n\t<meta property=\"og:image:type\" content=\"image\/png\" \/>\n<meta name=\"author\" content=\"P\u00e1gina22\" \/>\n<meta name=\"twitter:card\" content=\"summary_large_image\" \/>\n<meta name=\"twitter:creator\" content=\"@p22on\" \/>\n<meta name=\"twitter:site\" content=\"@p22on\" \/>\n<meta name=\"twitter:label1\" content=\"Written by\" \/>\n\t<meta name=\"twitter:data1\" content=\"P\u00e1gina22\" \/>\n\t<meta name=\"twitter:label2\" content=\"Est. reading time\" \/>\n\t<meta name=\"twitter:data2\" content=\"3 minutes\" \/>\n<script type=\"application\/ld+json\" class=\"yoast-schema-graph\">{\"@context\":\"https:\/\/schema.org\",\"@graph\":[{\"@type\":\"WebPage\",\"@id\":\"https:\/\/www.p22on.com.br\/2021\/06\/01\/restauracao-por-que-ampliar-o-olhar-para-a-paisagem\/\",\"url\":\"https:\/\/www.p22on.com.br\/2021\/06\/01\/restauracao-por-que-ampliar-o-olhar-para-a-paisagem\/\",\"name\":\"Restaura\u00e7\u00e3o: por que ampliar o olhar para a paisagem - P22_ON\",\"isPartOf\":{\"@id\":\"https:\/\/www.p22on.com.br\/#website\"},\"datePublished\":\"2021-06-01T19:25:22+00:00\",\"dateModified\":\"2022-02-22T10:55:09+00:00\",\"author\":{\"@id\":\"https:\/\/www.p22on.com.br\/#\/schema\/person\/7fc895a9bd2ec411fd1454b133e7b0da\"},\"breadcrumb\":{\"@id\":\"https:\/\/www.p22on.com.br\/2021\/06\/01\/restauracao-por-que-ampliar-o-olhar-para-a-paisagem\/#breadcrumb\"},\"inLanguage\":\"en-US\",\"potentialAction\":[{\"@type\":\"ReadAction\",\"target\":[\"https:\/\/www.p22on.com.br\/2021\/06\/01\/restauracao-por-que-ampliar-o-olhar-para-a-paisagem\/\"]}]},{\"@type\":\"BreadcrumbList\",\"@id\":\"https:\/\/www.p22on.com.br\/2021\/06\/01\/restauracao-por-que-ampliar-o-olhar-para-a-paisagem\/#breadcrumb\",\"itemListElement\":[{\"@type\":\"ListItem\",\"position\":1,\"name\":\"In\u00edcio\",\"item\":\"https:\/\/www.p22on.com.br\/\"},{\"@type\":\"ListItem\",\"position\":2,\"name\":\"Restaura\u00e7\u00e3o: por que ampliar o olhar para a paisagem\"}]},{\"@type\":\"WebSite\",\"@id\":\"https:\/\/www.p22on.com.br\/#website\",\"url\":\"https:\/\/www.p22on.com.br\/\",\"name\":\"P22_ON\",\"description\":\"\",\"potentialAction\":[{\"@type\":\"SearchAction\",\"target\":{\"@type\":\"EntryPoint\",\"urlTemplate\":\"https:\/\/www.p22on.com.br\/?s={search_term_string}\"},\"query-input\":\"required name=search_term_string\"}],\"inLanguage\":\"en-US\"},{\"@type\":\"Person\",\"@id\":\"https:\/\/www.p22on.com.br\/#\/schema\/person\/7fc895a9bd2ec411fd1454b133e7b0da\",\"name\":\"P\u00e1gina22\",\"image\":{\"@type\":\"ImageObject\",\"inLanguage\":\"en-US\",\"@id\":\"https:\/\/www.p22on.com.br\/#\/schema\/person\/image\/\",\"url\":\"https:\/\/secure.gravatar.com\/avatar\/75bff9c570b228ec0455ff0788a3e2f4?s=96&d=mm&r=g\",\"contentUrl\":\"https:\/\/secure.gravatar.com\/avatar\/75bff9c570b228ec0455ff0788a3e2f4?s=96&d=mm&r=g\",\"caption\":\"P\u00e1gina22\"},\"url\":\"https:\/\/www.p22on.com.br\/author\/pagina22\/\"}]}<\/script>\n<!-- \/ Yoast SEO plugin. -->","yoast_head_json":{"title":"Restaura\u00e7\u00e3o: por que ampliar o olhar para a paisagem","description":"Roteiro e locu\u00e7\u00e3o: Magali Cabral. Produ\u00e7\u00e3o: Jorge Novais Telles. Legendas em ingl\u00eas: Maria Emilia Guttilla Aqui havia uma floresta. Assim, conservada, a floresta prestava muitos servi\u00e7os ecossist\u00eamicos aos habitantes dos campos e das cidades. Por exemplo, autorregulava o clima, polinizava plantas para gerar frutos, purificava as \u00e1guas, fazia um controle biol\u00f3gico de pragas, de doen\u00e7as&hellip;","robots":{"index":"index","follow":"follow","max-snippet":"max-snippet:-1","max-image-preview":"max-image-preview:large","max-video-preview":"max-video-preview:-1"},"canonical":"https:\/\/www.p22on.com.br\/2021\/06\/01\/restauracao-por-que-ampliar-o-olhar-para-a-paisagem\/","og_locale":"en_US","og_type":"article","og_title":"Restaura\u00e7\u00e3o: por que ampliar o olhar para a paisagem","og_description":"Roteiro e locu\u00e7\u00e3o: Magali Cabral. Produ\u00e7\u00e3o: Jorge Novais Telles. Legendas em ingl\u00eas: Maria Emilia Guttilla Aqui havia uma floresta. Assim, conservada, a floresta prestava muitos servi\u00e7os ecossist\u00eamicos aos habitantes dos campos e das cidades. Por exemplo, autorregulava o clima, polinizava plantas para gerar frutos, purificava as \u00e1guas, fazia um controle biol\u00f3gico de pragas, de doen\u00e7as&hellip;","og_url":"https:\/\/www.p22on.com.br\/2021\/06\/01\/restauracao-por-que-ampliar-o-olhar-para-a-paisagem\/","og_site_name":"P22_ON","article_publisher":"https:\/\/www.facebook.com\/p22on","article_published_time":"2021-06-01T19:25:22+00:00","article_modified_time":"2022-02-22T10:55:09+00:00","og_image":[{"width":1050,"height":539,"url":"https:\/\/www.p22on.com.br\/wp-content\/uploads\/2021\/06\/Screen-Shot-2021-06-02-at-16.57.03.png","type":"image\/png"}],"author":"P\u00e1gina22","twitter_card":"summary_large_image","twitter_creator":"@p22on","twitter_site":"@p22on","twitter_misc":{"Written by":"P\u00e1gina22","Est. reading time":"3 minutes"},"schema":{"@context":"https:\/\/schema.org","@graph":[{"@type":"WebPage","@id":"https:\/\/www.p22on.com.br\/2021\/06\/01\/restauracao-por-que-ampliar-o-olhar-para-a-paisagem\/","url":"https:\/\/www.p22on.com.br\/2021\/06\/01\/restauracao-por-que-ampliar-o-olhar-para-a-paisagem\/","name":"Restaura\u00e7\u00e3o: por que ampliar o olhar para a paisagem - P22_ON","isPartOf":{"@id":"https:\/\/www.p22on.com.br\/#website"},"datePublished":"2021-06-01T19:25:22+00:00","dateModified":"2022-02-22T10:55:09+00:00","author":{"@id":"https:\/\/www.p22on.com.br\/#\/schema\/person\/7fc895a9bd2ec411fd1454b133e7b0da"},"breadcrumb":{"@id":"https:\/\/www.p22on.com.br\/2021\/06\/01\/restauracao-por-que-ampliar-o-olhar-para-a-paisagem\/#breadcrumb"},"inLanguage":"en-US","potentialAction":[{"@type":"ReadAction","target":["https:\/\/www.p22on.com.br\/2021\/06\/01\/restauracao-por-que-ampliar-o-olhar-para-a-paisagem\/"]}]},{"@type":"BreadcrumbList","@id":"https:\/\/www.p22on.com.br\/2021\/06\/01\/restauracao-por-que-ampliar-o-olhar-para-a-paisagem\/#breadcrumb","itemListElement":[{"@type":"ListItem","position":1,"name":"In\u00edcio","item":"https:\/\/www.p22on.com.br\/"},{"@type":"ListItem","position":2,"name":"Restaura\u00e7\u00e3o: por que ampliar o olhar para a paisagem"}]},{"@type":"WebSite","@id":"https:\/\/www.p22on.com.br\/#website","url":"https:\/\/www.p22on.com.br\/","name":"P22_ON","description":"","potentialAction":[{"@type":"SearchAction","target":{"@type":"EntryPoint","urlTemplate":"https:\/\/www.p22on.com.br\/?s={search_term_string}"},"query-input":"required name=search_term_string"}],"inLanguage":"en-US"},{"@type":"Person","@id":"https:\/\/www.p22on.com.br\/#\/schema\/person\/7fc895a9bd2ec411fd1454b133e7b0da","name":"P\u00e1gina22","image":{"@type":"ImageObject","inLanguage":"en-US","@id":"https:\/\/www.p22on.com.br\/#\/schema\/person\/image\/","url":"https:\/\/secure.gravatar.com\/avatar\/75bff9c570b228ec0455ff0788a3e2f4?s=96&d=mm&r=g","contentUrl":"https:\/\/secure.gravatar.com\/avatar\/75bff9c570b228ec0455ff0788a3e2f4?s=96&d=mm&r=g","caption":"P\u00e1gina22"},"url":"https:\/\/www.p22on.com.br\/author\/pagina22\/"}]}},"_links":{"self":[{"href":"https:\/\/www.p22on.com.br\/wp-json\/wp\/v2\/posts\/3155"}],"collection":[{"href":"https:\/\/www.p22on.com.br\/wp-json\/wp\/v2\/posts"}],"about":[{"href":"https:\/\/www.p22on.com.br\/wp-json\/wp\/v2\/types\/post"}],"author":[{"embeddable":true,"href":"https:\/\/www.p22on.com.br\/wp-json\/wp\/v2\/users\/3"}],"replies":[{"embeddable":true,"href":"https:\/\/www.p22on.com.br\/wp-json\/wp\/v2\/comments?post=3155"}],"version-history":[{"count":18,"href":"https:\/\/www.p22on.com.br\/wp-json\/wp\/v2\/posts\/3155\/revisions"}],"predecessor-version":[{"id":3723,"href":"https:\/\/www.p22on.com.br\/wp-json\/wp\/v2\/posts\/3155\/revisions\/3723"}],"wp:featuredmedia":[{"embeddable":true,"href":"https:\/\/www.p22on.com.br\/wp-json\/wp\/v2\/media\/3179"}],"wp:attachment":[{"href":"https:\/\/www.p22on.com.br\/wp-json\/wp\/v2\/media?parent=3155"}],"wp:term":[{"taxonomy":"category","embeddable":true,"href":"https:\/\/www.p22on.com.br\/wp-json\/wp\/v2\/categories?post=3155"},{"taxonomy":"post_tag","embeddable":true,"href":"https:\/\/www.p22on.com.br\/wp-json\/wp\/v2\/tags?post=3155"}],"curies":[{"name":"wp","href":"https:\/\/api.w.org\/{rel}","templated":true}]}}