{"id":3427,"date":"2021-09-23T16:02:42","date_gmt":"2021-09-23T19:02:42","guid":{"rendered":"http:\/\/www.p22on.com.br\/?p=3427"},"modified":"2022-02-22T07:50:49","modified_gmt":"2022-02-22T10:50:49","slug":"dicionario-notas-videos-dicas-afins","status":"publish","type":"post","link":"https:\/\/www.p22on.com.br\/2021\/09\/23\/dicionario-notas-videos-dicas-afins\/","title":{"rendered":"Dicion\u00e1rio, notas, v\u00eddeos, dicas & afins"},"content":{"rendered":"<p><em>Compila\u00e7\u00e3o: <strong>Am\u00e1lia Safatle<\/strong> _ Foto: Richard James\/ Unsplash<\/em><\/p>\n<h4 style=\"text-align: center;\">Dicion\u00e1rio<\/h4>\n<p><strong>Adicionalidade <\/strong>\u2013 no \u00e2mbito clim\u00e1tico, significa que uma atividade deve, comprovadamente, resultar na redu\u00e7\u00e3o de emiss\u00f5es de gases de efeito estufa ou no aumento de remo\u00e7\u00f5es de carbono de forma adicional ao que ocorreria na aus\u00eancia de uma atividade de projeto. Tal crit\u00e9rio tem como objetivo avaliar se a atividade proporciona uma redu\u00e7\u00e3o real, mensur\u00e1vel e de longo prazo para a mitiga\u00e7\u00e3o da mudan\u00e7a clim\u00e1tica. (Fonte: Ipam Amaz\u00f4nia)<\/p>\n<p><strong>BlackRock<\/strong> \u2013 Gestora de ativos que se tornou c\u00e9lebre pelas cartas de seu CEO, Larry Fink, ao mercado, onde dita tend\u00eancias e faz apelo pela descarboniza\u00e7\u00e3o dos portf\u00f3lios de investimentos<\/p>\n<p><strong>Business Roundtable <\/strong>\u2013 organizac\u0327a\u0303o que reu\u0301ne CEOs das maiores empresas dos EUA. Em agosto de 2019, divulgou uma nova declarac\u0327a\u0303o sobre propo\u0301sito alinhada a\u0300 ideia de atendimento das necessidades de todas as partes interessadas, e da Agenda 2030 para o Desenvolvimento Sustenta\u0301vel da ONU, composta pelos 17 Objetivos de Desenvolvimento Sustenta\u0301vel (ODS) e 169 metas, cujo fundamento e\u0301 fazer todos os pai\u0301ses e <em>stakeholders<\/em> atuarem por uma parceria global para o desenvolvimento sustenta\u0301vel. (Fonte: Artha Educa\u00e7\u00e3o)<\/p>\n<p><strong>Capitalismo de partes interessadas (<em>stakeholder capitalism<\/em>)<\/strong> \u2013 modelo em que sa\u0303o beneficiados acionistas e tambe\u0301m clientes e comunidades, sem a necessidade de se abandonar a busca por retornos financeiros. A \u201cteoria das partes interessadas&#8221;, criada por Klaus Schwab em 1970 (na e\u0301poca, professor de Economia), foi uma espe\u0301cie de embria\u0303o do<em> stakeholder capitalism<\/em>, em cena\u0301rio marcado por Guerra Fria, Guerra do Vietna\u0303 e aproximac\u0327a\u0303o da crise do petro\u0301leo. A visa\u0303o desse capitalismo socialmente responsa\u0301vel foi reafirmada pelo Manifesto de Davos 2020.<\/p>\n<p><strong>Capitalismo extrativo <\/strong>\u2013 forma de capitalismo baseada na extra\u00e7\u00e3o de lucros da humanidade e da natureza, em oposi\u00e7\u00e3o \u00e0 ideia modernista de produtividade e consumo de massa.<\/p>\n<p><strong><em>Compliance<\/em> <\/strong>\u2013 estar em conformidade com leis, normas, controles internos e externos, al\u00e9m de todas as pol\u00edticas e diretrizes estabelecidas para o seu neg\u00f3cio. Isso vale para as esferas trabalhista, fiscal, cont\u00e1bil, financeira, ambiental, jur\u00eddica, previdenci\u00e1ria e \u00e9tica. (Fonte: Endeavor)<em>\u00a0<\/em><\/p>\n<p><strong><em>Corporation<\/em><\/strong> \u2013 entidade legal separada e distinta de seus propriet\u00e1rios. Os acionistas podem participar dos lucros por meio de dividendos e valoriza\u00e7\u00e3o das a\u00e7\u00f5es, mas n\u00e3o s\u00e3o pessoalmente respons\u00e1veis pelas d\u00edvidas da empresa.<\/p>\n<p><strong>Custo de capital<\/strong> \u2013 taxa de juros que as empresas usam para calcular o valor do dinheiro no tempo.<\/p>\n<p><strong>Davos Manifesto 2020 <\/strong>\u2013 convoca as empresas para se alinharem ao <strong>capitalismo das partes interessadas<\/strong> \u2014 conhecido como <em>stakeholder capitalism<\/em> \u2014 e trabalharem para melhorar o mundo em que operam, criando valor no longo prazo e compartilhando-o de maneira justa. (Fonte: Artha Educa\u00e7\u00e3o)<strong>\u00a0<\/strong><\/p>\n<p><strong>Estado de Direito <\/strong>\u2013 situa\u00e7\u00e3o jur\u00eddica ou sistema institucional em que cada um e todos (do indiv\u00edduo comum at\u00e9 o poder p\u00fablico) s\u00e3o submetidos ao &#8220;imp\u00e9rio do Direito&#8221;. O Estado de Direito \u00e9, assim, ligado ao respeito \u00e0s normas e aos direitos fundamentais, no qual at\u00e9 mesmo os mandat\u00e1rios pol\u00edticos (os eleitos, no caso da democracia) est\u00e3o submissos \u00e0 legisla\u00e7\u00e3o vigente. O Imp\u00e9rio do Direito guia-se por tr\u00eas aspectos: as leis s\u00e3o criadas pelo pr\u00f3prio Estado, atrav\u00e9s de seus representantes politicamente constitu\u00eddos; o pr\u00f3prio Estado fica adstrito ao cumprimento das regras e dos limites por ele mesmo impostos; o poder estatal \u00e9 limitado pela lei, n\u00e3o sendo absoluto, e o controle desta limita\u00e7\u00e3o se d\u00e1 atrav\u00e9s do acesso de todos ao Poder Judici\u00e1rio, que deve possuir autoridade e autonomia para garantir que as leis existentes cumpram o seu papel de impor regras e limites ao exerc\u00edcio do poder estatal. (Fonte: Wikipedia)<\/p>\n<p><strong>Externalidades \u2013<\/strong> reflexos negativos ou positivos de uma atividade sentidos por aqueles que pouco ou nada contribu\u00edram para ger\u00e1-los. No caso de externalidades negativas, os preju\u00edzos impostos \u00e0 sociedade n\u00e3o s\u00e3o arcados por aqueles que os provocam, e sim pagos por todos.<\/p>\n<p><strong>Formul\u00e1rio de Refer\u00eancia<\/strong> \u2013 documento obrigat\u00f3rio disponibilizado pelas companhias abertas ao mercado, que tem como intuito fornecer aos acionistas um panorama geral da empresa.<\/p>\n<p><strong><em>Green bonds<\/em><\/strong> \u2013 t\u00edtulos de d\u00edvida verde, por meio dos quais se captam recursos dos investidores para investir em projetos ligados \u00e0 sustentabilidade<\/p>\n<p><strong><em>Greenwashing<\/em><\/strong><strong> \u2013 <\/strong>maquiagem verde, geralmente praticada por empresas sobre seus produtos e a\u00e7\u00f5es. O Instituto Brasileiro de Defesa do Consumidor (Idec) alerta para os seguintes sinais:<\/p>\n<ul>\n<li>Aus\u00eancia de certificados: o r\u00f3tulo do produto n\u00e3o comprova, por exemplo, que ele \u00e9 vegano ou org\u00e2nico, j\u00e1 que n\u00e3o apresenta estudos nem certificados.<\/li>\n<li>Troca oculta: ocorre quando a empresa faz uma falsa compensa\u00e7\u00e3o ambiental (por exemplo, o produto n\u00e3o utiliza pl\u00e1stico, mas em vez disso um volume enorme de \u00e1gua).<\/li>\n<li>Imprecis\u00e3o: usar, por exemplo, termos como \u201csustent\u00e1vel\u201d, \u201cvegano\u201d e \u201c<em>cruelty free<\/em>\u201d sem explicar ao consumidor como essas pr\u00e1ticas s\u00e3o adotadas pela empresa.<\/li>\n<li>Irrelev\u00e2ncia: a informa\u00e7\u00e3o pode ser verdadeira, mas do ponto de vista ambiental n\u00e3o faz qualquer diferen\u00e7a.<\/li>\n<li>Menor de dois males: uma empresa cujo produto tem menos pl\u00e1stico na sua composi\u00e7\u00e3o, mas n\u00e3o busca resolver o problema do lixo.<\/li>\n<li>Mentira descarada: informa\u00e7\u00f5es falsas, como a empresa afirmar que pratica o descarte seletivo quando n\u00e3o o faz.<\/li>\n<li>Falsos certificados: embalagens que usam a cor verde para mostrar um certo engajamento \u201c<em>green<\/em>\u201d apelando para certificados duvidosos ou que n\u00e3o t\u00eam comprova\u00e7\u00e3o cient\u00edfica.<\/li>\n<li>Outros sinais s\u00e3o: uso de jarg\u00e3o &#8220;cient\u00edfico&#8221; e de informa\u00e7\u00f5es desconhecidas pelo amplo p\u00fablico e &#8220;dem\u00f4nios maquiados&#8221; (por exemplo, cigarros org\u00e2nicos ou pesticidas &#8220;ambientalmente amig\u00e1veis&#8221;).<\/li>\n<\/ul>\n<p>A express\u00e3o tem sido emprestada para o campo da diversidade (<em>diversity washing<\/em>), dos ODS (<em>rainbow washing<\/em>) e da governan\u00e7a (<em>governance washing<\/em>), sempre com a conota\u00e7\u00e3o enganosa.<\/p>\n<p><strong>\u00cdndice de Gini <\/strong>\u2013 instrumento que mede o grau de concentra\u00e7\u00e3o de renda em determinado grupo. Numericamente, varia de zero a um. O valor zero representa a situa\u00e7\u00e3o de igualdade, ou seja, todos t\u00eam a mesma renda. O valor um est\u00e1 no extremo oposto, isto \u00e9, uma s\u00f3 pessoa det\u00e9m toda a riqueza. (Fonte: Ipea)<\/p>\n<p><strong>Lei Sarbanes-Oxley<\/strong> \u2013 motivada por esc\u00e2ndalos financeiros corporativos como o da Enron e sua auditoria Arthur Andersen, esta lei foi criada em 2002 com o objetivo de evitar a fuga dos investidores causada pela inseguran\u00e7a a respeito da governan\u00e7a das empresas.<\/p>\n<p><strong>Materialidade \u2013<\/strong> a relev\u00e2ncia dos diferentes fatores ambientais, sociais e de governan\u00e7a (ESG) para determinada empresa ou setor, o que pode ser medido pelo ganho ou perda financeira que o fator provoca, ou pelo impacto social ou ambiental gerado. A materialidade \u00e9 importante para que a empresa se atente ao que de fato importa e, com isso, evite pr\u00e1ticas que caracterizam <strong><em>greenwashing<\/em><\/strong>.<strong>\u00a0<\/strong><\/p>\n<p><strong>Mercado de capitais<\/strong> \u2013 mercado criado para a negocia\u00e7\u00e3o de ativos, como a\u00e7\u00f5es e t\u00edtulos de d\u00edvida, por meio do qual as empresas captam recursos para financiar projetos. Constitu\u00eddo por bolsas de valores, corretoras e institui\u00e7\u00f5es financeiras autorizadas, \u00e9 respons\u00e1vel pela intermedia\u00e7\u00e3o entre poupadores e tomadores de recursos.<\/p>\n<p><strong><em>Net zero<\/em><\/strong> \u2013 neutralidade de carbono significa a oben\u00e7\u00e3o de emiss\u00f5es l\u00edquidas igual a zero.<\/p>\n<p><strong>Novo Mercado <\/strong>\u2013 lan\u00e7ado no ano 2000, \u00e9 o n\u00edvel mais elevado de governan\u00e7a corporativa da Bolsa brasileira, a B3<strong>.<\/strong><\/p>\n<p><em><strong>Open banking <\/strong><\/em>\u2013 sistema de compartilhamento de dados financeiros de forma padronizada. Em uma \u00fanica plataforma, as diferentes institui\u00e7\u00f5es financeiras t\u00eam acesso a dados de clientes para oferecer produtos e servi\u00e7os personalizados e mais vantajosos para cada caso<\/p>\n<p><strong>Sistema B<\/strong> \u2013 certifica\u00e7\u00e3o de empresas que buscam equilibrar prop\u00f3sito e lucro, que re\u00fane 4 mil empresas no mundo, sendo 213 no Brasil.<\/p>\n<p><strong><em>Stakeholder stewardship<\/em><\/strong> \u2013 ou engajamento de partes interessadas, significa que as decis\u00f5es nas empresas deixam de ter apenas o foco no interesse de seus controladores e passam a atender tamb\u00e9m \u00e0s demandas dos diversos atores com os quais a empresa se relaciona (os <em>stakeholders<\/em>).<\/p>\n<p><strong><em>Stewardship <\/em><\/strong>\u2013 o engajamento conti\u0301nuo dos investidores que engloba monitoramento e discussa\u0303o sobre riscos, desafios e oportunidades das empresas, incluindo governanc\u0327a corporativa, social, ambiental, estrate\u0301gia, cultura organizacional, remunerac\u0327a\u0303o e comunicac\u0327a\u0303o. Ale\u0301m do trabalho junto a\u0300s empresas, o engajamento junto a reguladores, fiscalizadores e formuladores de poli\u0301ticas e\u0301 fundamental. Objetiva promover o sucesso de longo prazo das empresas, que beneficia os investidores, demais <em>stakeholders<\/em> e a economia, como um todo. (Fonte: Artha Educa\u00e7\u00e3o)<\/p>\n<h4 style=\"text-align: center;\">Notas, v\u00eddeos, dicas &amp; afins<\/h4>\n<p><strong>Al\u00f4, investidores<\/strong><\/p>\n<p>Em setembro, quando se celebra o Dia da Amaz\u00f4nia, a XP Investimentos publicou um relat\u00f3rio e listou as tr\u00eas principais raz\u00f5es pelas quais v\u00ea um cen\u00e1rio preocupante para o futuro da floresta \u2013 e, por consequ\u00eancia, para o Brasil e o mundo: 1) pela primeira vez na Hist\u00f3ria, a floresta passou a emitir mais carbono do que a absorv\u00ea-lo; 2) redu\u00e7\u00e3o da precipita\u00e7\u00e3o anual na regi\u00e3o, somada ao aumento da temperatura; e 3) impacto na biodiversidade da floresta. A casa aponta os setores que requerem maior aten\u00e7\u00e3o por parte dos investidores: produ\u00e7\u00e3o de soja e de gado, os maiores respons\u00e1veis pelo desmatamento no Pa\u00eds. Confira o <a href=\"https:\/\/conteudos.xpi.com.br\/esg\/amazonia-entendendo-a-importancia-da-maior-floresta-tropical-do-mundo\/\" target=\"_blank\" rel=\"noopener noreferrer\">relat\u00f3rio completo.<\/a><\/p>\n<p><strong>Al\u00f4, empresas e governos<\/strong><\/p>\n<p>Ex-ministro da Fazenda e diretor de estrat\u00e9gia econ\u00f4mica e rela\u00e7\u00f5es com mercados do Safra, Joaquim Levy tra\u00e7ou um mapa do caminho para a descarboniza\u00e7\u00e3o da economia brasileira, a fim de que o Pa\u00eds alcance em 2050 a emiss\u00e3o l\u00edquida zero. O mapa inclui agricultura, pecu\u00e1ria, transportes, energias renov\u00e1veis e efici\u00eancia na ind\u00fastria \u2013 al\u00e9m, \u00e9 claro, do fim do desmatamento. Ele garante que o esfor\u00e7o n\u00e3o envolve custos adicionais, e sim uma reorganiza\u00e7\u00e3o dos mercados. \u201cTudo isso com o Brasil crescendo e sendo competitivo\u201d, defende, <a href=\"https:\/\/youtu.be\/Rat3TNXsHDc\" target=\"_blank\" rel=\"noopener noreferrer\">nesta <em>live<\/em><\/a> realizada pelo jornal <em>Valor Econ\u00f4mico.<\/em><\/p>\n<p><strong>Brasil retrocede nos ODS<\/strong><\/p>\n<p>O <em>Relat\u00f3rio Luz <\/em>aponta que, das 169 metas da Agenda 2030, organizadas em 17 Objetivos de Desenvolvimento Sustent\u00e1vel (ODS), o Brasil n\u00e3o obteve nenhum avan\u00e7o, e o mais alarmante: houve retrocessos em 92 metas. \u00c9 o que mostra a quinta edi\u00e7\u00e3o do relat\u00f3rio, divulgada neste ano, com a contribui\u00e7\u00e3o de pesquisadores e especialistas de cerca de 60 organiza\u00e7\u00f5es da sociedade civil. Acesse o <a href=\"https:\/\/brasilnaagenda2030.files.wordpress.com\/2021\/07\/por_rl_2021_completo_vs_03_lowres.pdf\" target=\"_blank\" rel=\"noopener noreferrer\">estudo completo.<\/a><\/p>\n<p><strong>Sil\u00eancios eloquentes<\/strong><\/p>\n<p><a href=\"https:\/\/youtu.be\/1al0Ens2fVI\" target=\"_blank\" rel=\"noopener noreferrer\">Este webinar<\/a> traz um \u00e2ngulo diferente sobre a quest\u00e3o do racismo. Anna Lygia Costa Rego, professora de Economia Comportamental e Psicologia Experimental aplicada ao Direito na Funda\u00e7\u00e3o Getulio Vargas, apresenta o trabalho<em> Sil\u00eancios eloquentes \u2013 Uma an\u00e1lise do comportamento verbal em processos jur\u00eddicos<\/em>, no qual pesquisa o emprego de termos em determinados contextos:<\/p>\n<p><strong>Processo seletivo real<\/strong><\/p>\n<p>\u00c9 o nome da campanha da Rede Brasil do Pacto Global, que tem o objetivo de promover os pilares do programa que ajudam a transformar o mundo e seguem os dez princ\u00edpios universais das \u00e1reas de Direitos Humanos, Trabalho, Meio Ambiente e Anticorrup\u00e7\u00e3o. Neste v\u00eddeo, 48 segundos s\u00e3o suficientes para passar um belo recado para as empresas:<\/p>\n<p>&nbsp;<\/p>\n<p><iframe loading=\"lazy\" title=\"Processo Seletivo Real\" width=\"800\" height=\"450\" src=\"https:\/\/www.youtube.com\/embed\/ZhwykZqM0jM?feature=oembed\" frameborder=\"0\" allow=\"accelerometer; autoplay; clipboard-write; encrypted-media; gyroscope; picture-in-picture\" allowfullscreen><\/iframe><\/p>\n<p>&nbsp;<\/p>\n<p><strong>Democracia inacabada<\/strong><\/p>\n<p>O relato\u0301rio <a href=\"https:\/\/www.oxfam.org.br\/um-retrato-das-desigualdades-brasileiras\/democracia-inacabada\/\" target=\"_blank\" rel=\"noopener noreferrer\"><em>Democracia inacabada: um retrato das desigualdades brasileiras \u2013 2021<\/em> <\/a>analisa a relac\u0327a\u0303o entre desigualdades e democracia no Brasil, jogando luz sobre a participac\u0327a\u0303o e a representac\u0327a\u0303o como indispensa\u0301veis para efetivar comandos constitucionais por uma sociedade mais justa e igualita\u0301ria no Brasil.<\/p>\n<p><strong>Dribles milion\u00e1rios no Le\u00e3o<\/strong><\/p>\n<p>Como bilion\u00e1rios pagam milh\u00f5es para esconder trilh\u00f5es? H\u00e1 diversas formas de se esquivar legalmente de pagar impostos \u2013 o que ajuda a enriquecer ainda mais essa gente e a aumentar as desigualdades no mundo. Um desses artif\u00edcios ganha o eufemismo de planejamento tribut\u00e1rio, mas tamb\u00e9m pode ocorrer por meio de investimentos em para\u00edsos fiscais, <em>family offices<\/em> e investimento social privado na forma de organiza\u00e7\u00f5es que pagam menos impostos. \u00c9 o que desvenda o livro <em>The Wealth Hoarders: how billionaires pay millions to hide trillions<\/em> (ainda sem tradu\u00e7\u00e3o para o portugu\u00eas). <a href=\"https:\/\/www.youtube.com\/watch?v=6wGfDyARhtE\" target=\"_blank\" rel=\"noopener noreferrer\">Assista aqui<\/a> a uma entrevista (em ingl\u00eas) com o autor, Chuck Collins:<\/p>\n<p><strong>Desigualdade estrutural<\/strong><\/p>\n<p>Por meio deste v\u00eddeo de seis minutos (em ingl\u00eas), o professor Ladislau Dowbor mostra como a desigualdade se tornou um eixo estruturante da nossa sociedade. Os dados sobre os Estados Unidos servem para reflex\u00f5es tamb\u00e9m sobre o Brasil:<\/p>\n<p><iframe loading=\"lazy\" title=\"Wealth Inequality in America\" width=\"800\" height=\"450\" src=\"https:\/\/www.youtube.com\/embed\/QPKKQnijnsM?feature=oembed\" frameborder=\"0\" allow=\"accelerometer; autoplay; clipboard-write; encrypted-media; gyroscope; picture-in-picture\" allowfullscreen><\/iframe><\/p>\n<p>&nbsp;<\/p>\n<p><strong>Investimentos trilion\u00e1rios<\/strong><\/p>\n<p>Os ativos ESG no mundo devem ultrapassar US$ 53 trilh\u00f5es at\u00e9 2025, representando mais de um ter\u00e7o da estimativa de US$ 140,5 trilh\u00f5es em ativos totais sob gest\u00e3o (AUM, <em>assets under management<\/em>). A proje\u00e7\u00e3o \u00e9 da Bloomberg Intelligence. <a href=\"https:\/\/www.bloomberg.com\/professional\/blog\/esg-assets-may-hit-53-trillion-by-2025-a-third-of-global-aum\/\" target=\"_blank\" rel=\"noopener noreferrer\">Saiba mais.\u00a0<\/a><\/p>\n<p><strong>\u00a0<\/strong><strong>O BC d\u00e1 as cartas<\/strong><\/p>\n<p>Em setembro, o Banco Central do Brasil anunciou normas da agenda de sustentabilidade para o setor financeiro. Assista ao an\u00fancio aqui:<\/p>\n<p><iframe loading=\"lazy\" title=\"An\u00fancio de medidas da Agenda BC# Sustentabilidade\" width=\"800\" height=\"450\" src=\"https:\/\/www.youtube.com\/embed\/3EG5luMBm-8?feature=oembed\" frameborder=\"0\" allow=\"accelerometer; autoplay; clipboard-write; encrypted-media; gyroscope; picture-in-picture\" allowfullscreen><\/iframe><\/p>\n<p>&nbsp;<\/p>\n<p>E consulte as resolu\u00e7\u00f5es n\u00famero <a href=\"https:\/\/www.bcb.gov.br\/estabilidadefinanceira\/exibenormativo?tipo=Resolu%C3%A7%C3%A3o%20CMN&amp;numero=4945\" target=\"_blank\" rel=\"noopener noreferrer\">4.945<\/a>, <a href=\"https:\/\/www.bcb.gov.br\/estabilidadefinanceira\/exibenormativo?tipo=Resolu%C3%A7%C3%A3o%20BCB&amp;numero=139\" target=\"_blank\" rel=\"noopener noreferrer\">139<\/a>, <a href=\"https:\/\/www.bcb.gov.br\/estabilidadefinanceira\/exibenormativo?tipo=Resolu%C3%A7%C3%A3o%20BCB&amp;numero=140\" target=\"_blank\" rel=\"noopener noreferrer\">140<\/a>, <a href=\"https:\/\/www.bcb.gov.br\/estabilidadefinanceira\/exibenormativo?tipo=Instru%C3%A7%C3%A3o%20Normativa%20BCB&amp;numero=153\" target=\"_blank\" rel=\"noopener noreferrer\">153<\/a>, <a href=\"https:\/\/www.bcb.gov.br\/estabilidadefinanceira\/exibenormativo?tipo=Resolu%C3%A7%C3%A3o%20CMN&amp;numero=4943\" target=\"_blank\" rel=\"noopener noreferrer\">4.943<\/a> e <a href=\"https:\/\/www.bcb.gov.br\/estabilidadefinanceira\/exibenormativo?tipo=Resolu%C3%A7%C3%A3o%20CMN&amp;numero=4944\" target=\"_blank\" rel=\"noopener noreferrer\">4.944.<\/a><\/p>\n<p><strong>\u00a0<\/strong><\/p>\n<p><strong>ESG da Depress\u00e3o<\/strong><\/p>\n<p><a href=\"https:\/\/www.instagram.com\/esgdadepressao\" target=\"_blank\" rel=\"noopener noreferrer\">Este perfil no Instagram<\/a> aposta no humor para fazer cr\u00edticas ao <em>greenwashing<\/em> no ESG. Confira alguns memes:<\/p>\n<p><a href=\"http:\/\/www.p22on.com.br\/2021\/09\/23\/dicionario-notas-videos-dicas-afins\/screen-shot-2021-09-24-at-19-49-25\/\" rel=\"attachment wp-att-3493\"><img loading=\"lazy\" decoding=\"async\" class=\"aligncenter size-full wp-image-3493\" src=\"http:\/\/www.p22on.com.br\/wp-content\/uploads\/2021\/09\/Screen-Shot-2021-09-24-at-19.49.25.png\" alt=\"\" width=\"479\" height=\"458\" srcset=\"https:\/\/www.p22on.com.br\/wp-content\/uploads\/2021\/09\/Screen-Shot-2021-09-24-at-19.49.25.png 479w, https:\/\/www.p22on.com.br\/wp-content\/uploads\/2021\/09\/Screen-Shot-2021-09-24-at-19.49.25-300x287.png 300w\" sizes=\"(max-width: 479px) 100vw, 479px\" \/><\/a><\/p>\n<p><a href=\"http:\/\/www.p22on.com.br\/2021\/09\/23\/dicionario-notas-videos-dicas-afins\/screen-shot-2021-09-24-at-19-50-59\/\" rel=\"attachment wp-att-3494\"><img loading=\"lazy\" decoding=\"async\" class=\"aligncenter size-full wp-image-3494\" src=\"http:\/\/www.p22on.com.br\/wp-content\/uploads\/2021\/09\/Screen-Shot-2021-09-24-at-19.50.59.png\" alt=\"\" width=\"478\" height=\"376\" srcset=\"https:\/\/www.p22on.com.br\/wp-content\/uploads\/2021\/09\/Screen-Shot-2021-09-24-at-19.50.59.png 478w, https:\/\/www.p22on.com.br\/wp-content\/uploads\/2021\/09\/Screen-Shot-2021-09-24-at-19.50.59-300x236.png 300w\" sizes=\"(max-width: 478px) 100vw, 478px\" \/><\/a><\/p>\n<p><a href=\"http:\/\/www.p22on.com.br\/2021\/09\/23\/dicionario-notas-videos-dicas-afins\/screen-shot-2021-09-24-at-19-54-00\/\" rel=\"attachment wp-att-3495\"><img loading=\"lazy\" decoding=\"async\" class=\"aligncenter size-full wp-image-3495\" src=\"http:\/\/www.p22on.com.br\/wp-content\/uploads\/2021\/09\/Screen-Shot-2021-09-24-at-19.54.00.png\" alt=\"\" width=\"481\" height=\"475\" srcset=\"https:\/\/www.p22on.com.br\/wp-content\/uploads\/2021\/09\/Screen-Shot-2021-09-24-at-19.54.00.png 481w, https:\/\/www.p22on.com.br\/wp-content\/uploads\/2021\/09\/Screen-Shot-2021-09-24-at-19.54.00-300x296.png 300w\" sizes=\"(max-width: 481px) 100vw, 481px\" \/><\/a><\/p>\n<p>&nbsp;<\/p>\n<p>&nbsp;<\/p>\n","protected":false},"excerpt":{"rendered":"<p>Compila\u00e7\u00e3o: Am\u00e1lia Safatle _ Foto: Richard James\/ Unsplash Dicion\u00e1rio Adicionalidade \u2013 no \u00e2mbito clim\u00e1tico, significa que uma atividade deve, comprovadamente, resultar na redu\u00e7\u00e3o de emiss\u00f5es de gases de efeito estufa ou no aumento de remo\u00e7\u00f5es de carbono de forma adicional ao que ocorreria na aus\u00eancia de uma atividade de projeto. Tal crit\u00e9rio tem como objetivo [&hellip;]<\/p>\n","protected":false},"author":3,"featured_media":3472,"comment_status":"closed","ping_status":"closed","sticky":false,"template":"","format":"standard","meta":{"footnotes":""},"categories":[2450],"tags":[43,17,2490,2593,2237,18,2208,2463,2469,2594,22],"yoast_head":"<!-- This site is optimized with the Yoast SEO plugin v21.5 - https:\/\/yoast.com\/wordpress\/plugins\/seo\/ -->\n<title>Dicion\u00e1rio, notas, v\u00eddeos, dicas &amp; afins<\/title>\n<meta name=\"description\" content=\"Compila\u00e7\u00e3o: Am\u00e1lia Safatle _ Foto: Richard James\/ Unsplash Dicion\u00e1rio Adicionalidade \u2013 no \u00e2mbito clim\u00e1tico, significa que uma atividade deve, comprovadamente, resultar na redu\u00e7\u00e3o de emiss\u00f5es de gases de efeito estufa ou no aumento de remo\u00e7\u00f5es de carbono de forma adicional ao que ocorreria na aus\u00eancia de uma atividade de projeto. Tal crit\u00e9rio tem como objetivo&hellip;\" \/>\n<meta name=\"robots\" content=\"index, follow, max-snippet:-1, max-image-preview:large, max-video-preview:-1\" \/>\n<link rel=\"canonical\" href=\"https:\/\/www.p22on.com.br\/2021\/09\/23\/dicionario-notas-videos-dicas-afins\/\" \/>\n<meta property=\"og:locale\" content=\"en_US\" \/>\n<meta property=\"og:type\" content=\"article\" \/>\n<meta property=\"og:title\" content=\"Dicion\u00e1rio, notas, v\u00eddeos, dicas &amp; afins\" \/>\n<meta property=\"og:description\" content=\"Compila\u00e7\u00e3o: Am\u00e1lia Safatle _ Foto: Richard James\/ Unsplash Dicion\u00e1rio Adicionalidade \u2013 no \u00e2mbito clim\u00e1tico, significa que uma atividade deve, comprovadamente, resultar na redu\u00e7\u00e3o de emiss\u00f5es de gases de efeito estufa ou no aumento de remo\u00e7\u00f5es de carbono de forma adicional ao que ocorreria na aus\u00eancia de uma atividade de projeto. Tal crit\u00e9rio tem como objetivo&hellip;\" \/>\n<meta property=\"og:url\" content=\"https:\/\/www.p22on.com.br\/2021\/09\/23\/dicionario-notas-videos-dicas-afins\/\" \/>\n<meta property=\"og:site_name\" content=\"P22_ON\" \/>\n<meta property=\"article:publisher\" content=\"https:\/\/www.facebook.com\/p22on\" \/>\n<meta property=\"article:published_time\" content=\"2021-09-23T19:02:42+00:00\" \/>\n<meta property=\"article:modified_time\" content=\"2022-02-22T10:50:49+00:00\" \/>\n<meta property=\"og:image\" content=\"https:\/\/www.p22on.com.br\/wp-content\/uploads\/2021\/09\/richard-james-BAUunsplash.jpeg\" \/>\n\t<meta property=\"og:image:width\" content=\"1280\" \/>\n\t<meta property=\"og:image:height\" content=\"960\" \/>\n\t<meta property=\"og:image:type\" content=\"image\/jpeg\" \/>\n<meta name=\"author\" content=\"P\u00e1gina22\" \/>\n<meta name=\"twitter:card\" content=\"summary_large_image\" \/>\n<meta name=\"twitter:creator\" content=\"@p22on\" \/>\n<meta name=\"twitter:site\" content=\"@p22on\" \/>\n<meta name=\"twitter:label1\" content=\"Written by\" \/>\n\t<meta name=\"twitter:data1\" content=\"P\u00e1gina22\" \/>\n\t<meta name=\"twitter:label2\" content=\"Est. reading time\" \/>\n\t<meta name=\"twitter:data2\" content=\"11 minutes\" \/>\n<script type=\"application\/ld+json\" class=\"yoast-schema-graph\">{\"@context\":\"https:\/\/schema.org\",\"@graph\":[{\"@type\":\"WebPage\",\"@id\":\"https:\/\/www.p22on.com.br\/2021\/09\/23\/dicionario-notas-videos-dicas-afins\/\",\"url\":\"https:\/\/www.p22on.com.br\/2021\/09\/23\/dicionario-notas-videos-dicas-afins\/\",\"name\":\"Dicion\u00e1rio, notas, v\u00eddeos, dicas & afins - P22_ON\",\"isPartOf\":{\"@id\":\"https:\/\/www.p22on.com.br\/#website\"},\"datePublished\":\"2021-09-23T19:02:42+00:00\",\"dateModified\":\"2022-02-22T10:50:49+00:00\",\"author\":{\"@id\":\"https:\/\/www.p22on.com.br\/#\/schema\/person\/7fc895a9bd2ec411fd1454b133e7b0da\"},\"breadcrumb\":{\"@id\":\"https:\/\/www.p22on.com.br\/2021\/09\/23\/dicionario-notas-videos-dicas-afins\/#breadcrumb\"},\"inLanguage\":\"en-US\",\"potentialAction\":[{\"@type\":\"ReadAction\",\"target\":[\"https:\/\/www.p22on.com.br\/2021\/09\/23\/dicionario-notas-videos-dicas-afins\/\"]}]},{\"@type\":\"BreadcrumbList\",\"@id\":\"https:\/\/www.p22on.com.br\/2021\/09\/23\/dicionario-notas-videos-dicas-afins\/#breadcrumb\",\"itemListElement\":[{\"@type\":\"ListItem\",\"position\":1,\"name\":\"In\u00edcio\",\"item\":\"https:\/\/www.p22on.com.br\/\"},{\"@type\":\"ListItem\",\"position\":2,\"name\":\"Dicion\u00e1rio, notas, v\u00eddeos, dicas & afins\"}]},{\"@type\":\"WebSite\",\"@id\":\"https:\/\/www.p22on.com.br\/#website\",\"url\":\"https:\/\/www.p22on.com.br\/\",\"name\":\"P22_ON\",\"description\":\"\",\"potentialAction\":[{\"@type\":\"SearchAction\",\"target\":{\"@type\":\"EntryPoint\",\"urlTemplate\":\"https:\/\/www.p22on.com.br\/?s={search_term_string}\"},\"query-input\":\"required name=search_term_string\"}],\"inLanguage\":\"en-US\"},{\"@type\":\"Person\",\"@id\":\"https:\/\/www.p22on.com.br\/#\/schema\/person\/7fc895a9bd2ec411fd1454b133e7b0da\",\"name\":\"P\u00e1gina22\",\"image\":{\"@type\":\"ImageObject\",\"inLanguage\":\"en-US\",\"@id\":\"https:\/\/www.p22on.com.br\/#\/schema\/person\/image\/\",\"url\":\"https:\/\/secure.gravatar.com\/avatar\/75bff9c570b228ec0455ff0788a3e2f4?s=96&d=mm&r=g\",\"contentUrl\":\"https:\/\/secure.gravatar.com\/avatar\/75bff9c570b228ec0455ff0788a3e2f4?s=96&d=mm&r=g\",\"caption\":\"P\u00e1gina22\"},\"url\":\"https:\/\/www.p22on.com.br\/author\/pagina22\/\"}]}<\/script>\n<!-- \/ Yoast SEO plugin. -->","yoast_head_json":{"title":"Dicion\u00e1rio, notas, v\u00eddeos, dicas & afins","description":"Compila\u00e7\u00e3o: Am\u00e1lia Safatle _ Foto: Richard James\/ Unsplash Dicion\u00e1rio Adicionalidade \u2013 no \u00e2mbito clim\u00e1tico, significa que uma atividade deve, comprovadamente, resultar na redu\u00e7\u00e3o de emiss\u00f5es de gases de efeito estufa ou no aumento de remo\u00e7\u00f5es de carbono de forma adicional ao que ocorreria na aus\u00eancia de uma atividade de projeto. Tal crit\u00e9rio tem como objetivo&hellip;","robots":{"index":"index","follow":"follow","max-snippet":"max-snippet:-1","max-image-preview":"max-image-preview:large","max-video-preview":"max-video-preview:-1"},"canonical":"https:\/\/www.p22on.com.br\/2021\/09\/23\/dicionario-notas-videos-dicas-afins\/","og_locale":"en_US","og_type":"article","og_title":"Dicion\u00e1rio, notas, v\u00eddeos, dicas & afins","og_description":"Compila\u00e7\u00e3o: Am\u00e1lia Safatle _ Foto: Richard James\/ Unsplash Dicion\u00e1rio Adicionalidade \u2013 no \u00e2mbito clim\u00e1tico, significa que uma atividade deve, comprovadamente, resultar na redu\u00e7\u00e3o de emiss\u00f5es de gases de efeito estufa ou no aumento de remo\u00e7\u00f5es de carbono de forma adicional ao que ocorreria na aus\u00eancia de uma atividade de projeto. Tal crit\u00e9rio tem como objetivo&hellip;","og_url":"https:\/\/www.p22on.com.br\/2021\/09\/23\/dicionario-notas-videos-dicas-afins\/","og_site_name":"P22_ON","article_publisher":"https:\/\/www.facebook.com\/p22on","article_published_time":"2021-09-23T19:02:42+00:00","article_modified_time":"2022-02-22T10:50:49+00:00","og_image":[{"width":1280,"height":960,"url":"https:\/\/www.p22on.com.br\/wp-content\/uploads\/2021\/09\/richard-james-BAUunsplash.jpeg","type":"image\/jpeg"}],"author":"P\u00e1gina22","twitter_card":"summary_large_image","twitter_creator":"@p22on","twitter_site":"@p22on","twitter_misc":{"Written by":"P\u00e1gina22","Est. reading time":"11 minutes"},"schema":{"@context":"https:\/\/schema.org","@graph":[{"@type":"WebPage","@id":"https:\/\/www.p22on.com.br\/2021\/09\/23\/dicionario-notas-videos-dicas-afins\/","url":"https:\/\/www.p22on.com.br\/2021\/09\/23\/dicionario-notas-videos-dicas-afins\/","name":"Dicion\u00e1rio, notas, v\u00eddeos, dicas & afins - P22_ON","isPartOf":{"@id":"https:\/\/www.p22on.com.br\/#website"},"datePublished":"2021-09-23T19:02:42+00:00","dateModified":"2022-02-22T10:50:49+00:00","author":{"@id":"https:\/\/www.p22on.com.br\/#\/schema\/person\/7fc895a9bd2ec411fd1454b133e7b0da"},"breadcrumb":{"@id":"https:\/\/www.p22on.com.br\/2021\/09\/23\/dicionario-notas-videos-dicas-afins\/#breadcrumb"},"inLanguage":"en-US","potentialAction":[{"@type":"ReadAction","target":["https:\/\/www.p22on.com.br\/2021\/09\/23\/dicionario-notas-videos-dicas-afins\/"]}]},{"@type":"BreadcrumbList","@id":"https:\/\/www.p22on.com.br\/2021\/09\/23\/dicionario-notas-videos-dicas-afins\/#breadcrumb","itemListElement":[{"@type":"ListItem","position":1,"name":"In\u00edcio","item":"https:\/\/www.p22on.com.br\/"},{"@type":"ListItem","position":2,"name":"Dicion\u00e1rio, notas, v\u00eddeos, dicas & afins"}]},{"@type":"WebSite","@id":"https:\/\/www.p22on.com.br\/#website","url":"https:\/\/www.p22on.com.br\/","name":"P22_ON","description":"","potentialAction":[{"@type":"SearchAction","target":{"@type":"EntryPoint","urlTemplate":"https:\/\/www.p22on.com.br\/?s={search_term_string}"},"query-input":"required name=search_term_string"}],"inLanguage":"en-US"},{"@type":"Person","@id":"https:\/\/www.p22on.com.br\/#\/schema\/person\/7fc895a9bd2ec411fd1454b133e7b0da","name":"P\u00e1gina22","image":{"@type":"ImageObject","inLanguage":"en-US","@id":"https:\/\/www.p22on.com.br\/#\/schema\/person\/image\/","url":"https:\/\/secure.gravatar.com\/avatar\/75bff9c570b228ec0455ff0788a3e2f4?s=96&d=mm&r=g","contentUrl":"https:\/\/secure.gravatar.com\/avatar\/75bff9c570b228ec0455ff0788a3e2f4?s=96&d=mm&r=g","caption":"P\u00e1gina22"},"url":"https:\/\/www.p22on.com.br\/author\/pagina22\/"}]}},"_links":{"self":[{"href":"https:\/\/www.p22on.com.br\/wp-json\/wp\/v2\/posts\/3427"}],"collection":[{"href":"https:\/\/www.p22on.com.br\/wp-json\/wp\/v2\/posts"}],"about":[{"href":"https:\/\/www.p22on.com.br\/wp-json\/wp\/v2\/types\/post"}],"author":[{"embeddable":true,"href":"https:\/\/www.p22on.com.br\/wp-json\/wp\/v2\/users\/3"}],"replies":[{"embeddable":true,"href":"https:\/\/www.p22on.com.br\/wp-json\/wp\/v2\/comments?post=3427"}],"version-history":[{"count":6,"href":"https:\/\/www.p22on.com.br\/wp-json\/wp\/v2\/posts\/3427\/revisions"}],"predecessor-version":[{"id":3543,"href":"https:\/\/www.p22on.com.br\/wp-json\/wp\/v2\/posts\/3427\/revisions\/3543"}],"wp:featuredmedia":[{"embeddable":true,"href":"https:\/\/www.p22on.com.br\/wp-json\/wp\/v2\/media\/3472"}],"wp:attachment":[{"href":"https:\/\/www.p22on.com.br\/wp-json\/wp\/v2\/media?parent=3427"}],"wp:term":[{"taxonomy":"category","embeddable":true,"href":"https:\/\/www.p22on.com.br\/wp-json\/wp\/v2\/categories?post=3427"},{"taxonomy":"post_tag","embeddable":true,"href":"https:\/\/www.p22on.com.br\/wp-json\/wp\/v2\/tags?post=3427"}],"curies":[{"name":"wp","href":"https:\/\/api.w.org\/{rel}","templated":true}]}}