{"id":608,"date":"2016-03-02T10:14:23","date_gmt":"2016-03-02T13:14:23","guid":{"rendered":"http:\/\/www.p22on.com.br\/?p=608"},"modified":"2022-02-22T12:18:42","modified_gmt":"2022-02-22T15:18:42","slug":"pensamentos","status":"publish","type":"post","link":"https:\/\/www.p22on.com.br\/2016\/03\/02\/pensamentos\/","title":{"rendered":"\u201cSe meu olhar muda, o mundo muda.\u201d\u00a0\u2013 Basarab Nicolescu"},"content":{"rendered":"<p style=\"text-align: left;\">Por<em> Am\u00e1lia Safatle<\/em><\/p>\n<p>Que o atual modelo de desenvolvimento apresenta falhas profundas, n\u00e3o restam mais d\u00favidas. A humanidade passou a impor tamanha press\u00e3o sobre os recursos do ambiente onde vive que a conta n\u00e3o fecha, ao contr\u00e1rio, a \u201cd\u00edvida\u201d s\u00f3 aumenta ano a ano. O ser humano extrai mais do que a Terra consegue repor, e devolve rejeitos em uma quantidade e velocidade que a Terra tamb\u00e9m n\u00e3o consegue processar.<\/p>\n<p style=\"text-align: justify;\">N\u00e3o bastasse isso, esse sistema para o qual trabalhamos, al\u00e9m do fato de que n\u00e3o conseguir\u00e1 prover as necessidades das pr\u00f3ximas gera\u00e7\u00f5es, n\u00e3o \u00e9 capaz de gerar bem-estar para a imensa maioria das pessoas j\u00e1 nos dias de hoje. O modelo que n\u00f3s mesmos alimentamos produz disparidades, injusti\u00e7as e desequil\u00edbrios na esfera da economia, das rela\u00e7\u00f5es sociais e do ambiente. Qual \u00e9, portanto, o sentido do que fazemos em nossas escolas e no mercado de trabalho? O que estamos ajudando a construir?<\/p>\n<p style=\"text-align: justify;\">Em 1974, em <em>O Mito do Desenvolvimento Econ\u00f4mico<\/em>, o economista Celso Furtado, j\u00e1 apontava para o irrealismo do modelo utilizado para projetar a economia mundial, dialogando com o estudo <em>The Limits of Growth<\/em>, desenvolvido pelo MIT para o chamado Clube de Roma.<\/p>\n<p style=\"text-align: justify;\">Foi nesse contexto que h\u00e1 cerca de 40 anos houve um despertar para o tema da sustentabilidade, e a partir da\u00ed um questionamento crescente sobre os valores que aprendemos nas escolas e em seguida reproduzimos nas empresas e nos governos.<\/p>\n<p style=\"text-align: justify;\">A forma\u00e7\u00e3o, portanto, surge na base dessa necess\u00e1ria revis\u00e3o de modelo. Sem mudar o olhar, o mundo n\u00e3o mudar\u00e1. \u00c9 essa mudan\u00e7a de olhar que a Forma\u00e7\u00e3o para a Sustentabilidade prop\u00f5e.<\/p>\n<p style=\"text-align: justify;\">Para essa revis\u00e3o ocorrer, no entanto, \u00e9 preciso uma nova \u00e9tica, um novo conjunto de comportamentos. O pensador franc\u00eas Edgar Morin fala em \u201c\u00e9tica da educa\u00e7\u00e3o planet\u00e1ria\u201d, e a define como prioridade m\u00e1xima para a educa\u00e7\u00e3o no s\u00e9culo XXI.<\/p>\n<p style=\"text-align: justify;\">Na obra <em>Os Sete Saberes Necess\u00e1rios \u00e0 Educa\u00e7\u00e3o do Futuro<\/em> (2011), Morin prop\u00f5e \u201cconhecer o conhecimento humano; superar a supremacia do conhecimento fragmentado, substituindo-a por um modo de conhecer capaz de apreender os objetos em toda sua complexidade; restituir na educa\u00e7\u00e3o a capacidade de compreendermos o que significa ser humano; e ensinar a \u00e9tica, n\u00e3o por meio de li\u00e7\u00f5es de moral, mas com base na consci\u00eancia de que somos, ao mesmo tempo, indiv\u00edduo, parte da sociedade, e parte da esp\u00e9cie\u201d.<\/p>\n<figure id=\"attachment_654\" aria-describedby=\"caption-attachment-654\" style=\"width: 468px\" class=\"wp-caption alignleft\"><a href=\"http:\/\/www.p22on.com.br\/wp-content\/uploads\/2016\/02\/darlusz.wieckiewicz.org_.jpg\"><img loading=\"lazy\" decoding=\"async\" class=\" wp-image-654\" src=\"http:\/\/www.p22on.com.br\/wp-content\/uploads\/2016\/02\/darlusz.wieckiewicz.org_.jpg\" alt=\"darlusz.wieckiewicz.org\" width=\"468\" height=\"351\" srcset=\"https:\/\/www.p22on.com.br\/wp-content\/uploads\/2016\/02\/darlusz.wieckiewicz.org_.jpg 640w, https:\/\/www.p22on.com.br\/wp-content\/uploads\/2016\/02\/darlusz.wieckiewicz.org_-300x225.jpg 300w\" sizes=\"(max-width: 468px) 100vw, 468px\" \/><\/a><figcaption id=\"caption-attachment-654\" class=\"wp-caption-text\"><em>darlusz.wieckiewicz.org<\/em><\/figcaption><\/figure>\n<p style=\"text-align: justify;\">Se mudar o olhar faz mudar o mundo, o indiv\u00edduo coloca-se como o protagonista dessa transforma\u00e7\u00e3o. Mais ainda que o indiv\u00edduo, estamos falando do \u201cser humano em sua integralidade, dado que o ser humano \u00e9, a um s\u00f3 tempo, f\u00edsico, biol\u00f3gico, ps\u00edquico, cultural, social e hist\u00f3rico\u201d, aponta Morin.<\/p>\n<p style=\"text-align: justify;\">S\u00f3 que essa unidade complexa da natureza humana \u00e9 totalmente desintegrada na educa\u00e7\u00e3o por meio das disciplinas, tendo-se tornado imposs\u00edvel aprender o que significa ser humano. \u201c\u00c9 preciso restaur\u00e1-la, de modo que cada um, onde quer que se encontre, tome conhecimento e consci\u00eancia, ao mesmo tempo, de sua identidade complexa e de sua identidade comum a todos os outros humanos\u201d, diz o pensador.<\/p>\n<p style=\"text-align: justify;\">Nesse movimento de resgate, encontramos alguns pensamentos que podem servir como far\u00f3is para essa jornada que tem o interior de n\u00f3s mesmos como ponto de partida:<\/p>\n<p><strong>\u201cO viajante ainda \u00e9 aquele que mais importa numa viagem.\u201d<\/strong><\/p>\n<p><em>Andr\u00e9 Suar\u00e9s<\/em><\/p>\n<p style=\"text-align: right;\"><strong>\u201cDigo: o real n\u00e3o est\u00e1 na sa\u00edda nem na chegada: ele se disp\u00f5e para a gente \u00e9 no meio da travessia.\u201d<\/strong><\/p>\n<p style=\"text-align: right;\"><em>Guimar\u00e3es Rosa<\/em><\/p>\n<p><strong>\u201cConte-me e eu esque\u00e7o. Mostre-me e eu apenas lembro. Envolva-me e eu compreendo.\u201d<\/strong><\/p>\n<p><em>Conf\u00facio<\/em><\/p>\n<p style=\"text-align: right;\"><strong>\u201cO aprendido \u00e9 aquilo que fica depois que o esquecimento faz o seu trabalho.\u201d <\/strong><\/p>\n<p style=\"text-align: right;\"><em>Rubem Alves<\/em><\/p>\n<p><strong>\u201cAprender \u00e9 antes de tudo estar vivo e portanto essa a\u00e7\u00e3o pertence \u00e0 Vida. Gra\u00e7as \u00e0 sua capacidade de aprender, o ser humano \u00e9 capaz de atualizar, ou seja, tornar manifesto (realizar) seu potencial de evolu\u00e7\u00e3o (&#8230;). Nossa aprend\u00eancia \u00e9 o motor da emerg\u00eancia do sentido que buscamos.\u201d<\/strong><\/p>\n<p><em>H\u00e9l\u00e8ne Trocm\u00e9-Fabre<\/em><\/p>\n<p style=\"text-align: right;\"><strong>\u201cPara ser grande,<\/strong><\/p>\n<p style=\"text-align: right;\"><strong>s\u00ea inteiro;<\/strong><\/p>\n<p style=\"text-align: right;\"><strong>nada teu exagera ou exclui;<\/strong><\/p>\n<p style=\"text-align: right;\"><strong>s\u00ea todo em cada coisa;<\/strong><\/p>\n<p style=\"text-align: right;\"><strong>p\u00f5e quanto \u00e9s<\/strong><\/p>\n<p style=\"text-align: right;\"><strong>no m\u00ednimo que fazes;<\/strong><\/p>\n<p style=\"text-align: right;\"><strong>assim em cada lago,<\/strong><\/p>\n<p style=\"text-align: right;\"><strong>a lua toda brilha<\/strong><\/p>\n<p style=\"text-align: right;\"><strong>porque alta vive.\u201d<\/strong><\/p>\n<p style=\"text-align: right;\"><em>Fernando Pessoa<\/em><\/p>\n<p style=\"text-align: justify;\">Estes pensamentos integram o <em>Forma\u00e7\u00e3o Integrada para a Sustentabilidade: Guia de Fundamentos e Pr\u00e1ticas \u2013 vers\u00e3o 1.0<\/em>, produzido pelo FGVces. Acesse a \u00edntegra do guia <a href=\"http:\/\/gvces.com.br\/formacao-integrada-para-a-sustentabilidade-guia-de-fundamentos-e-praticas-versao-1-0?locale=pt-br\" target=\"_blank\" rel=\"noopener\">aqui<\/a>. E saiba mais sobre o FIS <a href=\"http:\/\/www.p22on.com.br\/pb\/2016\/02\/29\/praticas\/\" target=\"_blank\" rel=\"noopener\">aqui<\/a>.<\/p>\n","protected":false},"excerpt":{"rendered":"<p>Por Am\u00e1lia Safatle Que o atual modelo de desenvolvimento apresenta falhas profundas, n\u00e3o restam mais d\u00favidas. A humanidade passou a impor tamanha press\u00e3o sobre os recursos do ambiente onde vive que a conta n\u00e3o fecha, ao contr\u00e1rio, a \u201cd\u00edvida\u201d s\u00f3 aumenta ano a ano. O ser humano extrai mais do que a Terra consegue repor, [&hellip;]<\/p>\n","protected":false},"author":3,"featured_media":653,"comment_status":"closed","ping_status":"closed","sticky":false,"template":"","format":"standard","meta":{"footnotes":""},"categories":[371],"tags":[43,447,431,147,440,442,443,421,392,449,444,162,390,391,448,439,446,380,402,441,378,445,450],"yoast_head":"<!-- This site is optimized with the Yoast SEO plugin v21.5 - https:\/\/yoast.com\/wordpress\/plugins\/seo\/ -->\n<title>\u201cSe meu olhar muda, o mundo muda.\u201d\u00a0\u2013 Basarab Nicolescu<\/title>\n<meta name=\"description\" content=\"Por Am\u00e1lia Safatle Que o atual modelo de desenvolvimento apresenta falhas profundas, n\u00e3o restam mais d\u00favidas. A humanidade passou a impor tamanha press\u00e3o sobre os recursos do ambiente onde vive que a conta n\u00e3o fecha, ao contr\u00e1rio, a \u201cd\u00edvida\u201d s\u00f3 aumenta ano a ano. O ser humano extrai mais do que a Terra consegue repor,&hellip;\" \/>\n<meta name=\"robots\" content=\"index, follow, max-snippet:-1, max-image-preview:large, max-video-preview:-1\" \/>\n<link rel=\"canonical\" href=\"https:\/\/www.p22on.com.br\/2016\/03\/02\/pensamentos\/\" \/>\n<meta property=\"og:locale\" content=\"en_US\" \/>\n<meta property=\"og:type\" content=\"article\" \/>\n<meta property=\"og:title\" content=\"\u201cSe meu olhar muda, o mundo muda.\u201d\u00a0\u2013 Basarab Nicolescu\" \/>\n<meta property=\"og:description\" content=\"Por Am\u00e1lia Safatle Que o atual modelo de desenvolvimento apresenta falhas profundas, n\u00e3o restam mais d\u00favidas. A humanidade passou a impor tamanha press\u00e3o sobre os recursos do ambiente onde vive que a conta n\u00e3o fecha, ao contr\u00e1rio, a \u201cd\u00edvida\u201d s\u00f3 aumenta ano a ano. O ser humano extrai mais do que a Terra consegue repor,&hellip;\" \/>\n<meta property=\"og:url\" content=\"https:\/\/www.p22on.com.br\/2016\/03\/02\/pensamentos\/\" \/>\n<meta property=\"og:site_name\" content=\"P22_ON\" \/>\n<meta property=\"article:publisher\" content=\"https:\/\/www.facebook.com\/p22on\" \/>\n<meta property=\"article:published_time\" content=\"2016-03-02T13:14:23+00:00\" \/>\n<meta property=\"article:modified_time\" content=\"2022-02-22T15:18:42+00:00\" \/>\n<meta property=\"og:image\" content=\"https:\/\/www.p22on.com.br\/wp-content\/uploads\/2016\/02\/Dante-Relnert.jpg\" \/>\n\t<meta property=\"og:image:width\" content=\"800\" \/>\n\t<meta property=\"og:image:height\" content=\"571\" \/>\n\t<meta property=\"og:image:type\" content=\"image\/jpeg\" \/>\n<meta name=\"author\" content=\"P\u00e1gina22\" \/>\n<meta name=\"twitter:card\" content=\"summary_large_image\" \/>\n<meta name=\"twitter:creator\" content=\"@p22on\" \/>\n<meta name=\"twitter:site\" content=\"@p22on\" \/>\n<meta name=\"twitter:label1\" content=\"Written by\" \/>\n\t<meta name=\"twitter:data1\" content=\"P\u00e1gina22\" \/>\n\t<meta name=\"twitter:label2\" content=\"Est. reading time\" \/>\n\t<meta name=\"twitter:data2\" content=\"4 minutes\" \/>\n<script type=\"application\/ld+json\" class=\"yoast-schema-graph\">{\"@context\":\"https:\/\/schema.org\",\"@graph\":[{\"@type\":\"WebPage\",\"@id\":\"https:\/\/www.p22on.com.br\/2016\/03\/02\/pensamentos\/\",\"url\":\"https:\/\/www.p22on.com.br\/2016\/03\/02\/pensamentos\/\",\"name\":\"\u201cSe meu olhar muda, o mundo muda.\u201d\u00a0\u2013 Basarab Nicolescu - P22_ON\",\"isPartOf\":{\"@id\":\"https:\/\/www.p22on.com.br\/#website\"},\"datePublished\":\"2016-03-02T13:14:23+00:00\",\"dateModified\":\"2022-02-22T15:18:42+00:00\",\"author\":{\"@id\":\"https:\/\/www.p22on.com.br\/#\/schema\/person\/7fc895a9bd2ec411fd1454b133e7b0da\"},\"breadcrumb\":{\"@id\":\"https:\/\/www.p22on.com.br\/2016\/03\/02\/pensamentos\/#breadcrumb\"},\"inLanguage\":\"en-US\",\"potentialAction\":[{\"@type\":\"ReadAction\",\"target\":[\"https:\/\/www.p22on.com.br\/2016\/03\/02\/pensamentos\/\"]}]},{\"@type\":\"BreadcrumbList\",\"@id\":\"https:\/\/www.p22on.com.br\/2016\/03\/02\/pensamentos\/#breadcrumb\",\"itemListElement\":[{\"@type\":\"ListItem\",\"position\":1,\"name\":\"In\u00edcio\",\"item\":\"https:\/\/www.p22on.com.br\/\"},{\"@type\":\"ListItem\",\"position\":2,\"name\":\"\u201cSe meu olhar muda, o mundo muda.\u201d\u00a0\u2013 Basarab Nicolescu\"}]},{\"@type\":\"WebSite\",\"@id\":\"https:\/\/www.p22on.com.br\/#website\",\"url\":\"https:\/\/www.p22on.com.br\/\",\"name\":\"P22_ON\",\"description\":\"\",\"potentialAction\":[{\"@type\":\"SearchAction\",\"target\":{\"@type\":\"EntryPoint\",\"urlTemplate\":\"https:\/\/www.p22on.com.br\/?s={search_term_string}\"},\"query-input\":\"required name=search_term_string\"}],\"inLanguage\":\"en-US\"},{\"@type\":\"Person\",\"@id\":\"https:\/\/www.p22on.com.br\/#\/schema\/person\/7fc895a9bd2ec411fd1454b133e7b0da\",\"name\":\"P\u00e1gina22\",\"image\":{\"@type\":\"ImageObject\",\"inLanguage\":\"en-US\",\"@id\":\"https:\/\/www.p22on.com.br\/#\/schema\/person\/image\/\",\"url\":\"https:\/\/secure.gravatar.com\/avatar\/75bff9c570b228ec0455ff0788a3e2f4?s=96&d=mm&r=g\",\"contentUrl\":\"https:\/\/secure.gravatar.com\/avatar\/75bff9c570b228ec0455ff0788a3e2f4?s=96&d=mm&r=g\",\"caption\":\"P\u00e1gina22\"},\"url\":\"https:\/\/www.p22on.com.br\/author\/pagina22\/\"}]}<\/script>\n<!-- \/ Yoast SEO plugin. -->","yoast_head_json":{"title":"\u201cSe meu olhar muda, o mundo muda.\u201d\u00a0\u2013 Basarab Nicolescu","description":"Por Am\u00e1lia Safatle Que o atual modelo de desenvolvimento apresenta falhas profundas, n\u00e3o restam mais d\u00favidas. A humanidade passou a impor tamanha press\u00e3o sobre os recursos do ambiente onde vive que a conta n\u00e3o fecha, ao contr\u00e1rio, a \u201cd\u00edvida\u201d s\u00f3 aumenta ano a ano. O ser humano extrai mais do que a Terra consegue repor,&hellip;","robots":{"index":"index","follow":"follow","max-snippet":"max-snippet:-1","max-image-preview":"max-image-preview:large","max-video-preview":"max-video-preview:-1"},"canonical":"https:\/\/www.p22on.com.br\/2016\/03\/02\/pensamentos\/","og_locale":"en_US","og_type":"article","og_title":"\u201cSe meu olhar muda, o mundo muda.\u201d\u00a0\u2013 Basarab Nicolescu","og_description":"Por Am\u00e1lia Safatle Que o atual modelo de desenvolvimento apresenta falhas profundas, n\u00e3o restam mais d\u00favidas. A humanidade passou a impor tamanha press\u00e3o sobre os recursos do ambiente onde vive que a conta n\u00e3o fecha, ao contr\u00e1rio, a \u201cd\u00edvida\u201d s\u00f3 aumenta ano a ano. O ser humano extrai mais do que a Terra consegue repor,&hellip;","og_url":"https:\/\/www.p22on.com.br\/2016\/03\/02\/pensamentos\/","og_site_name":"P22_ON","article_publisher":"https:\/\/www.facebook.com\/p22on","article_published_time":"2016-03-02T13:14:23+00:00","article_modified_time":"2022-02-22T15:18:42+00:00","og_image":[{"width":800,"height":571,"url":"https:\/\/www.p22on.com.br\/wp-content\/uploads\/2016\/02\/Dante-Relnert.jpg","type":"image\/jpeg"}],"author":"P\u00e1gina22","twitter_card":"summary_large_image","twitter_creator":"@p22on","twitter_site":"@p22on","twitter_misc":{"Written by":"P\u00e1gina22","Est. reading time":"4 minutes"},"schema":{"@context":"https:\/\/schema.org","@graph":[{"@type":"WebPage","@id":"https:\/\/www.p22on.com.br\/2016\/03\/02\/pensamentos\/","url":"https:\/\/www.p22on.com.br\/2016\/03\/02\/pensamentos\/","name":"\u201cSe meu olhar muda, o mundo muda.\u201d\u00a0\u2013 Basarab Nicolescu - P22_ON","isPartOf":{"@id":"https:\/\/www.p22on.com.br\/#website"},"datePublished":"2016-03-02T13:14:23+00:00","dateModified":"2022-02-22T15:18:42+00:00","author":{"@id":"https:\/\/www.p22on.com.br\/#\/schema\/person\/7fc895a9bd2ec411fd1454b133e7b0da"},"breadcrumb":{"@id":"https:\/\/www.p22on.com.br\/2016\/03\/02\/pensamentos\/#breadcrumb"},"inLanguage":"en-US","potentialAction":[{"@type":"ReadAction","target":["https:\/\/www.p22on.com.br\/2016\/03\/02\/pensamentos\/"]}]},{"@type":"BreadcrumbList","@id":"https:\/\/www.p22on.com.br\/2016\/03\/02\/pensamentos\/#breadcrumb","itemListElement":[{"@type":"ListItem","position":1,"name":"In\u00edcio","item":"https:\/\/www.p22on.com.br\/"},{"@type":"ListItem","position":2,"name":"\u201cSe meu olhar muda, o mundo muda.\u201d\u00a0\u2013 Basarab Nicolescu"}]},{"@type":"WebSite","@id":"https:\/\/www.p22on.com.br\/#website","url":"https:\/\/www.p22on.com.br\/","name":"P22_ON","description":"","potentialAction":[{"@type":"SearchAction","target":{"@type":"EntryPoint","urlTemplate":"https:\/\/www.p22on.com.br\/?s={search_term_string}"},"query-input":"required name=search_term_string"}],"inLanguage":"en-US"},{"@type":"Person","@id":"https:\/\/www.p22on.com.br\/#\/schema\/person\/7fc895a9bd2ec411fd1454b133e7b0da","name":"P\u00e1gina22","image":{"@type":"ImageObject","inLanguage":"en-US","@id":"https:\/\/www.p22on.com.br\/#\/schema\/person\/image\/","url":"https:\/\/secure.gravatar.com\/avatar\/75bff9c570b228ec0455ff0788a3e2f4?s=96&d=mm&r=g","contentUrl":"https:\/\/secure.gravatar.com\/avatar\/75bff9c570b228ec0455ff0788a3e2f4?s=96&d=mm&r=g","caption":"P\u00e1gina22"},"url":"https:\/\/www.p22on.com.br\/author\/pagina22\/"}]}},"_links":{"self":[{"href":"https:\/\/www.p22on.com.br\/wp-json\/wp\/v2\/posts\/608"}],"collection":[{"href":"https:\/\/www.p22on.com.br\/wp-json\/wp\/v2\/posts"}],"about":[{"href":"https:\/\/www.p22on.com.br\/wp-json\/wp\/v2\/types\/post"}],"author":[{"embeddable":true,"href":"https:\/\/www.p22on.com.br\/wp-json\/wp\/v2\/users\/3"}],"replies":[{"embeddable":true,"href":"https:\/\/www.p22on.com.br\/wp-json\/wp\/v2\/comments?post=608"}],"version-history":[{"count":9,"href":"https:\/\/www.p22on.com.br\/wp-json\/wp\/v2\/posts\/608\/revisions"}],"predecessor-version":[{"id":4031,"href":"https:\/\/www.p22on.com.br\/wp-json\/wp\/v2\/posts\/608\/revisions\/4031"}],"wp:featuredmedia":[{"embeddable":true,"href":"https:\/\/www.p22on.com.br\/wp-json\/wp\/v2\/media\/653"}],"wp:attachment":[{"href":"https:\/\/www.p22on.com.br\/wp-json\/wp\/v2\/media?parent=608"}],"wp:term":[{"taxonomy":"category","embeddable":true,"href":"https:\/\/www.p22on.com.br\/wp-json\/wp\/v2\/categories?post=608"},{"taxonomy":"post_tag","embeddable":true,"href":"https:\/\/www.p22on.com.br\/wp-json\/wp\/v2\/tags?post=608"}],"curies":[{"name":"wp","href":"https:\/\/api.w.org\/{rel}","templated":true}]}}