{"id":789,"date":"2016-04-29T10:37:56","date_gmt":"2016-04-29T13:37:56","guid":{"rendered":"http:\/\/www.p22on.com.br\/?p=789"},"modified":"2022-02-22T11:56:14","modified_gmt":"2022-02-22T14:56:14","slug":"compreender-o-emaranhado-de-informacoes-e-o-primeiro-passo-para-avancar-nesta-agenda","status":"publish","type":"post","link":"https:\/\/www.p22on.com.br\/2016\/04\/29\/compreender-o-emaranhado-de-informacoes-e-o-primeiro-passo-para-avancar-nesta-agenda\/","title":{"rendered":"Compreender o emaranhado de informa\u00e7\u00f5es \u00e9 o primeiro passo para avan\u00e7ar neste tema"},"content":{"rendered":"<p style=\"text-align: justify;\"><em>\u00a0Por Fernanda Macedo<\/em><\/p>\n<p style=\"text-align: justify;\">Conhecimento \u00e9 compreender algo por meio da raz\u00e3o e tamb\u00e9m da experi\u00eancia. Mudan\u00e7as de clima t\u00eam sido registradas em diversas partes do mundo. \u00d3rg\u00e3os como o Intergovernmental Panel on Climate Change (IPCC) re\u00fanem estat\u00edsticas e, com base nelas, produzem cen\u00e1rios futuros. Mas saber como agir diante essas transforma\u00e7\u00f5es no presente exige um conhecimento que ainda est\u00e1 em constru\u00e7\u00e3o.<\/p>\n<p style=\"text-align: justify;\">Para lidar com a mudan\u00e7a do clima, os mais diversos p\u00fablicos \u2013 como comunidades locais e ind\u00edgenas \u2013 desenvolvem t\u00e9cnicas e pr\u00e1ticas que n\u00e3o s\u00e3o usualmente registradas pela ci\u00eancia. Por isso, em diferentes partes do mundo h\u00e1 um conhecimento perdido sobre adapta\u00e7\u00e3o \u00e0 mudan\u00e7a clim\u00e1tica, que precisa ser capturado e assimilado.<\/p>\n<p style=\"text-align: justify;\">Mas incluir tantos olhares sobre o tema da adapta\u00e7\u00e3o \u00e9 o sonho de consumo de uma agenda que ainda \u00e9 nova, em que h\u00e1 bastante espa\u00e7o para produzir informa\u00e7\u00e3o de qualidade, compreens\u00edvel e acess\u00edvel ao mundo. Sem preencher a lacuna do conhecimento n\u00e3o ser\u00e1 poss\u00edvel avan\u00e7ar de forma efetiva, coordenada e planejada.<\/p>\n<p style=\"text-align: justify;\"><strong>Opini\u00e3o de atores-chave <\/strong><\/p>\n<p style=\"text-align: justify;\">Ao desenvolver o estudo <em>Contribui\u00e7\u00f5es para o Planejamento P\u00fablico em Adapta\u00e7\u00e3o <\/em>(a ser divulgado em breve)<em>, <\/em>para o Minist\u00e9rio do Desenvolvimento, Ind\u00fastria e Com\u00e9rcio Exterior (MDIC), realizado com apoio da Embaixada Brit\u00e2nica, o FGVces entrevistou atores-chave sobre as principais motiva\u00e7\u00f5es e barreiras para a implementa\u00e7\u00e3o da agenda da adapta\u00e7\u00e3o no Pa\u00eds, e sobre o papel do setor p\u00fablico e do privado nesse desafio.<\/p>\n<p style=\"text-align: justify;\">A falta de reconhecimento e conscientiza\u00e7\u00e3o acerca do problema da adapta\u00e7\u00e3o, mencionada por 23,8% dos entrevistados, indica barreiras comportamentais ou culturais que impedem ou dificultam a\u00e7\u00f5es adaptativas pelo setor industrial, j\u00e1 que o risco clim\u00e1tico nem sempre \u00e9 percebido ou reconhecido como um perigo real. Um dos principais motivos para isso \u00e9 a desconex\u00e3o entre as agendas de curto prazo e o <em>timing<\/em> da adapta\u00e7\u00e3o, que lida com prazos indefinidos.<\/p>\n<p style=\"text-align: justify;\">Essa barreira est\u00e1 presente n\u00e3o apenas nas grandes corpora\u00e7\u00f5es, mas tamb\u00e9m no setor de m\u00e9dias e pequenas empresas, que desconhecem o problema ou t\u00eam maior dificuldade na incorpora\u00e7\u00e3o do risco clim\u00e1tico. Frequentemente nem sequer monitoram os riscos convencionais em seus neg\u00f3cios.<\/p>\n<p style=\"text-align: justify;\">O problema da comunica\u00e7\u00e3o fica ainda mais evidente com a men\u00e7\u00e3o \u00e0 falta de informa\u00e7\u00e3o e dados dispon\u00edveis, acess\u00edveis e em formato adequado, citada por 16,7% dos entrevistados no estudo. Esse resultado revela dois principais fatores impeditivos: a informa\u00e7\u00e3o n\u00e3o est\u00e1 dispon\u00edvel ou est\u00e1 dispon\u00edvel em linguagem ou formato inadequado. Para contornar tal problema, \u00e9 preciso ajustar a linguagem e traduzir informa\u00e7\u00f5es de forma mais f\u00e1cil, \u00fatil e pr\u00e1tica.<\/p>\n<p style=\"text-align: justify;\"><strong>O poder da informa\u00e7\u00e3o<\/strong><\/p>\n<figure id=\"attachment_803\" aria-describedby=\"caption-attachment-803\" style=\"width: 407px\" class=\"wp-caption alignleft\"><a href=\"http:\/\/www.p22on.com.br\/wp-content\/uploads\/2016\/04\/Foto-Samuele-Ghilardi.jpg\"><img loading=\"lazy\" decoding=\"async\" class=\" wp-image-803\" src=\"http:\/\/www.p22on.com.br\/wp-content\/uploads\/2016\/04\/Foto-Samuele-Ghilardi.jpg\" alt=\"Foto Samuele Ghilardi\" width=\"407\" height=\"271\" srcset=\"https:\/\/www.p22on.com.br\/wp-content\/uploads\/2016\/04\/Foto-Samuele-Ghilardi.jpg 921w, https:\/\/www.p22on.com.br\/wp-content\/uploads\/2016\/04\/Foto-Samuele-Ghilardi-300x200.jpg 300w\" sizes=\"(max-width: 407px) 100vw, 407px\" \/><\/a><figcaption id=\"caption-attachment-803\" class=\"wp-caption-text\">Foto Samuele Ghilardi<\/figcaption><\/figure>\n<p style=\"text-align: justify;\">O <a href=\"http:\/\/www.mma.gov.br\/clima\/adaptacao\/plano-nacional-de-adaptacao\" target=\"_blank\" rel=\"noopener\">Plano Nacional de Adapta\u00e7\u00e3o \u00e0 Mudan\u00e7a do Clima<\/a> (PNA) menciona a necessidade de criar um conjunto consistente de informa\u00e7\u00f5es sobre adapta\u00e7\u00e3o que possa nortear a processos decis\u00f3rios. O objetivo do PNA \u00e9 promover a redu\u00e7\u00e3o da vulnerabilidade nacional \u00e0 mudan\u00e7a do clima assim como a gest\u00e3o do risco associado a esse fen\u00f4meno.<\/p>\n<p style=\"text-align: justify;\">A informa\u00e7\u00e3o de qualidade conduz a tomada de decis\u00e3o a resultados mais efetivos. Uma decis\u00e3o tomada em um quarto escuro \u00e9 apenas um jogo de sorte ou azar. Saber o tamanho do problema e aonde se quer chegar \u00e9 a melhor estrat\u00e9gia. Por isso, tomadores de decis\u00e3o tanto do setor p\u00fablico como do privado precisam ter o conhecimento sobre o que \u00e9 a adapta\u00e7\u00e3o e como implement\u00e1-la.<\/p>\n<p style=\"text-align: justify;\">Nesse campo, o Estado desempenha uma fun\u00e7\u00e3o central. Muito al\u00e9m dos gastos com infraestrutura para preven\u00e7\u00e3o de desastres, o governo tem o dever de incentivar a adapta\u00e7\u00e3o por parte de agentes privados ou locais. Segundo o estudo <a href=\"http:\/\/www.mma.gov.br\/images\/arquivo\/80182\/Produto%206.0-Relatorio%20Final_Parte%20I_Recomendacoes%20para%20uma%20estrategia_v.2.0.pdf\" target=\"_blank\" rel=\"noopener\"><em>Recomenda\u00e7\u00f5es para uma Estrat\u00e9gia Nacional em Adapta\u00e7\u00e3o<\/em><\/a> elaborado pelo FGVces, viabilizar a produ\u00e7\u00e3o e a dissemina\u00e7\u00e3o de informa\u00e7\u00e3o sobre altera\u00e7\u00f5es clim\u00e1ticas, seus impactos e alternativas de adapta\u00e7\u00e3o \u00e9 uma das principais responsabilidades do governo. A dissemina\u00e7\u00e3o desse conhecimento para os diversos atores da sociedade \u00e9 o passo seguinte para assegurar que informa\u00e7\u00f5es relevantes alcancem de forma tempestiva e organizada os agentes que delas necessitam.<\/p>\n<p style=\"text-align: justify;\">E que informa\u00e7\u00f5es s\u00e3o essas? Um exemplo seria a cria\u00e7\u00e3o de sistemas para a coleta de dados de observa\u00e7\u00e3o e monitoramento do clima. Esses sistemas devem ainda permitir uma an\u00e1lise das informa\u00e7\u00f5es, indicando a classifica\u00e7\u00e3o de riscos e eventos clim\u00e1ticos. Plataformas para compartilhamento de informa\u00e7\u00f5es sobre adapta\u00e7\u00e3o tamb\u00e9m s\u00e3o necess\u00e1rias nesse processo. E, ainda, considerando que a adapta\u00e7\u00e3o j\u00e1 \u00e9 uma realidade em diversas localidades, o conhecimento local deve ser capturado. Tudo isso, evidentemente, em linguagem adequada e compreens\u00edvel.<\/p>\n<p style=\"text-align: justify;\">Al\u00e9m de conceitos, cen\u00e1rios e outros dados, o guarda-chuva da informa\u00e7\u00e3o inclui a\u00e7\u00f5es para conscientizar ou capacitar partes interessadas no uso da informa\u00e7\u00e3o disponibilizada. A parte pr\u00e1tica da implementa\u00e7\u00e3o, como guias, ferramentas e aprendizados, completa o pacote da informa\u00e7\u00e3o.<\/p>\n<p style=\"text-align: justify;\"><strong>\u00a0<\/strong><\/p>\n<p style=\"text-align: justify;\"><strong>Plataforma brasileira<\/strong><\/p>\n<p style=\"text-align: justify;\">Uma iniciativa em andamento para conectar produtores de conhecimento e quem busca informa\u00e7\u00e3o relacionada a adapta\u00e7\u00e3o \u00e9 a Plataforma de Conhecimento em Adapta\u00e7\u00e3o, cujo lan\u00e7amento est\u00e1 previsto para o fim de 2017.<\/p>\n<p style=\"text-align: justify;\">Em desenvolvimento pelo FGVces, em parceria com o Minist\u00e9rio do Meio Ambiente e o International Institute for Environment and Development (IIED) e com apoio do Conselho Brit\u00e2nico, a plataforma <em>on-line<\/em> ter\u00e1 uma governan\u00e7a pr\u00f3pria e dever\u00e1 integrar estudos, relat\u00f3rios, ferramentas, casos, entre outros materiais em adapta\u00e7\u00e3o, organizando e disponibilizando o conhecimento de forma inteligente, de acordo com os perfis dos usu\u00e1rios.<\/p>\n<p style=\"text-align: justify;\">Al\u00e9m disso, faz parte dos objetivos do projeto mapear os atores que produzem conhecimento, especialmente no Brasil e no Reino Unido \u2013 uma das refer\u00eancias internacionais no assunto \u2013, mostrar como a adapta\u00e7\u00e3o est\u00e1 sendo posta em pr\u00e1tica pelo mundo e assinalar o que se pode apreender com essas experi\u00eancias.<\/p>\n<p style=\"text-align: justify;\">Fora desse ambiente <em>on-line<\/em>, o projeto compreender\u00e1 tamb\u00e9m atividades de articula\u00e7\u00e3o e comunica\u00e7\u00e3o, como semin\u00e1rios e est\u00edmulo a produ\u00e7\u00e3o do conhecimento onde forem identificadas lacunas. Que atividades ser\u00e3o essas, quais p\u00fablicos estar\u00e3o envolvidos e outras defini\u00e7\u00f5es ser\u00e3o constru\u00eddas juntamente com parceiros estrat\u00e9gicos e atores-chave do projeto em <em>workshops<\/em> e consultas remotas ao longo de 2016 e 2017. Ainda, durante o processo, haver\u00e1 a publica\u00e7\u00e3o de <em>newsletters<\/em> informando o p\u00fablico mais amplo sobre o andamento do desenvolvimento da Plataforma.<\/p>\n<p style=\"text-align: justify;\">Superada a barreira da informa\u00e7\u00e3o, o caminho estar\u00e1 livre para a tomada de decis\u00e3o efetiva, a sobreviv\u00eancia dos neg\u00f3cios e at\u00e9 mesmo a identifica\u00e7\u00e3o de oportunidades. Do total de entrevistados no estudo do FGVces, 19,4% citaram como uma das principais motiva\u00e7\u00f5es para implementar medidas adaptativas aproveitar eventuais oportunidades de neg\u00f3cio. O setor industrial v\u00ea, portanto, uma fonte de competitividade na adapta\u00e7\u00e3o, a ser explorada por diversos atores da sociedade (<em>leia mais sobre adapta\u00e7\u00e3o nas empresas <a href=\"http:\/\/www.p22on.com.br\/2016\/04\/29\/contagiar-agendas-ja-existentes-e-o-meio-mais-rapido-de-viabilizar-acoes-de-adaptacao\/\" target=\"_blank\" rel=\"noopener\">aqui<\/a><\/em>).<\/p>\n","protected":false},"excerpt":{"rendered":"<p>\u00a0Por Fernanda Macedo Conhecimento \u00e9 compreender algo por meio da raz\u00e3o e tamb\u00e9m da experi\u00eancia. Mudan\u00e7as de clima t\u00eam sido registradas em diversas partes do mundo. \u00d3rg\u00e3os como o Intergovernmental Panel on Climate Change (IPCC) re\u00fanem estat\u00edsticas e, com base nelas, produzem cen\u00e1rios futuros. Mas saber como agir diante essas transforma\u00e7\u00f5es no presente exige um [&hellip;]<\/p>\n","protected":false},"author":3,"featured_media":802,"comment_status":"closed","ping_status":"closed","sticky":false,"template":"","format":"standard","meta":{"footnotes":""},"categories":[584],"tags":[139,685,615,683,474,681,84,162,617,614,682,613,618,634,616,620,684],"yoast_head":"<!-- This site is optimized with the Yoast SEO plugin v21.5 - https:\/\/yoast.com\/wordpress\/plugins\/seo\/ -->\n<title>Compreender o emaranhado de informa\u00e7\u00f5es \u00e9 o primeiro passo para avan\u00e7ar neste tema<\/title>\n<meta name=\"description\" content=\"\u00a0Por Fernanda Macedo Conhecimento \u00e9 compreender algo por meio da raz\u00e3o e tamb\u00e9m da experi\u00eancia. Mudan\u00e7as de clima t\u00eam sido registradas em diversas partes do mundo. \u00d3rg\u00e3os como o Intergovernmental Panel on Climate Change (IPCC) re\u00fanem estat\u00edsticas e, com base nelas, produzem cen\u00e1rios futuros. Mas saber como agir diante essas transforma\u00e7\u00f5es no presente exige um&hellip;\" \/>\n<meta name=\"robots\" content=\"index, follow, max-snippet:-1, max-image-preview:large, max-video-preview:-1\" \/>\n<link rel=\"canonical\" href=\"https:\/\/www.p22on.com.br\/2016\/04\/29\/compreender-o-emaranhado-de-informacoes-e-o-primeiro-passo-para-avancar-nesta-agenda\/\" \/>\n<meta property=\"og:locale\" content=\"en_US\" \/>\n<meta property=\"og:type\" content=\"article\" \/>\n<meta property=\"og:title\" content=\"Compreender o emaranhado de informa\u00e7\u00f5es \u00e9 o primeiro passo para avan\u00e7ar neste tema\" \/>\n<meta property=\"og:description\" content=\"\u00a0Por Fernanda Macedo Conhecimento \u00e9 compreender algo por meio da raz\u00e3o e tamb\u00e9m da experi\u00eancia. Mudan\u00e7as de clima t\u00eam sido registradas em diversas partes do mundo. \u00d3rg\u00e3os como o Intergovernmental Panel on Climate Change (IPCC) re\u00fanem estat\u00edsticas e, com base nelas, produzem cen\u00e1rios futuros. Mas saber como agir diante essas transforma\u00e7\u00f5es no presente exige um&hellip;\" \/>\n<meta property=\"og:url\" content=\"https:\/\/www.p22on.com.br\/2016\/04\/29\/compreender-o-emaranhado-de-informacoes-e-o-primeiro-passo-para-avancar-nesta-agenda\/\" \/>\n<meta property=\"og:site_name\" content=\"P22_ON\" \/>\n<meta property=\"article:publisher\" content=\"https:\/\/www.facebook.com\/p22on\" \/>\n<meta property=\"article:published_time\" content=\"2016-04-29T13:37:56+00:00\" \/>\n<meta property=\"article:modified_time\" content=\"2022-02-22T14:56:14+00:00\" \/>\n<meta property=\"og:image\" content=\"https:\/\/www.p22on.com.br\/wp-content\/uploads\/2016\/04\/Foto-scrappy-annie.jpg\" \/>\n\t<meta property=\"og:image:width\" content=\"1303\" \/>\n\t<meta property=\"og:image:height\" content=\"732\" \/>\n\t<meta property=\"og:image:type\" content=\"image\/jpeg\" \/>\n<meta name=\"author\" content=\"P\u00e1gina22\" \/>\n<meta name=\"twitter:card\" content=\"summary_large_image\" \/>\n<meta name=\"twitter:creator\" content=\"@p22on\" \/>\n<meta name=\"twitter:site\" content=\"@p22on\" \/>\n<meta name=\"twitter:label1\" content=\"Written by\" \/>\n\t<meta name=\"twitter:data1\" content=\"P\u00e1gina22\" \/>\n\t<meta name=\"twitter:label2\" content=\"Est. reading time\" \/>\n\t<meta name=\"twitter:data2\" content=\"6 minutes\" \/>\n<script type=\"application\/ld+json\" class=\"yoast-schema-graph\">{\"@context\":\"https:\/\/schema.org\",\"@graph\":[{\"@type\":\"WebPage\",\"@id\":\"https:\/\/www.p22on.com.br\/2016\/04\/29\/compreender-o-emaranhado-de-informacoes-e-o-primeiro-passo-para-avancar-nesta-agenda\/\",\"url\":\"https:\/\/www.p22on.com.br\/2016\/04\/29\/compreender-o-emaranhado-de-informacoes-e-o-primeiro-passo-para-avancar-nesta-agenda\/\",\"name\":\"Compreender o emaranhado de informa\u00e7\u00f5es \u00e9 o primeiro passo para avan\u00e7ar neste tema - P22_ON\",\"isPartOf\":{\"@id\":\"https:\/\/www.p22on.com.br\/#website\"},\"datePublished\":\"2016-04-29T13:37:56+00:00\",\"dateModified\":\"2022-02-22T14:56:14+00:00\",\"author\":{\"@id\":\"https:\/\/www.p22on.com.br\/#\/schema\/person\/7fc895a9bd2ec411fd1454b133e7b0da\"},\"breadcrumb\":{\"@id\":\"https:\/\/www.p22on.com.br\/2016\/04\/29\/compreender-o-emaranhado-de-informacoes-e-o-primeiro-passo-para-avancar-nesta-agenda\/#breadcrumb\"},\"inLanguage\":\"en-US\",\"potentialAction\":[{\"@type\":\"ReadAction\",\"target\":[\"https:\/\/www.p22on.com.br\/2016\/04\/29\/compreender-o-emaranhado-de-informacoes-e-o-primeiro-passo-para-avancar-nesta-agenda\/\"]}]},{\"@type\":\"BreadcrumbList\",\"@id\":\"https:\/\/www.p22on.com.br\/2016\/04\/29\/compreender-o-emaranhado-de-informacoes-e-o-primeiro-passo-para-avancar-nesta-agenda\/#breadcrumb\",\"itemListElement\":[{\"@type\":\"ListItem\",\"position\":1,\"name\":\"In\u00edcio\",\"item\":\"https:\/\/www.p22on.com.br\/\"},{\"@type\":\"ListItem\",\"position\":2,\"name\":\"Compreender o emaranhado de informa\u00e7\u00f5es \u00e9 o primeiro passo para avan\u00e7ar neste tema\"}]},{\"@type\":\"WebSite\",\"@id\":\"https:\/\/www.p22on.com.br\/#website\",\"url\":\"https:\/\/www.p22on.com.br\/\",\"name\":\"P22_ON\",\"description\":\"\",\"potentialAction\":[{\"@type\":\"SearchAction\",\"target\":{\"@type\":\"EntryPoint\",\"urlTemplate\":\"https:\/\/www.p22on.com.br\/?s={search_term_string}\"},\"query-input\":\"required name=search_term_string\"}],\"inLanguage\":\"en-US\"},{\"@type\":\"Person\",\"@id\":\"https:\/\/www.p22on.com.br\/#\/schema\/person\/7fc895a9bd2ec411fd1454b133e7b0da\",\"name\":\"P\u00e1gina22\",\"image\":{\"@type\":\"ImageObject\",\"inLanguage\":\"en-US\",\"@id\":\"https:\/\/www.p22on.com.br\/#\/schema\/person\/image\/\",\"url\":\"https:\/\/secure.gravatar.com\/avatar\/75bff9c570b228ec0455ff0788a3e2f4?s=96&d=mm&r=g\",\"contentUrl\":\"https:\/\/secure.gravatar.com\/avatar\/75bff9c570b228ec0455ff0788a3e2f4?s=96&d=mm&r=g\",\"caption\":\"P\u00e1gina22\"},\"url\":\"https:\/\/www.p22on.com.br\/author\/pagina22\/\"}]}<\/script>\n<!-- \/ Yoast SEO plugin. -->","yoast_head_json":{"title":"Compreender o emaranhado de informa\u00e7\u00f5es \u00e9 o primeiro passo para avan\u00e7ar neste tema","description":"\u00a0Por Fernanda Macedo Conhecimento \u00e9 compreender algo por meio da raz\u00e3o e tamb\u00e9m da experi\u00eancia. Mudan\u00e7as de clima t\u00eam sido registradas em diversas partes do mundo. \u00d3rg\u00e3os como o Intergovernmental Panel on Climate Change (IPCC) re\u00fanem estat\u00edsticas e, com base nelas, produzem cen\u00e1rios futuros. Mas saber como agir diante essas transforma\u00e7\u00f5es no presente exige um&hellip;","robots":{"index":"index","follow":"follow","max-snippet":"max-snippet:-1","max-image-preview":"max-image-preview:large","max-video-preview":"max-video-preview:-1"},"canonical":"https:\/\/www.p22on.com.br\/2016\/04\/29\/compreender-o-emaranhado-de-informacoes-e-o-primeiro-passo-para-avancar-nesta-agenda\/","og_locale":"en_US","og_type":"article","og_title":"Compreender o emaranhado de informa\u00e7\u00f5es \u00e9 o primeiro passo para avan\u00e7ar neste tema","og_description":"\u00a0Por Fernanda Macedo Conhecimento \u00e9 compreender algo por meio da raz\u00e3o e tamb\u00e9m da experi\u00eancia. Mudan\u00e7as de clima t\u00eam sido registradas em diversas partes do mundo. \u00d3rg\u00e3os como o Intergovernmental Panel on Climate Change (IPCC) re\u00fanem estat\u00edsticas e, com base nelas, produzem cen\u00e1rios futuros. Mas saber como agir diante essas transforma\u00e7\u00f5es no presente exige um&hellip;","og_url":"https:\/\/www.p22on.com.br\/2016\/04\/29\/compreender-o-emaranhado-de-informacoes-e-o-primeiro-passo-para-avancar-nesta-agenda\/","og_site_name":"P22_ON","article_publisher":"https:\/\/www.facebook.com\/p22on","article_published_time":"2016-04-29T13:37:56+00:00","article_modified_time":"2022-02-22T14:56:14+00:00","og_image":[{"width":1303,"height":732,"url":"https:\/\/www.p22on.com.br\/wp-content\/uploads\/2016\/04\/Foto-scrappy-annie.jpg","type":"image\/jpeg"}],"author":"P\u00e1gina22","twitter_card":"summary_large_image","twitter_creator":"@p22on","twitter_site":"@p22on","twitter_misc":{"Written by":"P\u00e1gina22","Est. reading time":"6 minutes"},"schema":{"@context":"https:\/\/schema.org","@graph":[{"@type":"WebPage","@id":"https:\/\/www.p22on.com.br\/2016\/04\/29\/compreender-o-emaranhado-de-informacoes-e-o-primeiro-passo-para-avancar-nesta-agenda\/","url":"https:\/\/www.p22on.com.br\/2016\/04\/29\/compreender-o-emaranhado-de-informacoes-e-o-primeiro-passo-para-avancar-nesta-agenda\/","name":"Compreender o emaranhado de informa\u00e7\u00f5es \u00e9 o primeiro passo para avan\u00e7ar neste tema - P22_ON","isPartOf":{"@id":"https:\/\/www.p22on.com.br\/#website"},"datePublished":"2016-04-29T13:37:56+00:00","dateModified":"2022-02-22T14:56:14+00:00","author":{"@id":"https:\/\/www.p22on.com.br\/#\/schema\/person\/7fc895a9bd2ec411fd1454b133e7b0da"},"breadcrumb":{"@id":"https:\/\/www.p22on.com.br\/2016\/04\/29\/compreender-o-emaranhado-de-informacoes-e-o-primeiro-passo-para-avancar-nesta-agenda\/#breadcrumb"},"inLanguage":"en-US","potentialAction":[{"@type":"ReadAction","target":["https:\/\/www.p22on.com.br\/2016\/04\/29\/compreender-o-emaranhado-de-informacoes-e-o-primeiro-passo-para-avancar-nesta-agenda\/"]}]},{"@type":"BreadcrumbList","@id":"https:\/\/www.p22on.com.br\/2016\/04\/29\/compreender-o-emaranhado-de-informacoes-e-o-primeiro-passo-para-avancar-nesta-agenda\/#breadcrumb","itemListElement":[{"@type":"ListItem","position":1,"name":"In\u00edcio","item":"https:\/\/www.p22on.com.br\/"},{"@type":"ListItem","position":2,"name":"Compreender o emaranhado de informa\u00e7\u00f5es \u00e9 o primeiro passo para avan\u00e7ar neste tema"}]},{"@type":"WebSite","@id":"https:\/\/www.p22on.com.br\/#website","url":"https:\/\/www.p22on.com.br\/","name":"P22_ON","description":"","potentialAction":[{"@type":"SearchAction","target":{"@type":"EntryPoint","urlTemplate":"https:\/\/www.p22on.com.br\/?s={search_term_string}"},"query-input":"required name=search_term_string"}],"inLanguage":"en-US"},{"@type":"Person","@id":"https:\/\/www.p22on.com.br\/#\/schema\/person\/7fc895a9bd2ec411fd1454b133e7b0da","name":"P\u00e1gina22","image":{"@type":"ImageObject","inLanguage":"en-US","@id":"https:\/\/www.p22on.com.br\/#\/schema\/person\/image\/","url":"https:\/\/secure.gravatar.com\/avatar\/75bff9c570b228ec0455ff0788a3e2f4?s=96&d=mm&r=g","contentUrl":"https:\/\/secure.gravatar.com\/avatar\/75bff9c570b228ec0455ff0788a3e2f4?s=96&d=mm&r=g","caption":"P\u00e1gina22"},"url":"https:\/\/www.p22on.com.br\/author\/pagina22\/"}]}},"_links":{"self":[{"href":"https:\/\/www.p22on.com.br\/wp-json\/wp\/v2\/posts\/789"}],"collection":[{"href":"https:\/\/www.p22on.com.br\/wp-json\/wp\/v2\/posts"}],"about":[{"href":"https:\/\/www.p22on.com.br\/wp-json\/wp\/v2\/types\/post"}],"author":[{"embeddable":true,"href":"https:\/\/www.p22on.com.br\/wp-json\/wp\/v2\/users\/3"}],"replies":[{"embeddable":true,"href":"https:\/\/www.p22on.com.br\/wp-json\/wp\/v2\/comments?post=789"}],"version-history":[{"count":7,"href":"https:\/\/www.p22on.com.br\/wp-json\/wp\/v2\/posts\/789\/revisions"}],"predecessor-version":[{"id":3998,"href":"https:\/\/www.p22on.com.br\/wp-json\/wp\/v2\/posts\/789\/revisions\/3998"}],"wp:featuredmedia":[{"embeddable":true,"href":"https:\/\/www.p22on.com.br\/wp-json\/wp\/v2\/media\/802"}],"wp:attachment":[{"href":"https:\/\/www.p22on.com.br\/wp-json\/wp\/v2\/media?parent=789"}],"wp:term":[{"taxonomy":"category","embeddable":true,"href":"https:\/\/www.p22on.com.br\/wp-json\/wp\/v2\/categories?post=789"},{"taxonomy":"post_tag","embeddable":true,"href":"https:\/\/www.p22on.com.br\/wp-json\/wp\/v2\/tags?post=789"}],"curies":[{"name":"wp","href":"https:\/\/api.w.org\/{rel}","templated":true}]}}