{"id":795,"date":"2016-04-29T10:36:57","date_gmt":"2016-04-29T13:36:57","guid":{"rendered":"http:\/\/www.p22on.com.br\/?p=795"},"modified":"2022-02-22T11:57:50","modified_gmt":"2022-02-22T14:57:50","slug":"nas-agendas-publicas-de-adaptacao-dinheiro-nao-e-problema-%e2%80%92-por-enquanto","status":"publish","type":"post","link":"https:\/\/www.p22on.com.br\/2016\/04\/29\/nas-agendas-publicas-de-adaptacao-dinheiro-nao-e-problema-%e2%80%92-por-enquanto\/","title":{"rendered":"Nas agendas p\u00fablicas de adapta\u00e7\u00e3o, dinheiro n\u00e3o \u00e9 problema \u2013 por enquanto"},"content":{"rendered":"<p style=\"text-align: justify;\"><em>Por Magali Cabral<\/em><\/p>\n<p style=\"text-align: justify;\">O montante de dinheiro dispon\u00edvel em fundos especificamente criados para lidar com problemas decorrentes da mudan\u00e7a clim\u00e1tica talvez n\u00e3o seja suficiente para fazer a adapta\u00e7\u00e3o avan\u00e7ar. No entanto, uma vez que o investimento para minimizar riscos clim\u00e1ticos n\u00e3o precisa necessariamente trazer a etiqueta da adapta\u00e7\u00e3o para servir a esta finalidade, pode ser que esse problema se resolva apenas por meio de uma integra\u00e7\u00e3o de agendas.<\/p>\n<p style=\"text-align: justify;\">Ou seja, as \u00e1reas de sa\u00fade, saneamento b\u00e1sico, infraestrutura, agricultura, entre outras, precisam incluir a mudan\u00e7a clim\u00e1tica em seus planos or\u00e7ament\u00e1rios e, com isso, priorizar recursos ou buscar dinheiro novo para adapta\u00e7\u00e3o clim\u00e1tica.<\/p>\n<p style=\"text-align: justify;\">O mesmo vale para as empresas. \u201c\u00c9 essencial incorporar os riscos clim\u00e1ticos aos processos de planejamento dos diversos setores, procurando estabelecer dota\u00e7\u00f5es or\u00e7ament\u00e1rias para as medidas de adapta\u00e7\u00e3o, seja por fontes de financiamento dom\u00e9sticas, seja por internacionais\u201d, sugere o estudo <em>Recomenda\u00e7\u00f5es para uma Estrat\u00e9gia Nacional em Adapta\u00e7\u00e3o<\/em> (link), produzido pelo FGVces.<\/p>\n<p style=\"text-align: justify;\">Segundo Alexandre Gross, pesquisador do programa Pol\u00edtica e Economia Ambiental do FGVces, n\u00e3o h\u00e1 a necessidade de os recursos destinados \u00e0 adapta\u00e7\u00e3o serem etiquetados, at\u00e9 porque nessa \u00e1rea \u00e9 grande a possibilidade de um determinado planejamento estar errado. Afinal, a adapta\u00e7\u00e3o pressup\u00f5e <a href=\"http:\/\/www.p22on.com.br\/2016\/04\/29\/bau-3\/\" target=\"_blank\" rel=\"noopener\">impactos<\/a> associados a <a href=\"http:\/\/www.p22on.com.br\/2016\/04\/29\/bau-3\/\" target=\"_blank\" rel=\"noopener\">perigos<\/a> que n\u00e3o necessariamente acontecer\u00e3o como o previsto. Muito mais importante que recursos espec\u00edficos para corrigir eventuais a\u00e7\u00f5es que podem nem ocorrer \u00e9 endere\u00e7\u00e1-los \u00e0 produ\u00e7\u00e3o e dissemina\u00e7\u00e3o de conhecimento do problema. \u201cEste, sim, deve vir com a etiqueta pura de adapta\u00e7\u00e3o, afirma Gross. \u201cHoje, a principal ferramenta para se fazer adapta\u00e7\u00e3o \u00e9 a boa <a href=\"http:\/\/www.p22on.com.br\/2016\/04\/29\/compreender-o-emaranhado-de-informacoes-e-o-primeiro-passo-para-avancar-nesta-agenda\/\" target=\"_blank\" rel=\"noopener\">informa\u00e7\u00e3o<\/a>.\u201d<\/p>\n<p style=\"text-align: justify;\">\u00c9 justamente essa produ\u00e7\u00e3o de conhecimento que vai contagiar aquelas agendas <em>mainstream<\/em> (recursos h\u00eddricos, agricultura, mobilidade urbana, sa\u00fade etc.), para que incorporem a produ\u00e7\u00e3o de conhecimento e busquem ou remanejem recursos para continuar tocando suas agendas com um novo problema. Essa \u00e9 uma configura\u00e7\u00e3o comum em v\u00e1rios pa\u00edses.<\/p>\n<p style=\"text-align: justify;\">Em resumo, s\u00e3o dois os recortes dos recursos financeiros para adapta\u00e7\u00e3o: um serve para tratar de entender um problema novo; outro, para abastecer as agendas de sempre do desenvolvimento. No caso de recursos h\u00eddricos e da sa\u00fade isso est\u00e1 bem evidente. Por exemplo, em cen\u00e1rios mais pessimistas imagina-se que, daqui a 40 anos, o sistema de sa\u00fade poder\u00e1 demandar mais dinheiro para controlar doen\u00e7as transmitidas por vetores (dengue, mal\u00e1ria, doen\u00e7as de chagas, leishmaniose, febre amarela) relacionados, assim como seus hospedeiros, \u00e0 din\u00e2mica ambiental dos ecossistemas (temperatura, precipita\u00e7\u00e3o, umidade, padr\u00f5es de uso e cobertura do solo).<\/p>\n<p style=\"text-align: justify;\">\u201cNa minha opini\u00e3o, a adapta\u00e7\u00e3o n\u00e3o avan\u00e7a com mais velocidade justamente porque a gente fica querendo classificar a a\u00e7\u00e3o com a etiqueta de mudan\u00e7a clim\u00e1tica, quando de fato ela tem de estar embutida nas agendas de desenvolvimento\u201d, afirma Gross.<\/p>\n<p style=\"text-align: justify;\">Um exemplo: imagine que o governo tenha um plano de investir no fomento de produ\u00e7\u00e3o de caf\u00e9. Caso incorpore a mudan\u00e7a clim\u00e1tica \u00e0 pasta da agricultura, o governo saber\u00e1, por meio da produ\u00e7\u00e3o e da dissemina\u00e7\u00e3o de conhecimento para adapta\u00e7\u00e3o, que no futuro n\u00e3o ser\u00e1 poss\u00edvel plantar tanto caf\u00e9 no Brasil porque o clima n\u00e3o permitir\u00e1. Ao tomar a decis\u00e3o de investir esses recursos de fomento em outras lavouras mais prop\u00edcias ao cen\u00e1rio clim\u00e1tico futuro, o governo est\u00e1 praticando adapta\u00e7\u00e3o e usando recurso pr\u00f3prio da pasta da agricultura. Nada impede que haja um recurso espec\u00edfico para a adapta\u00e7\u00e3o, por exemplo, no <a href=\"http:\/\/www.p22on.com.br\/2016\/04\/29\/bau-3\/\" target=\"_blank\" rel=\"noopener\">Programa Fundo Clima<\/a>, para pesquisa de novas variedades de caf\u00e9 mais resistentes a temperaturas mais altas.<\/p>\n<p style=\"text-align: justify;\">Em um de seus estudos sobre o tema, o FGVces mostra que, das quatro grandes a\u00e7\u00f5es estrat\u00e9gicas de adapta\u00e7\u00e3o endere\u00e7adas ao poder p\u00fablico, tr\u00eas delas n\u00e3o necessitam de grandes investimentos financeiros. S\u00e3o elas: a\u00e7\u00f5es em rela\u00e7\u00e3o \u00e0s institui\u00e7\u00f5es; \u00e0 produ\u00e7\u00e3o e dissemina\u00e7\u00e3o da informa\u00e7\u00e3o; e em rela\u00e7\u00e3o \u00e0s normas, regulamenta\u00e7\u00f5es e pol\u00edticas vigentes. Apenas a \u00faltima a\u00e7\u00e3o, que diz respeito aos investimentos p\u00fablicos, requer uma dota\u00e7\u00e3o or\u00e7ament\u00e1ria.<\/p>\n<p style=\"text-align: justify;\">\u201c\u00c9 poss\u00edvel fazer muita coisa sem precisar de investimento pesado\u201d, explica Gross. \u201cNossa pesquisa mostra que apenas uma estrat\u00e9gia exige dinheiro novo para colocar numa agenda espec\u00edfica de adapta\u00e7\u00e3o.\u201d A primeira e a terceira a\u00e7\u00e3o (em rela\u00e7\u00e3o \u00e0s institui\u00e7\u00f5es e em rela\u00e7\u00e3o \u00e0 normatiza\u00e7\u00e3o), mais que qualquer outra coisa, exigem debates para se fortalecerem. A segunda a\u00e7\u00e3o, de produ\u00e7\u00e3o e dissemina\u00e7\u00e3o de conhecimento, pede um capital espec\u00edfico pouco vultoso, que pode provir de iniciativas como a do Fundo Clima. As grandes institui\u00e7\u00f5es de pesquisa, que estudam a adapta\u00e7\u00e3o \u00e0 mudan\u00e7a clim\u00e1tica, j\u00e1 tem essas verbas pr\u00f3prias \u2013\u00a0caso, por exemplo, do Instituto Nacional de Pesquisas Espaciais (Inpe).<\/p>\n<figure id=\"attachment_809\" aria-describedby=\"caption-attachment-809\" style=\"width: 413px\" class=\"wp-caption alignleft\"><a href=\"http:\/\/www.p22on.com.br\/wp-content\/uploads\/2016\/04\/Foto-Oliver-Degabriele.jpg\"><img loading=\"lazy\" decoding=\"async\" class=\" wp-image-809\" src=\"http:\/\/www.p22on.com.br\/wp-content\/uploads\/2016\/04\/Foto-Oliver-Degabriele.jpg\" alt=\"Foto Oliver Degabriele\" width=\"413\" height=\"275\" srcset=\"https:\/\/www.p22on.com.br\/wp-content\/uploads\/2016\/04\/Foto-Oliver-Degabriele.jpg 920w, https:\/\/www.p22on.com.br\/wp-content\/uploads\/2016\/04\/Foto-Oliver-Degabriele-300x200.jpg 300w\" sizes=\"(max-width: 413px) 100vw, 413px\" \/><\/a><figcaption id=\"caption-attachment-809\" class=\"wp-caption-text\">Foto Oliver Degabriele<\/figcaption><\/figure>\n<p style=\"text-align: justify;\"><strong>Programas, fundos e pessoas<\/strong><\/p>\n<p style=\"text-align: justify;\">As recomenda\u00e7\u00f5es do FGVces mostram que os investimentos mais pesados est\u00e3o mesmo dentro das agendas <em>mainstream<\/em>. O <a href=\"http:\/\/www.p22on.com.br\/2016\/04\/29\/bau-3\/\" target=\"_blank\" rel=\"noopener\">Plano Plurianual (PPA)<\/a>, do per\u00edodo de 2012 a 2015, contemplou medidas de adapta\u00e7\u00e3o em v\u00e1rios de seus programas tem\u00e1ticos. Um desses \u00e9 espec\u00edfico para mudan\u00e7a clim\u00e1tica, enquanto outro \u00e9 voltado para a gest\u00e3o de riscos e resposta a desastres. E h\u00e1 ainda mais 21 programas que possuem a\u00e7\u00f5es com car\u00e1ter de adapta\u00e7\u00e3o em diferentes temas (agricultura familiar, conserva\u00e7\u00e3o e gest\u00e3o de recursos h\u00eddricos, mobilidade urbana, entre outros).<\/p>\n<p style=\"text-align: justify;\">Al\u00e9m do Fundo Clima, outro importante instrumento utilizado para financiar projetos, estudos e empreendimentos para a adapta\u00e7\u00e3o (e <a href=\"http:\/\/www.p22on.com.br\/2016\/04\/29\/bau-3\/\" target=\"_blank\" rel=\"noopener\">mitiga\u00e7\u00e3o<\/a>) \u00e9 o Fundo Amaz\u00f4nia, cujos objetivos de conserva\u00e7\u00e3o e uso sustent\u00e1vel de florestas e da biodiversidade est\u00e3o alinhados com os programas tem\u00e1ticos do Plano Nacional de Adapta\u00e7\u00e3o (PNA). A Pol\u00edtica Nacional de Res\u00edduos S\u00f3lidos (PNRS) \u00e9 outro desses instrumentos, s\u00f3 que voltado apenas para a\u00e7\u00f5es locais. No \u00e2mbito privado, o estudo ressalta que o setor de seguros desempenha papel central no fortalecimento da capacidade de resposta de sistemas afetados.<\/p>\n<p style=\"text-align: justify;\">N\u00e3o se pode esquecer da capacita\u00e7\u00e3o de recursos humanos. E, novamente, para isso \u00e9 preciso, muito mais do que do dinheiro, da produ\u00e7\u00e3o e dissemina\u00e7\u00e3o de informa\u00e7\u00e3o. \u201cQuando falamos em informa\u00e7\u00e3o, isso tem a ver com as institui\u00e7\u00f5es e as institui\u00e7\u00f5es s\u00e3o feitas de pessoas\u201d, explica Gross. O processo de engajamento e <em>awareness<\/em>, ou aumento de consci\u00eancia da tem\u00e1tica, \u00e9 o primeiro grande passo da adapta\u00e7\u00e3o. \u201cEntender o problema antes de sair tomando decis\u00e3o\u201d, insiste ele. \u201cE, para entendermos o problema, linhas de financiamento j\u00e1 est\u00e3o previstas no PPA\u201d.<\/p>\n","protected":false},"excerpt":{"rendered":"<p>Por Magali Cabral O montante de dinheiro dispon\u00edvel em fundos especificamente criados para lidar com problemas decorrentes da mudan\u00e7a clim\u00e1tica talvez n\u00e3o seja suficiente para fazer a adapta\u00e7\u00e3o avan\u00e7ar. No entanto, uma vez que o investimento para minimizar riscos clim\u00e1ticos n\u00e3o precisa necessariamente trazer a etiqueta da adapta\u00e7\u00e3o para servir a esta finalidade, pode ser [&hellip;]<\/p>\n","protected":false},"author":3,"featured_media":808,"comment_status":"closed","ping_status":"closed","sticky":false,"template":"","format":"standard","meta":{"footnotes":""},"categories":[586],"tags":[139,301,645,598,639,646,151,637,644,162,263,642,638,70,641,632,624,636,643,640],"yoast_head":"<!-- This site is optimized with the Yoast SEO plugin v21.5 - https:\/\/yoast.com\/wordpress\/plugins\/seo\/ -->\n<title>Nas agendas p\u00fablicas de adapta\u00e7\u00e3o, dinheiro n\u00e3o \u00e9 problema \u2013 por enquanto<\/title>\n<meta name=\"description\" content=\"Por Magali Cabral O montante de dinheiro dispon\u00edvel em fundos especificamente criados para lidar com problemas decorrentes da mudan\u00e7a clim\u00e1tica talvez n\u00e3o seja suficiente para fazer a adapta\u00e7\u00e3o avan\u00e7ar. No entanto, uma vez que o investimento para minimizar riscos clim\u00e1ticos n\u00e3o precisa necessariamente trazer a etiqueta da adapta\u00e7\u00e3o para servir a esta finalidade, pode ser&hellip;\" \/>\n<meta name=\"robots\" content=\"index, follow, max-snippet:-1, max-image-preview:large, max-video-preview:-1\" \/>\n<link rel=\"canonical\" href=\"https:\/\/www.p22on.com.br\/2016\/04\/29\/nas-agendas-publicas-de-adaptacao-dinheiro-nao-e-problema-\u2012-por-enquanto\/\" \/>\n<meta property=\"og:locale\" content=\"en_US\" \/>\n<meta property=\"og:type\" content=\"article\" \/>\n<meta property=\"og:title\" content=\"Nas agendas p\u00fablicas de adapta\u00e7\u00e3o, dinheiro n\u00e3o \u00e9 problema \u2013 por enquanto\" \/>\n<meta property=\"og:description\" content=\"Por Magali Cabral O montante de dinheiro dispon\u00edvel em fundos especificamente criados para lidar com problemas decorrentes da mudan\u00e7a clim\u00e1tica talvez n\u00e3o seja suficiente para fazer a adapta\u00e7\u00e3o avan\u00e7ar. No entanto, uma vez que o investimento para minimizar riscos clim\u00e1ticos n\u00e3o precisa necessariamente trazer a etiqueta da adapta\u00e7\u00e3o para servir a esta finalidade, pode ser&hellip;\" \/>\n<meta property=\"og:url\" content=\"https:\/\/www.p22on.com.br\/2016\/04\/29\/nas-agendas-publicas-de-adaptacao-dinheiro-nao-e-problema-\u2012-por-enquanto\/\" \/>\n<meta property=\"og:site_name\" content=\"P22_ON\" \/>\n<meta property=\"article:publisher\" content=\"https:\/\/www.facebook.com\/p22on\" \/>\n<meta property=\"article:published_time\" content=\"2016-04-29T13:36:57+00:00\" \/>\n<meta property=\"article:modified_time\" content=\"2022-02-22T14:57:50+00:00\" \/>\n<meta property=\"og:image\" content=\"https:\/\/www.p22on.com.br\/wp-content\/uploads\/2016\/04\/3676227162_ff6e2abe2e_o.jpg\" \/>\n\t<meta property=\"og:image:width\" content=\"1200\" \/>\n\t<meta property=\"og:image:height\" content=\"800\" \/>\n\t<meta property=\"og:image:type\" content=\"image\/jpeg\" \/>\n<meta name=\"author\" content=\"P\u00e1gina22\" \/>\n<meta name=\"twitter:card\" content=\"summary_large_image\" \/>\n<meta name=\"twitter:creator\" content=\"@p22on\" \/>\n<meta name=\"twitter:site\" content=\"@p22on\" \/>\n<meta name=\"twitter:label1\" content=\"Written by\" \/>\n\t<meta name=\"twitter:data1\" content=\"P\u00e1gina22\" \/>\n\t<meta name=\"twitter:label2\" content=\"Est. reading time\" \/>\n\t<meta name=\"twitter:data2\" content=\"6 minutes\" \/>\n<script type=\"application\/ld+json\" class=\"yoast-schema-graph\">{\"@context\":\"https:\/\/schema.org\",\"@graph\":[{\"@type\":\"WebPage\",\"@id\":\"https:\/\/www.p22on.com.br\/2016\/04\/29\/nas-agendas-publicas-de-adaptacao-dinheiro-nao-e-problema-%e2%80%92-por-enquanto\/\",\"url\":\"https:\/\/www.p22on.com.br\/2016\/04\/29\/nas-agendas-publicas-de-adaptacao-dinheiro-nao-e-problema-%e2%80%92-por-enquanto\/\",\"name\":\"Nas agendas p\u00fablicas de adapta\u00e7\u00e3o, dinheiro n\u00e3o \u00e9 problema \u2013 por enquanto - P22_ON\",\"isPartOf\":{\"@id\":\"https:\/\/www.p22on.com.br\/#website\"},\"datePublished\":\"2016-04-29T13:36:57+00:00\",\"dateModified\":\"2022-02-22T14:57:50+00:00\",\"author\":{\"@id\":\"https:\/\/www.p22on.com.br\/#\/schema\/person\/7fc895a9bd2ec411fd1454b133e7b0da\"},\"breadcrumb\":{\"@id\":\"https:\/\/www.p22on.com.br\/2016\/04\/29\/nas-agendas-publicas-de-adaptacao-dinheiro-nao-e-problema-%e2%80%92-por-enquanto\/#breadcrumb\"},\"inLanguage\":\"en-US\",\"potentialAction\":[{\"@type\":\"ReadAction\",\"target\":[\"https:\/\/www.p22on.com.br\/2016\/04\/29\/nas-agendas-publicas-de-adaptacao-dinheiro-nao-e-problema-%e2%80%92-por-enquanto\/\"]}]},{\"@type\":\"BreadcrumbList\",\"@id\":\"https:\/\/www.p22on.com.br\/2016\/04\/29\/nas-agendas-publicas-de-adaptacao-dinheiro-nao-e-problema-%e2%80%92-por-enquanto\/#breadcrumb\",\"itemListElement\":[{\"@type\":\"ListItem\",\"position\":1,\"name\":\"In\u00edcio\",\"item\":\"https:\/\/www.p22on.com.br\/\"},{\"@type\":\"ListItem\",\"position\":2,\"name\":\"Nas agendas p\u00fablicas de adapta\u00e7\u00e3o, dinheiro n\u00e3o \u00e9 problema \u2013 por enquanto\"}]},{\"@type\":\"WebSite\",\"@id\":\"https:\/\/www.p22on.com.br\/#website\",\"url\":\"https:\/\/www.p22on.com.br\/\",\"name\":\"P22_ON\",\"description\":\"\",\"potentialAction\":[{\"@type\":\"SearchAction\",\"target\":{\"@type\":\"EntryPoint\",\"urlTemplate\":\"https:\/\/www.p22on.com.br\/?s={search_term_string}\"},\"query-input\":\"required name=search_term_string\"}],\"inLanguage\":\"en-US\"},{\"@type\":\"Person\",\"@id\":\"https:\/\/www.p22on.com.br\/#\/schema\/person\/7fc895a9bd2ec411fd1454b133e7b0da\",\"name\":\"P\u00e1gina22\",\"image\":{\"@type\":\"ImageObject\",\"inLanguage\":\"en-US\",\"@id\":\"https:\/\/www.p22on.com.br\/#\/schema\/person\/image\/\",\"url\":\"https:\/\/secure.gravatar.com\/avatar\/75bff9c570b228ec0455ff0788a3e2f4?s=96&d=mm&r=g\",\"contentUrl\":\"https:\/\/secure.gravatar.com\/avatar\/75bff9c570b228ec0455ff0788a3e2f4?s=96&d=mm&r=g\",\"caption\":\"P\u00e1gina22\"},\"url\":\"https:\/\/www.p22on.com.br\/author\/pagina22\/\"}]}<\/script>\n<!-- \/ Yoast SEO plugin. -->","yoast_head_json":{"title":"Nas agendas p\u00fablicas de adapta\u00e7\u00e3o, dinheiro n\u00e3o \u00e9 problema \u2013 por enquanto","description":"Por Magali Cabral O montante de dinheiro dispon\u00edvel em fundos especificamente criados para lidar com problemas decorrentes da mudan\u00e7a clim\u00e1tica talvez n\u00e3o seja suficiente para fazer a adapta\u00e7\u00e3o avan\u00e7ar. No entanto, uma vez que o investimento para minimizar riscos clim\u00e1ticos n\u00e3o precisa necessariamente trazer a etiqueta da adapta\u00e7\u00e3o para servir a esta finalidade, pode ser&hellip;","robots":{"index":"index","follow":"follow","max-snippet":"max-snippet:-1","max-image-preview":"max-image-preview:large","max-video-preview":"max-video-preview:-1"},"canonical":"https:\/\/www.p22on.com.br\/2016\/04\/29\/nas-agendas-publicas-de-adaptacao-dinheiro-nao-e-problema-\u2012-por-enquanto\/","og_locale":"en_US","og_type":"article","og_title":"Nas agendas p\u00fablicas de adapta\u00e7\u00e3o, dinheiro n\u00e3o \u00e9 problema \u2013 por enquanto","og_description":"Por Magali Cabral O montante de dinheiro dispon\u00edvel em fundos especificamente criados para lidar com problemas decorrentes da mudan\u00e7a clim\u00e1tica talvez n\u00e3o seja suficiente para fazer a adapta\u00e7\u00e3o avan\u00e7ar. No entanto, uma vez que o investimento para minimizar riscos clim\u00e1ticos n\u00e3o precisa necessariamente trazer a etiqueta da adapta\u00e7\u00e3o para servir a esta finalidade, pode ser&hellip;","og_url":"https:\/\/www.p22on.com.br\/2016\/04\/29\/nas-agendas-publicas-de-adaptacao-dinheiro-nao-e-problema-\u2012-por-enquanto\/","og_site_name":"P22_ON","article_publisher":"https:\/\/www.facebook.com\/p22on","article_published_time":"2016-04-29T13:36:57+00:00","article_modified_time":"2022-02-22T14:57:50+00:00","og_image":[{"width":1200,"height":800,"url":"https:\/\/www.p22on.com.br\/wp-content\/uploads\/2016\/04\/3676227162_ff6e2abe2e_o.jpg","type":"image\/jpeg"}],"author":"P\u00e1gina22","twitter_card":"summary_large_image","twitter_creator":"@p22on","twitter_site":"@p22on","twitter_misc":{"Written by":"P\u00e1gina22","Est. reading time":"6 minutes"},"schema":{"@context":"https:\/\/schema.org","@graph":[{"@type":"WebPage","@id":"https:\/\/www.p22on.com.br\/2016\/04\/29\/nas-agendas-publicas-de-adaptacao-dinheiro-nao-e-problema-%e2%80%92-por-enquanto\/","url":"https:\/\/www.p22on.com.br\/2016\/04\/29\/nas-agendas-publicas-de-adaptacao-dinheiro-nao-e-problema-%e2%80%92-por-enquanto\/","name":"Nas agendas p\u00fablicas de adapta\u00e7\u00e3o, dinheiro n\u00e3o \u00e9 problema \u2013 por enquanto - P22_ON","isPartOf":{"@id":"https:\/\/www.p22on.com.br\/#website"},"datePublished":"2016-04-29T13:36:57+00:00","dateModified":"2022-02-22T14:57:50+00:00","author":{"@id":"https:\/\/www.p22on.com.br\/#\/schema\/person\/7fc895a9bd2ec411fd1454b133e7b0da"},"breadcrumb":{"@id":"https:\/\/www.p22on.com.br\/2016\/04\/29\/nas-agendas-publicas-de-adaptacao-dinheiro-nao-e-problema-%e2%80%92-por-enquanto\/#breadcrumb"},"inLanguage":"en-US","potentialAction":[{"@type":"ReadAction","target":["https:\/\/www.p22on.com.br\/2016\/04\/29\/nas-agendas-publicas-de-adaptacao-dinheiro-nao-e-problema-%e2%80%92-por-enquanto\/"]}]},{"@type":"BreadcrumbList","@id":"https:\/\/www.p22on.com.br\/2016\/04\/29\/nas-agendas-publicas-de-adaptacao-dinheiro-nao-e-problema-%e2%80%92-por-enquanto\/#breadcrumb","itemListElement":[{"@type":"ListItem","position":1,"name":"In\u00edcio","item":"https:\/\/www.p22on.com.br\/"},{"@type":"ListItem","position":2,"name":"Nas agendas p\u00fablicas de adapta\u00e7\u00e3o, dinheiro n\u00e3o \u00e9 problema \u2013 por enquanto"}]},{"@type":"WebSite","@id":"https:\/\/www.p22on.com.br\/#website","url":"https:\/\/www.p22on.com.br\/","name":"P22_ON","description":"","potentialAction":[{"@type":"SearchAction","target":{"@type":"EntryPoint","urlTemplate":"https:\/\/www.p22on.com.br\/?s={search_term_string}"},"query-input":"required name=search_term_string"}],"inLanguage":"en-US"},{"@type":"Person","@id":"https:\/\/www.p22on.com.br\/#\/schema\/person\/7fc895a9bd2ec411fd1454b133e7b0da","name":"P\u00e1gina22","image":{"@type":"ImageObject","inLanguage":"en-US","@id":"https:\/\/www.p22on.com.br\/#\/schema\/person\/image\/","url":"https:\/\/secure.gravatar.com\/avatar\/75bff9c570b228ec0455ff0788a3e2f4?s=96&d=mm&r=g","contentUrl":"https:\/\/secure.gravatar.com\/avatar\/75bff9c570b228ec0455ff0788a3e2f4?s=96&d=mm&r=g","caption":"P\u00e1gina22"},"url":"https:\/\/www.p22on.com.br\/author\/pagina22\/"}]}},"_links":{"self":[{"href":"https:\/\/www.p22on.com.br\/wp-json\/wp\/v2\/posts\/795"}],"collection":[{"href":"https:\/\/www.p22on.com.br\/wp-json\/wp\/v2\/posts"}],"about":[{"href":"https:\/\/www.p22on.com.br\/wp-json\/wp\/v2\/types\/post"}],"author":[{"embeddable":true,"href":"https:\/\/www.p22on.com.br\/wp-json\/wp\/v2\/users\/3"}],"replies":[{"embeddable":true,"href":"https:\/\/www.p22on.com.br\/wp-json\/wp\/v2\/comments?post=795"}],"version-history":[{"count":7,"href":"https:\/\/www.p22on.com.br\/wp-json\/wp\/v2\/posts\/795\/revisions"}],"predecessor-version":[{"id":4000,"href":"https:\/\/www.p22on.com.br\/wp-json\/wp\/v2\/posts\/795\/revisions\/4000"}],"wp:featuredmedia":[{"embeddable":true,"href":"https:\/\/www.p22on.com.br\/wp-json\/wp\/v2\/media\/808"}],"wp:attachment":[{"href":"https:\/\/www.p22on.com.br\/wp-json\/wp\/v2\/media?parent=795"}],"wp:term":[{"taxonomy":"category","embeddable":true,"href":"https:\/\/www.p22on.com.br\/wp-json\/wp\/v2\/categories?post=795"},{"taxonomy":"post_tag","embeddable":true,"href":"https:\/\/www.p22on.com.br\/wp-json\/wp\/v2\/tags?post=795"}],"curies":[{"name":"wp","href":"https:\/\/api.w.org\/{rel}","templated":true}]}}