{"id":994,"date":"2016-06-29T12:49:39","date_gmt":"2016-06-29T15:49:39","guid":{"rendered":"http:\/\/www.p22on.com.br\/?p=994"},"modified":"2022-02-22T11:39:18","modified_gmt":"2022-02-22T14:39:18","slug":"vamos-falar-sobre-carbono","status":"publish","type":"post","link":"https:\/\/www.p22on.com.br\/2016\/06\/29\/vamos-falar-sobre-carbono\/","title":{"rendered":"Vamos combater o aquecimento global na pr\u00e1tica?"},"content":{"rendered":"<p style=\"text-align: justify;\"><em>por Am\u00e1lia Safatle<\/em><\/p>\n<p style=\"text-align: justify;\">As pessoas em geral podem at\u00e9 n\u00e3o saber exatamente o que significa gest\u00e3o de emiss\u00f5es de carbono, mas a mudan\u00e7a do clima figura entre as suas maiores preocupa\u00e7\u00f5es \u2013 em especial no Brasil.<\/p>\n<figure id=\"attachment_1016\" aria-describedby=\"caption-attachment-1016\" style=\"width: 300px\" class=\"wp-caption alignleft\"><a href=\"http:\/\/www.p22on.com.br\/wp-content\/uploads\/2016\/06\/Andreas-Levers.jpg\"><img loading=\"lazy\" decoding=\"async\" class=\"size-medium wp-image-1016\" src=\"http:\/\/www.p22on.com.br\/wp-content\/uploads\/2016\/06\/Andreas-Levers-300x200.jpg\" alt=\"Foto Andreas Levers\" width=\"300\" height=\"200\" srcset=\"https:\/\/www.p22on.com.br\/wp-content\/uploads\/2016\/06\/Andreas-Levers-300x200.jpg 300w, https:\/\/www.p22on.com.br\/wp-content\/uploads\/2016\/06\/Andreas-Levers.jpg 640w\" sizes=\"(max-width: 300px) 100vw, 300px\" \/><\/a><figcaption id=\"caption-attachment-1016\" class=\"wp-caption-text\">Foto Andreas Levers<\/figcaption><\/figure>\n<p style=\"text-align: justify;\">Algumas pesquisas comprovam isso. Em 2015, o <em>think tank<\/em> americano <a href=\"http:\/\/www.pewresearch.org\/\" target=\"_blank\" rel=\"noopener\">Pew Researh Center<\/a> ouviu 45.435 pessoas em 40 pa\u00edses e <a href=\"http:\/\/www.pewglobal.org\/2015\/07\/14\/climate-change-seen-as-top-global-threat\/\" target=\"_blank\" rel=\"noopener\">concluiu<\/a> que a mudan\u00e7a clim\u00e1tica \u00e9 o maior motivo de apreens\u00e3o no mundo, se comparada a outras amea\u00e7as com reflexos na ordem global \u2013 como a instabilidade econ\u00f4mica, o terrorismo do Estado Isl\u00e2mico, o programa nuclear do Ir\u00e3, os ciberataques a governos ou empresas, as tens\u00f5es entre a R\u00fassia e seus vizinhos e as disputas territoriais entre a China e pa\u00edses de fronteira.<\/p>\n<p style=\"text-align: justify;\">Entre todos os pa\u00edses pesquisados, o Brasil mostrou um dos mais altos \u00edndices de preocupa\u00e7\u00e3o com a mudan\u00e7a do clima (75%). Este ano, <a href=\"http:\/\/www.pewresearch.org\/fact-tank\/2016\/04\/18\/what-the-world-thinks-about-climate-change-in-7-charts\/\" target=\"_blank\" rel=\"noopener\">novas pesquisas<\/a> atestam que o problema \u00e9 visto como muito s\u00e9rio por 80% da popula\u00e7\u00e3o brasileira.<\/p>\n<p style=\"text-align: justify;\">Isso posto, como partir para a solu\u00e7\u00e3o?<\/p>\n<p style=\"text-align: justify;\">A ci\u00eancia fornece a cada dia dados mais completos e robustos sobre o fen\u00f4meno clim\u00e1tico e como este prejudica a vida da popula\u00e7\u00e3o em todo o mundo. As pr\u00f3prias pessoas t\u00eam sentido esse impacto em seu cotidiano, o que explicaria em boa parte a apreens\u00e3o que demonstram a respeito desse assunto. O Nordeste brasileiro, por exemplo, sofreu secas nunca antes vistas, a Regi\u00e3o Sul registrou intensas inunda\u00e7\u00f5es, as ondas de calor e frio t\u00eam sido cada vez mais acentuadas e frequentes (<em>saiba mais na edi\u00e7\u00e3o de<\/em> <a href=\"http:\/\/www.p22on.com.br\/adaptacao\/\" target=\"_blank\" rel=\"noopener\">P22_ON Adapta\u00e7\u00e3o<\/a>).<\/p>\n<figure id=\"attachment_1010\" aria-describedby=\"caption-attachment-1010\" style=\"width: 563px\" class=\"wp-caption aligncenter\"><a href=\"http:\/\/www.p22on.com.br\/wp-content\/uploads\/2016\/06\/Imagem1.jpg\"><img loading=\"lazy\" decoding=\"async\" class=\" wp-image-1010\" src=\"http:\/\/www.p22on.com.br\/wp-content\/uploads\/2016\/06\/Imagem1.jpg\" alt=\"A eleva\u00e7\u00e3o da temperatura \u00e9 desigual no mundo e o Brasil \u00e9 um dos pa\u00edses mais afetados\" width=\"563\" height=\"389\" srcset=\"https:\/\/www.p22on.com.br\/wp-content\/uploads\/2016\/06\/Imagem1.jpg 465w, https:\/\/www.p22on.com.br\/wp-content\/uploads\/2016\/06\/Imagem1-300x207.jpg 300w\" sizes=\"(max-width: 563px) 100vw, 563px\" \/><\/a><figcaption id=\"caption-attachment-1010\" class=\"wp-caption-text\">A eleva\u00e7\u00e3o da temperatura \u00e9 desigual no mundo e o Brasil \u00e9 um dos pa\u00edses mais afetados<\/figcaption><\/figure>\n<p style=\"text-align: justify;\">Mas, apesar de todo o avan\u00e7o no conhecimento, grande parte da popula\u00e7\u00e3o continua confusa, sem acesso a informa\u00e7\u00f5es claras. N\u00e3o se sabe exatamente de quem \u00e9 a responsabilidade, como o desafio deve ser partilhado entre os diversos atores da sociedade, e de que forma cada um desses <em>players<\/em>, inclusive o cidad\u00e3o comum, pode e deve contribuir. E tamb\u00e9m porque a incerteza de como essas mudan\u00e7as impactar\u00e3o no cotidiano de cada um aumenta ainda mais a press\u00e3o em torno da tem\u00e1tica.<\/p>\n<p style=\"text-align: justify;\">\u00c9 a\u00ed que come\u00e7amos a falar sobre gest\u00e3o de emiss\u00f5es. Neste in\u00edcio de conversa, antes de mais nada, \u00e9 preciso descobrir o tamanho do problema. Como se pode enfrentar o desafio da mudan\u00e7a do clima sem saber informa\u00e7\u00f5es exatas sobre os <a href=\"http:\/\/www.p22on.com.br\/pb\/2016\/06\/29\/bau-4\" target=\"_blank\" rel=\"noopener\">gases de efeito estufa (GEE)<\/a> que s\u00e3o emitidos na produ\u00e7\u00e3o de um determinado bem ou na presta\u00e7\u00e3o de um servi\u00e7o? Ou de uma empresa? Ou de um setor? Ou ainda de uma cidade? Estado? Pa\u00eds?<\/p>\n<p style=\"text-align: justify;\">No campo da mudan\u00e7a clim\u00e1tica, existe ao menos uma certeza: a de que n\u00e3o se consegue gerir o problema sem antes dimension\u00e1-lo. Para reduzir as emiss\u00f5es de gases e assim combater o aumento da temperatura no planeta \u00e9 preciso dar um passo atr\u00e1s \u2013 identificar suas fontes e medir a sua quantidade. Depois, informar essa quantidade usando padr\u00f5es compreendidos em todo o mundo. E, em seguida, atestar a veracidade e confiabilidade dessas informa\u00e7\u00f5es. Esse processo \u00e9 o que se chama tecnicamente de <a href=\"http:\/\/www.p22on.com.br\/pb\/2016\/06\/29\/bau-4\" target=\"_blank\" rel=\"noopener\">MRV<\/a>: mensura\u00e7\u00e3o, relato e verifica\u00e7\u00e3o.<\/p>\n<p style=\"text-align: justify;\">Os c\u00e1lculos s\u00e3o mais complexos do que podem parecer. As emiss\u00f5es de um pa\u00eds n\u00e3o s\u00e3o simplesmente a soma das emiss\u00f5es de seus estados. Tampouco as emiss\u00f5es de uma empresa resultam da soma das emiss\u00f5es geradas por todos os seus produtos.<\/p>\n<p style=\"text-align: justify;\">A boa not\u00edcia \u00e9 que h\u00e1 um grande empenho em n\u00edvel nacional e internacional voltado para a cria\u00e7\u00e3o de sistemas, m\u00e9todos e ferramentas que permitem traduzir a vida real em n\u00fameros gerenci\u00e1veis.<\/p>\n<p style=\"text-align: justify;\">Esse empenho ganhou not\u00e1vel impulso na COP 3 (em 1997), a Confer\u00eancia do Clima das Na\u00e7\u00f5es Unidas que criou o Protocolo de Kyoto, mas ainda maior visibilidade e import\u00e2ncia na COP 21, realizada em Paris em dezembro de 2015, na qual as na\u00e7\u00f5es apresentaram metas de redu\u00e7\u00e3o por meio da INDC \u2013 sigla em ingl\u00eas para Contribui\u00e7\u00e3o Nacionalmente Determinada Pretendida.<\/p>\n<p style=\"text-align: justify;\">O Brasil, por exemplo, prop\u00f4s-se a reduzir em 43% as emiss\u00f5es de GEE em 2030 em rela\u00e7\u00e3o aos n\u00edveis de 2005. A meta global \u00e9 frear o aumento da temperatura muito abaixo de 2 graus at\u00e9 em rela\u00e7\u00e3o aos n\u00edveis pr\u00e9-industriais, com esfor\u00e7o para que se limite a 1,5 grau (s<em>aiba mais sobre metas e prazos do acordo<\/em> <a href=\"https:\/\/www.facebook.com\/WWFBrasil\/videos\/10154281074016803\/\">neste v\u00eddeo<\/a>).<\/p>\n<p style=\"text-align: justify;\">Com a INDC, as na\u00e7\u00f5es s\u00e3o levadas a publicar invent\u00e1rios e a exigir o mesmo empenho nas esferas subnacionais e locais. Isso acaba gerando uma press\u00e3o em cascata para que os setores empresariais e governamentais tamb\u00e9m o fa\u00e7am. No caso das empresas, al\u00e9m dos invent\u00e1rios corporativos de g\u00e1s de efeito estufa, algumas j\u00e1 avan\u00e7am em sua gest\u00e3o a partir do <a href=\"http:\/\/www.p22on.com.br\/pb\/2016\/06\/29\/bau-4\" target=\"_blank\" rel=\"noopener\">Pensamento de Ciclo de Vida<\/a>. \u00c9 um modo de pensar que vai al\u00e9m das fronteiras da pr\u00f3pria empresa e considera seus impactos ambientais (carbono e outros) ao longo de toda a cadeia e a partir da vis\u00e3o do produto, desde a extra\u00e7\u00e3o e o uso dos insumos (ber\u00e7o) at\u00e9 a sua disposi\u00e7\u00e3o final (t\u00famulo).<\/p>\n<p style=\"text-align: justify;\">O acordo mundial, entretanto, n\u00e3o \u00e9 a \u00fanica tra\u00e7\u00e3o desse movimento. H\u00e1 diversas raz\u00f5es para governos e organiza\u00e7\u00f5es mitigarem as emiss\u00f5es. A principal e mais nobre delas, naturalmente, \u00e9 a defesa da vida na Terra e a sobreviv\u00eancia da pr\u00f3pria esp\u00e9cie humana. Mas tamb\u00e9m h\u00e1 motiva\u00e7\u00f5es de ordem comercial e busca de competitividade por parte das organiza\u00e7\u00f5es e dos governos. Em jogo est\u00e1 uma gama de novas oportunidades de neg\u00f3cio, como o acesso a cr\u00e9dito e a mercados internacionais cada vez mais voltados para a economia de baixo carbono \u2013 em que menos (emiss\u00f5es) \u00e9 mais.<\/p>\n<p style=\"text-align: justify;\">Esta edi\u00e7\u00e3o de P22_ON trata do papel de cada um desses atores, mostrando o que tem sido feito para medir e gerenciar o agravamento da mudan\u00e7a no clima gerado por suas a\u00e7\u00f5es, e tamb\u00e9m a contribui\u00e7\u00e3o positiva que podem dar \u2013 desde o <a href=\"http:\/\/www.p22on.com.br\/2016\/06\/29\/diante-de-tanta-informacao-o-comprador-deve-exigir-uma-comunicacao-mais-util-e-clara\/\" target=\"_blank\" rel=\"noopener\">consumidor<\/a> final at\u00e9 os <a href=\"http:\/\/www.p22on.com.br\/2016\/06\/29\/apos-as-promessas-em-paris-cabe-ao-governo-por-em-pratica-politicas-para-mitigacao-e-trabalhar-junto-com-os-setores-economicos\/\" target=\"_blank\" rel=\"noopener\">governos<\/a>, passando pelas <a href=\"http:\/\/www.p22on.com.br\/2016\/06\/29\/pressao-de-todos-os-lados\/\" target=\"_blank\" rel=\"noopener\">empresas<\/a> e pelos <a href=\"http:\/\/www.p22on.com.br\/2016\/06\/29\/campanhas-de-desinvestimento-em-fosseis-aumentam-a-relevancia-de-estrategias-corporativas-de-combate-a-mudanca-do-clima\/\" target=\"_blank\" rel=\"noopener\">investidores<\/a>.<\/p>\n<p style=\"text-align: justify;\">E mostra ainda os m\u00e9todos e ferramentas que t\u00eam sido continuamente aprimorados para viabilizar essa desafiadora transi\u00e7\u00e3o para uma nova economia.<\/p>\n<p style=\"text-align: justify;\">Dessa forma, os temores gerados pelo aquecimento global ser\u00e3o superados pelas boas oportunidades que essa economia \u00e9 capaz de proporcionar \u00e0 sociedade.<\/p>\n","protected":false},"excerpt":{"rendered":"<p>por Am\u00e1lia Safatle As pessoas em geral podem at\u00e9 n\u00e3o saber exatamente o que significa gest\u00e3o de emiss\u00f5es de carbono, mas a mudan\u00e7a do clima figura entre as suas maiores preocupa\u00e7\u00f5es \u2013 em especial no Brasil. Foto Andreas Levers Algumas pesquisas comprovam isso. Em 2015, o think tank americano Pew Researh Center ouviu 45.435 pessoas [&hellip;]<\/p>\n","protected":false},"author":3,"featured_media":1011,"comment_status":"closed","ping_status":"closed","sticky":false,"template":"","format":"standard","meta":{"footnotes":""},"categories":[874],"tags":[43,661,769,767,766,679,49,763,768,171,764,903,35],"yoast_head":"<!-- This site is optimized with the Yoast SEO plugin v21.5 - https:\/\/yoast.com\/wordpress\/plugins\/seo\/ -->\n<title>Vamos combater o aquecimento global na pr\u00e1tica?<\/title>\n<meta name=\"description\" content=\"por Am\u00e1lia Safatle As pessoas em geral podem at\u00e9 n\u00e3o saber exatamente o que significa gest\u00e3o de emiss\u00f5es de carbono, mas a mudan\u00e7a do clima figura entre as suas maiores preocupa\u00e7\u00f5es \u2013 em especial no Brasil. [caption id=&quot;attachment_1016&quot; align=&quot;alignleft&quot; width=&quot;300&quot;] Foto Andreas Levers[\/caption] Algumas pesquisas comprovam isso. Em 2015, o think tank americano Pew Researh&hellip;\" \/>\n<meta name=\"robots\" content=\"index, follow, max-snippet:-1, max-image-preview:large, max-video-preview:-1\" \/>\n<link rel=\"canonical\" href=\"https:\/\/www.p22on.com.br\/2016\/06\/29\/vamos-falar-sobre-carbono\/\" \/>\n<meta property=\"og:locale\" content=\"en_US\" \/>\n<meta property=\"og:type\" content=\"article\" \/>\n<meta property=\"og:title\" content=\"Vamos combater o aquecimento global na pr\u00e1tica?\" \/>\n<meta property=\"og:description\" content=\"por Am\u00e1lia Safatle As pessoas em geral podem at\u00e9 n\u00e3o saber exatamente o que significa gest\u00e3o de emiss\u00f5es de carbono, mas a mudan\u00e7a do clima figura entre as suas maiores preocupa\u00e7\u00f5es \u2013 em especial no Brasil. [caption id=&quot;attachment_1016&quot; align=&quot;alignleft&quot; width=&quot;300&quot;] Foto Andreas Levers[\/caption] Algumas pesquisas comprovam isso. Em 2015, o think tank americano Pew Researh&hellip;\" \/>\n<meta property=\"og:url\" content=\"https:\/\/www.p22on.com.br\/2016\/06\/29\/vamos-falar-sobre-carbono\/\" \/>\n<meta property=\"og:site_name\" content=\"P22_ON\" \/>\n<meta property=\"article:publisher\" content=\"https:\/\/www.facebook.com\/p22on\" \/>\n<meta property=\"article:published_time\" content=\"2016-06-29T15:49:39+00:00\" \/>\n<meta property=\"article:modified_time\" content=\"2022-02-22T14:39:18+00:00\" \/>\n<meta property=\"og:image\" content=\"https:\/\/www.p22on.com.br\/wp-content\/uploads\/2016\/06\/haley.jpg\" \/>\n\t<meta property=\"og:image:width\" content=\"640\" \/>\n\t<meta property=\"og:image:height\" content=\"424\" \/>\n\t<meta property=\"og:image:type\" content=\"image\/jpeg\" \/>\n<meta name=\"author\" content=\"P\u00e1gina22\" \/>\n<meta name=\"twitter:card\" content=\"summary_large_image\" \/>\n<meta name=\"twitter:creator\" content=\"@p22on\" \/>\n<meta name=\"twitter:site\" content=\"@p22on\" \/>\n<meta name=\"twitter:label1\" content=\"Written by\" \/>\n\t<meta name=\"twitter:data1\" content=\"P\u00e1gina22\" \/>\n\t<meta name=\"twitter:label2\" content=\"Est. reading time\" \/>\n\t<meta name=\"twitter:data2\" content=\"6 minutes\" \/>\n<script type=\"application\/ld+json\" class=\"yoast-schema-graph\">{\"@context\":\"https:\/\/schema.org\",\"@graph\":[{\"@type\":\"WebPage\",\"@id\":\"https:\/\/www.p22on.com.br\/2016\/06\/29\/vamos-falar-sobre-carbono\/\",\"url\":\"https:\/\/www.p22on.com.br\/2016\/06\/29\/vamos-falar-sobre-carbono\/\",\"name\":\"Vamos combater o aquecimento global na pr\u00e1tica? - P22_ON\",\"isPartOf\":{\"@id\":\"https:\/\/www.p22on.com.br\/#website\"},\"datePublished\":\"2016-06-29T15:49:39+00:00\",\"dateModified\":\"2022-02-22T14:39:18+00:00\",\"author\":{\"@id\":\"https:\/\/www.p22on.com.br\/#\/schema\/person\/7fc895a9bd2ec411fd1454b133e7b0da\"},\"breadcrumb\":{\"@id\":\"https:\/\/www.p22on.com.br\/2016\/06\/29\/vamos-falar-sobre-carbono\/#breadcrumb\"},\"inLanguage\":\"en-US\",\"potentialAction\":[{\"@type\":\"ReadAction\",\"target\":[\"https:\/\/www.p22on.com.br\/2016\/06\/29\/vamos-falar-sobre-carbono\/\"]}]},{\"@type\":\"BreadcrumbList\",\"@id\":\"https:\/\/www.p22on.com.br\/2016\/06\/29\/vamos-falar-sobre-carbono\/#breadcrumb\",\"itemListElement\":[{\"@type\":\"ListItem\",\"position\":1,\"name\":\"In\u00edcio\",\"item\":\"https:\/\/www.p22on.com.br\/\"},{\"@type\":\"ListItem\",\"position\":2,\"name\":\"Vamos combater o aquecimento global na pr\u00e1tica?\"}]},{\"@type\":\"WebSite\",\"@id\":\"https:\/\/www.p22on.com.br\/#website\",\"url\":\"https:\/\/www.p22on.com.br\/\",\"name\":\"P22_ON\",\"description\":\"\",\"potentialAction\":[{\"@type\":\"SearchAction\",\"target\":{\"@type\":\"EntryPoint\",\"urlTemplate\":\"https:\/\/www.p22on.com.br\/?s={search_term_string}\"},\"query-input\":\"required name=search_term_string\"}],\"inLanguage\":\"en-US\"},{\"@type\":\"Person\",\"@id\":\"https:\/\/www.p22on.com.br\/#\/schema\/person\/7fc895a9bd2ec411fd1454b133e7b0da\",\"name\":\"P\u00e1gina22\",\"image\":{\"@type\":\"ImageObject\",\"inLanguage\":\"en-US\",\"@id\":\"https:\/\/www.p22on.com.br\/#\/schema\/person\/image\/\",\"url\":\"https:\/\/secure.gravatar.com\/avatar\/75bff9c570b228ec0455ff0788a3e2f4?s=96&d=mm&r=g\",\"contentUrl\":\"https:\/\/secure.gravatar.com\/avatar\/75bff9c570b228ec0455ff0788a3e2f4?s=96&d=mm&r=g\",\"caption\":\"P\u00e1gina22\"},\"url\":\"https:\/\/www.p22on.com.br\/author\/pagina22\/\"}]}<\/script>\n<!-- \/ Yoast SEO plugin. -->","yoast_head_json":{"title":"Vamos combater o aquecimento global na pr\u00e1tica?","description":"por Am\u00e1lia Safatle As pessoas em geral podem at\u00e9 n\u00e3o saber exatamente o que significa gest\u00e3o de emiss\u00f5es de carbono, mas a mudan\u00e7a do clima figura entre as suas maiores preocupa\u00e7\u00f5es \u2013 em especial no Brasil. [caption id=\"attachment_1016\" align=\"alignleft\" width=\"300\"] Foto Andreas Levers[\/caption] Algumas pesquisas comprovam isso. Em 2015, o think tank americano Pew Researh&hellip;","robots":{"index":"index","follow":"follow","max-snippet":"max-snippet:-1","max-image-preview":"max-image-preview:large","max-video-preview":"max-video-preview:-1"},"canonical":"https:\/\/www.p22on.com.br\/2016\/06\/29\/vamos-falar-sobre-carbono\/","og_locale":"en_US","og_type":"article","og_title":"Vamos combater o aquecimento global na pr\u00e1tica?","og_description":"por Am\u00e1lia Safatle As pessoas em geral podem at\u00e9 n\u00e3o saber exatamente o que significa gest\u00e3o de emiss\u00f5es de carbono, mas a mudan\u00e7a do clima figura entre as suas maiores preocupa\u00e7\u00f5es \u2013 em especial no Brasil. [caption id=\"attachment_1016\" align=\"alignleft\" width=\"300\"] Foto Andreas Levers[\/caption] Algumas pesquisas comprovam isso. Em 2015, o think tank americano Pew Researh&hellip;","og_url":"https:\/\/www.p22on.com.br\/2016\/06\/29\/vamos-falar-sobre-carbono\/","og_site_name":"P22_ON","article_publisher":"https:\/\/www.facebook.com\/p22on","article_published_time":"2016-06-29T15:49:39+00:00","article_modified_time":"2022-02-22T14:39:18+00:00","og_image":[{"width":640,"height":424,"url":"https:\/\/www.p22on.com.br\/wp-content\/uploads\/2016\/06\/haley.jpg","type":"image\/jpeg"}],"author":"P\u00e1gina22","twitter_card":"summary_large_image","twitter_creator":"@p22on","twitter_site":"@p22on","twitter_misc":{"Written by":"P\u00e1gina22","Est. reading time":"6 minutes"},"schema":{"@context":"https:\/\/schema.org","@graph":[{"@type":"WebPage","@id":"https:\/\/www.p22on.com.br\/2016\/06\/29\/vamos-falar-sobre-carbono\/","url":"https:\/\/www.p22on.com.br\/2016\/06\/29\/vamos-falar-sobre-carbono\/","name":"Vamos combater o aquecimento global na pr\u00e1tica? - P22_ON","isPartOf":{"@id":"https:\/\/www.p22on.com.br\/#website"},"datePublished":"2016-06-29T15:49:39+00:00","dateModified":"2022-02-22T14:39:18+00:00","author":{"@id":"https:\/\/www.p22on.com.br\/#\/schema\/person\/7fc895a9bd2ec411fd1454b133e7b0da"},"breadcrumb":{"@id":"https:\/\/www.p22on.com.br\/2016\/06\/29\/vamos-falar-sobre-carbono\/#breadcrumb"},"inLanguage":"en-US","potentialAction":[{"@type":"ReadAction","target":["https:\/\/www.p22on.com.br\/2016\/06\/29\/vamos-falar-sobre-carbono\/"]}]},{"@type":"BreadcrumbList","@id":"https:\/\/www.p22on.com.br\/2016\/06\/29\/vamos-falar-sobre-carbono\/#breadcrumb","itemListElement":[{"@type":"ListItem","position":1,"name":"In\u00edcio","item":"https:\/\/www.p22on.com.br\/"},{"@type":"ListItem","position":2,"name":"Vamos combater o aquecimento global na pr\u00e1tica?"}]},{"@type":"WebSite","@id":"https:\/\/www.p22on.com.br\/#website","url":"https:\/\/www.p22on.com.br\/","name":"P22_ON","description":"","potentialAction":[{"@type":"SearchAction","target":{"@type":"EntryPoint","urlTemplate":"https:\/\/www.p22on.com.br\/?s={search_term_string}"},"query-input":"required name=search_term_string"}],"inLanguage":"en-US"},{"@type":"Person","@id":"https:\/\/www.p22on.com.br\/#\/schema\/person\/7fc895a9bd2ec411fd1454b133e7b0da","name":"P\u00e1gina22","image":{"@type":"ImageObject","inLanguage":"en-US","@id":"https:\/\/www.p22on.com.br\/#\/schema\/person\/image\/","url":"https:\/\/secure.gravatar.com\/avatar\/75bff9c570b228ec0455ff0788a3e2f4?s=96&d=mm&r=g","contentUrl":"https:\/\/secure.gravatar.com\/avatar\/75bff9c570b228ec0455ff0788a3e2f4?s=96&d=mm&r=g","caption":"P\u00e1gina22"},"url":"https:\/\/www.p22on.com.br\/author\/pagina22\/"}]}},"_links":{"self":[{"href":"https:\/\/www.p22on.com.br\/wp-json\/wp\/v2\/posts\/994"}],"collection":[{"href":"https:\/\/www.p22on.com.br\/wp-json\/wp\/v2\/posts"}],"about":[{"href":"https:\/\/www.p22on.com.br\/wp-json\/wp\/v2\/types\/post"}],"author":[{"embeddable":true,"href":"https:\/\/www.p22on.com.br\/wp-json\/wp\/v2\/users\/3"}],"replies":[{"embeddable":true,"href":"https:\/\/www.p22on.com.br\/wp-json\/wp\/v2\/comments?post=994"}],"version-history":[{"count":12,"href":"https:\/\/www.p22on.com.br\/wp-json\/wp\/v2\/posts\/994\/revisions"}],"predecessor-version":[{"id":3980,"href":"https:\/\/www.p22on.com.br\/wp-json\/wp\/v2\/posts\/994\/revisions\/3980"}],"wp:featuredmedia":[{"embeddable":true,"href":"https:\/\/www.p22on.com.br\/wp-json\/wp\/v2\/media\/1011"}],"wp:attachment":[{"href":"https:\/\/www.p22on.com.br\/wp-json\/wp\/v2\/media?parent=994"}],"wp:term":[{"taxonomy":"category","embeddable":true,"href":"https:\/\/www.p22on.com.br\/wp-json\/wp\/v2\/categories?post=994"},{"taxonomy":"post_tag","embeddable":true,"href":"https:\/\/www.p22on.com.br\/wp-json\/wp\/v2\/tags?post=994"}],"curies":[{"name":"wp","href":"https:\/\/api.w.org\/{rel}","templated":true}]}}